{"id":52541,"date":"2025-08-17T01:01:09","date_gmt":"2025-08-17T01:01:09","guid":{"rendered":"https:\/\/www.europesays.com\/es\/52541\/"},"modified":"2025-08-17T01:01:09","modified_gmt":"2025-08-17T01:01:09","slug":"con-messi-y-de-paul-en-cancha-inter-miami-le-gana-a-los-angeles-galaxy-por-la-mls","status":"publish","type":"post","link":"https:\/\/www.europesays.com\/es\/52541\/","title":{"rendered":"Con Messi y De Paul en cancha, Inter Miami le gana a Los \u00c1ngeles Galaxy por la MLS"},"content":{"rendered":"<p class=\"paragraph\"><b>Inter Miami<\/b>, con el esperado retorno de <b>Lionel Messi <\/b>a las canchas luego de una lesi\u00f3n muscular, recibe en el Chase Center de Fort Lauderdale a <b>Los Angeles Galaxy<\/b> por una nueva fecha de la <b>Major League Soccer<\/b> <b>(MLS)<\/b>. El encuentro es transmitido en vivo por Apple TV. El astro argentino, junto a <b>Rodrigo De Paul<\/b>, ingresaron desde el banco de suplentes en el entretiempo.<\/p>\n<p class=\"paragraph\">El arranque del enfrentamiento tuvo a Las Garzas activas en la zona ofensiva liderada por <b>Luis Su\u00e1rez<\/b>. El Pistolero tuvo una importante chance de gol antes de los cinco minutos de partido: control\u00f3 de pecho dentro del \u00e1rea, pero desvi\u00f3 su remate de volea. Inmediatamente, el equipo de <b>Javier Mascherano<\/b> sigui\u00f3 apretando a su rival e hizo trabajar al arquero <b>Novak Micovic<\/b> en varias oportunidades. <\/p>\n<p class=\"paragraph\">En medio de un contexto en el que el Inter Miami estaba arrollando a Los Angeles Galaxy, el delantero uruguayo estrell\u00f3 un remate en el poste. A pesar de 15 minutos en los que el elenco local fue notablemente superior y pis\u00f3 el \u00e1rea rival constantemente, no pudo adelantarse en el marcador. Desde entonces, la visita logr\u00f3 equilibrar el desarrollo del juego, aunque no pudo generar peligro en el arco de <b>Oscar Ustari<\/b>. <\/p>\n<p class=\"paragraph\">A la media hora de juego volvi\u00f3 a aparecer Luis Su\u00e1rez con una genialidad. El Pistolero recibi\u00f3 en el borde del \u00e1rea chica y, al quedar de espalda al arco, <b>tir\u00f3 un taco sensacional para asistir a Telasco Segovia<\/b>, quien \u00fanicamente tuvo que empujar el bal\u00f3n para marcar. Sin embargo, el tanto no subi\u00f3 al marcador por un fuera de juego previo del propio venezolano. <\/p>\n<p class=\"paragraph\">Antes del cierre de la primera etapa, <b>Inter Miami logr\u00f3 adelantarse en el partido de la mano de Jordi Alba<\/b>. En una jugada en la que el lateral espa\u00f1ol sorprendi\u00f3 al desprenderse por el costado derecho, aprovech\u00f3 un pase entre l\u00edneas de <b>Sergio Busquets para quedar solo frente al arquero y estampar el 1-0.<\/b><\/p>\n<p class=\"paragraph\"><b>Javier Mascherano<\/b> movi\u00f3 el banco de suplentes en el entretiempo y realiz\u00f3 dos variantes: <b>Rodrigo De Paul<\/b> entr\u00f3 en lugar de Telasco Segovia y <b>Lionel Messi<\/b>, que se recuper\u00f3 de su lesi\u00f3n y volvi\u00f3 a sumar minutos, hizo lo propio por Tadeo Allende.<\/p>\n<p class=\"paragraph\"><b>Partido en desarrollo&#8230;<\/b><\/p>\n<p><img alt=\"Lionel Messi se recuper\u00f3 de\" class=\"global-image\" decoding=\"async\" fetchpriority=\"low\" height=\"4546\" loading=\"lazy\" src=\"https:\/\/www.europesays.com\/es\/wp-content\/uploads\/2025\/08\/JNU6XZ4QUJBINGDJPAI6FVKPKY.jpg\" width=\"7014\"\/>Lionel Messi se recuper\u00f3 de sus molestias e ingres\u00f3 al terreno de jugo en el entretiempo (Photo by CHANDAN KHANNA \/ AFP)<\/p>\n<p class=\"paragraph\"><b>LA PREVIA<\/b><\/p>\n<p class=\"paragraph\">La expectativa cae en la <b>reaparici\u00f3n de Messi<\/b> entre los concentrados luego de su vuelta a los trabajos con el equipo el pasado mi\u00e9rcoles. Se espera que el rosarino de 38 a\u00f1os comience en el <b>banco de suplentes<\/b> y pueda ver acci\u00f3n algunos minutos en el campo de juego. El campe\u00f3n del mundo sufri\u00f3 la molestia durante el encuentro ante Necaxa, el pasado 2 de agosto por la fase de grupos de la Leagues Cup, y desde entonces ven\u00eda trabajando de forma diferenciada. Ahora, volvi\u00f3 a realizar movimientos a la par de sus compa\u00f1eros en una sesi\u00f3n que fue exigente y clave para incluirlo en la convocatoria de cara al duelo con el Galaxy. <\/p>\n<p class=\"paragraph\">\u201cLeo est\u00e1 bien. Desde el mi\u00e9rcoles ya ha entrenado con el equipo, lo han visto ustedes. M\u00e1s all\u00e1 de que nos queda el entrenamiento de hoy (viernes), creemos que si no pasa nada raro va a estar convocado para el partido de ma\u00f1ana\u201d, <a rel=\"noopener noreferrer nofollow\" href=\"https:\/\/www.infobae.com\/deportes\/2025\/08\/15\/javier-mascherano-hablo-sobre-la-vuelta-de-lionel-messi-tras-la-lesion-que-sufrio\/\" target=\"_blank\" title=\"https:\/\/www.infobae.com\/deportes\/2025\/08\/15\/javier-mascherano-hablo-sobre-la-vuelta-de-lionel-messi-tras-la-lesion-que-sufrio\/\">indic\u00f3 el DT<\/a>. <b>Leo iniciar\u00e1 el juego como suplente junto con Rodrigo De Paul<\/b>.<\/p>\n<p class=\"paragraph\">El conjunto que dirige <b>Mascherano<\/b> viene de recibir una dura goleada (1-4) en el Cl\u00e1sico del Sol ante <b>Orlando City<\/b>, lo que cort\u00f3 una racha de cinco partidos invicto, contemplando los tres por <b>Leagues Cup<\/b>. Para Las Garzas, el duelo ante el equipo de California ser\u00e1 clave para sumar puntos y escalar posiciones en la Conferencia Este. <\/p>\n<p class=\"paragraph\"><b>Inter Miami<\/b> cosech\u00f3 hasta el momento <b>42 puntos<\/b> (12 triunfos, 6 empates y 5 ca\u00eddas) y ocupa la sexta colocaci\u00f3n en las posiciones de su zona, se encuentra en puestos de playoffs y a 9 unidades del l\u00edder,<b> Philadelphia Union<\/b>. La salvedad es que los de Florida tienen <b>tres partidos jugados menos<\/b> (fueron postergados por su participaci\u00f3n en el Mundial de Clubes). <\/p>\n<p class=\"paragraph\">Del otro lado, el <b>Galaxy <\/b>atraviesa un presente complicado en la MLS y est\u00e1 \u00faltimo en la Conferencia Oeste, con <b>16 unidades<\/b> (3 partidos ganados, 7 empates y 15 derrotas) y viene de sufrir una dura goleada (0-4) ante Seattle Sounders. Al margen de eso, el cuadro de Los \u00c1ngeles se clasific\u00f3 para los <b>cuartos de final <\/b>de la Leagues Cup -al igual que Inter- y se enfrentar\u00e1 el jueves 21 de agosto al <b>Pachuca <\/b>de M\u00e9xico. <\/p>\n<p class=\"paragraph\">En cuanto al calendario del Inter Miami, el pr\u00f3ximo compromiso del elenco rosado ser\u00e1 el mi\u00e9rcoles 20 de agosto, a las 21 horas, frente a <b>Tigres <\/b>de M\u00e9xico por los <b>cuartos de final <\/b>de la<b> Leagues Cup <\/b>en el sur de la Florida<b> <\/b>y el s\u00e1bado 23 visitar\u00e1 al <b>DC United<\/b> por la MLS.<\/p>\n<p class=\"paragraph\"><b>FORMACIONES<\/b>:<\/p>\n<p class=\"paragraph\"><b>Estadio<\/b>: Chase Center<\/p>\n<p class=\"paragraph\"><b>TV<\/b>: Apple TV<\/p>\n<p class=\"paragraph\"><b>TABLA DE POSICIONES DE LA MLS<\/b>:<\/p>\n","protected":false},"excerpt":{"rendered":"Inter Miami, con el esperado retorno de Lionel Messi a las canchas luego de una lesi\u00f3n muscular, recibe&hellip;\n","protected":false},"author":2,"featured_media":52542,"comment_status":"","ping_status":"","sticky":false,"template":"","format":"standard","meta":{"footnotes":""},"categories":[93],"tags":[168,25,24,14195,408,23,167],"class_list":{"0":"post-52541","1":"post","2":"type-post","3":"status-publish","4":"format-standard","5":"has-post-thumbnail","7":"category-deportes","8":"tag-deportes","9":"tag-es","10":"tag-espana","11":"tag-fbl","12":"tag-horizontal","13":"tag-spain","14":"tag-sports"},"share_on_mastodon":{"url":"","error":""},"_links":{"self":[{"href":"https:\/\/www.europesays.com\/es\/wp-json\/wp\/v2\/posts\/52541","targetHints":{"allow":["GET"]}}],"collection":[{"href":"https:\/\/www.europesays.com\/es\/wp-json\/wp\/v2\/posts"}],"about":[{"href":"https:\/\/www.europesays.com\/es\/wp-json\/wp\/v2\/types\/post"}],"author":[{"embeddable":true,"href":"https:\/\/www.europesays.com\/es\/wp-json\/wp\/v2\/users\/2"}],"replies":[{"embeddable":true,"href":"https:\/\/www.europesays.com\/es\/wp-json\/wp\/v2\/comments?post=52541"}],"version-history":[{"count":0,"href":"https:\/\/www.europesays.com\/es\/wp-json\/wp\/v2\/posts\/52541\/revisions"}],"wp:featuredmedia":[{"embeddable":true,"href":"https:\/\/www.europesays.com\/es\/wp-json\/wp\/v2\/media\/52542"}],"wp:attachment":[{"href":"https:\/\/www.europesays.com\/es\/wp-json\/wp\/v2\/media?parent=52541"}],"wp:term":[{"taxonomy":"category","embeddable":true,"href":"https:\/\/www.europesays.com\/es\/wp-json\/wp\/v2\/categories?post=52541"},{"taxonomy":"post_tag","embeddable":true,"href":"https:\/\/www.europesays.com\/es\/wp-json\/wp\/v2\/tags?post=52541"}],"curies":[{"name":"wp","href":"https:\/\/api.w.org\/{rel}","templated":true}]}}