{"id":52543,"date":"2025-08-17T01:02:09","date_gmt":"2025-08-17T01:02:09","guid":{"rendered":"https:\/\/www.europesays.com\/es\/52543\/"},"modified":"2025-08-17T01:02:09","modified_gmt":"2025-08-17T01:02:09","slug":"la-del-super-sirve-pero-es-mejor-una-de-20-euros","status":"publish","type":"post","link":"https:\/\/www.europesays.com\/es\/52543\/","title":{"rendered":"La del &#8216;s\u00faper&#8217; sirve, pero es mejor una de 20 euros"},"content":{"rendered":"<p class=\"paragraph\" id=\"paragraph_1\">Las cremas con <a href=\"https:\/\/www.elespanol.com\/ciencia\/20250803\/farmaceutica-espanola-advierte-peligro-esconden-cremas-solares-no-van-proteger\/1003743873308_0.html?utm_cmp_rs=linksinline\" rel=\"nofollow noopener\" target=\"_blank\">protecci\u00f3n solar <\/a>son el \u00faltimo objetivo de<strong> los movimientos negacionistas<\/strong>. En redes sociales cada vez es m\u00e1s f\u00e1cil toparse con un v\u00eddeo que te anima a <a href=\"https:\/\/www.elespanol.com\/ciencia\/salud\/20230731\/errores-cometes-aplicarte-crema-solar-hacen-no-proteja-sol\/782171892_0.html?utm_cmp_rs=linksinline\" rel=\"nofollow noopener\" target=\"_blank\">dejar de usarla<\/a>, a desarrollar un callo solar o a fabricar t\u00fa mismo una m\u00e1s natural.<\/p>\n<p class=\"paragraph\" id=\"paragraph_2\">Estos autoproclamados gur\u00fas consideran que las cremas solares son culpables de que nuestros niveles de vitamina D sean bajos, que contienen <strong>sustancias da\u00f1inas<\/strong> que entran en el organismo o que, directamente, provocan c\u00e1ncer. Nada de esto est\u00e1 probado.<\/p>\n<p class=\"paragraph\" id=\"paragraph_3\">\u00abEstos v\u00eddeos <strong>son un peligro\u00bb<\/strong>, advierte <a href=\"https:\/\/www.instagram.com\/helena.rodero\/?hl=es\" rel=\"nofollow noopener\" target=\"_blank\">la farmac\u00e9utica Helena Rodero<\/a>. \u00abHay un movimiento en contra de los qu\u00edmicos sint\u00e9ticos y una creciente popularidad de lo natural. Cuando lo natural no siempre es sin\u00f3nimo ni de saludable, ni de ecol\u00f3gico\u00bb.\u00a0<\/p>\n<p class=\"paragraph\" id=\"paragraph_4\">Un movimiento que encuentra un fuerte referente en la pol\u00edtica estadounidense actual. El pol\u00e9mico secretario de Salud, Robert F. Kennedy Jr. (RFK Jr.), conocido por ser activista <strong>en contra de las vacunas<\/strong> tiene un discurso similar.<\/p>\n<p class=\"paragraph\" id=\"paragraph_5\">Su proyecto<strong> Make America Healthy Again (MAHA)<\/strong> se ha propuesto barrer ingredientes sospechosos de multitud de productos de las industrias alimentaria, cosm\u00e9tica y farmac\u00e9utica. Los protectores solares, en este sentido, podr\u00edan ser los siguientes se\u00f1alados.<\/p>\n<p><img loading=\"lazy\" decoding=\"async\" alt=\"iStock-990129936\" height=\"180\" src=\"https:\/\/www.europesays.com\/es\/wp-content\/uploads\/2025\/08\/701190137_226910663_320x180.jpg\" width=\"320\" data-lazy-status=\"processed\" data-lazy-info=\"remove loading item 1\"\/><\/p>\n<p class=\"paragraph\" id=\"paragraph_6\">\u00abCada vez m\u00e1s estadounidenses<strong> cuestionan la seguridad<\/strong> de sus productos cotidianos, guiados por una creciente desconfianza hacia los consejos de salud convencionales, las empresas farmac\u00e9uticas y los reguladores federales\u00bb, <a href=\"https:\/\/www.washingtonpost.com\/health\/2025\/08\/10\/anti-sunscreen-movement-risks\/\" rel=\"nofollow noopener\" target=\"_blank\">dice The Washington Post.<\/a><\/p>\n<p class=\"paragraph\" id=\"paragraph_7\">\u00abEntre ellos est\u00e1n los seguidores del movimiento MAHA de RFK Jr. que han ayudado a revivir el escepticismo hacia los ingredientes de los protectores solares como <strong>la oxibenzona y el di\u00f3xido de titanio<\/strong>\u00ab, contin\u00faa el diario estadounidense.<\/p>\n<p class=\"paragraph\" id=\"paragraph_8\">El nuevo secretario de salud <a href=\"https:\/\/www.nytimes.com\/es\/2024\/11\/13\/espanol\/estados-unidos\/robert-kennedy-jr-fda-leche-cruda-celulas-madre-metales-pesados.html\" rel=\"nofollow noopener\" target=\"_blank\">ha confesado beber leche cruda,<\/a> ya ha retirado <a href=\"https:\/\/www.elespanol.com\/ciencia\/salud\/20250807\/eeuu-cancela-desarrollo-vacunas-arnm-estupor-cientificos-absurdo-salvaron-millones-vidas\/1003743877662_0.html?utm_cmp_rs=linksinline\" rel=\"nofollow noopener\" target=\"_blank\">financiaci\u00f3n al desarrollo de vacunas de ARNm<\/a> y parece que <strong>su concepto del cuidado de la piel<\/strong> difiere con las recomendaciones oficiales. RFK Jr. siempre luce <a href=\"https:\/\/www.huffpost.com\/entry\/why-is-trump-so-tan_l_673ce049e4b0f17b35e00065\" rel=\"nofollow noopener\" target=\"_blank\">una piel intensamente bronceada.<\/a><\/p>\n<p class=\"paragraph\" id=\"paragraph_9\">\u00abBuscar el moreno no es saludable, es una reacci\u00f3n de la piel al sol\u00bb, recuerda Rodero. \u00abToda incidencia del sol sobre la piel <strong>son papeletas para un c\u00e1ncer de piel\u00bb.<\/strong> S\u00f3lo en 2025 se espera que se produzcan <a href=\"https:\/\/seom.org\/images\/LAS_CIFRAS_DMC2025.pdf\" rel=\"nofollow noopener\" target=\"_blank\">9.408 casos de melanoma<\/a> de piel y <a href=\"https:\/\/www.facebook.com\/reel\/1392105795435657\" rel=\"nofollow noopener\" target=\"_blank\">el 80% son evitables.<\/a><\/p>\n<p>Lo que lleva la crema<\/p>\n<p class=\"paragraph\" id=\"paragraph_10\">Evitar la radiaci\u00f3n ultravioleta del sol de forma directa sobre la piel es uno de las principales \u00abarmas\u00bb que tenemos para prevenirlo, aunque Rodero adelanta que <strong>no es la \u00fanica<\/strong> de la que debemos depender. Pero, \u00bfqu\u00e9 llevan los protectores solares?<\/p>\n<p class=\"paragraph\" id=\"paragraph_11\">\u00abLlevan filtros y en Europa hay unos 30 org\u00e1nicos que est\u00e1n autorizados y s\u00f3lo dos de origen mineral, el <strong>\u00f3xido de zinc y el di\u00f3xido de titanio<\/strong>. Tambi\u00e9n est\u00e1 regulada la cantidad m\u00e1xima de estos filtros que se puede poner en estas cremas\u00bb, explica Rodero.<\/p>\n<p class=\"paragraph\" id=\"paragraph_12\">\u00abPero es que, encima, al ser un producto cosm\u00e9tico, la cantidad de filtros que se pone en estas cremas est\u00e1 <strong>muy por debajo<\/strong> de la que podr\u00eda llegar a causar un problema. Y estos l\u00edmites se est\u00e1n revisando continuamente\u00bb, dice la farmac\u00e9utica.<\/p>\n<p class=\"paragraph\" id=\"paragraph_13\">Es decir, que para llegar al mercado, estos productos encuentran previamente ex\u00e1menes que prueban su seguridad. En este sentido, los negacionistas de las crema solar suelen decir que tienen qu\u00edmicos, <strong>disruptores hormonales<\/strong> entre ellos, que pueden ser peligrosos.<\/p>\n<p><img decoding=\"async\" alt=\"La farmac\u00e9utica Helena Rodero avisa sobre estos protectores solares: \u201cTe los desaconsejo totalmente\u201d\" height=\"180\" loading=\"lazy\" width=\"320\" data-lazy-status=\"processed\" id=\"06d25f70a8\" src=\"https:\/\/www.elespanol.com\/ciencia\/salud\/20250817\/alerta-sanitarios-auge-negacionismo-crema-solar-super-sirve-mejor-euros\/[\" https:=\"\" data-lazy-info=\"changed src\"\/><\/p>\n<p class=\"paragraph\" id=\"paragraph_14\">Rodero se\u00f1ala que no s\u00f3lo las cantidades de qu\u00edmicos est\u00e1n cuidadosamente medidas en los protectores de Europa, sino que adem\u00e1s \u00abla piel est\u00e1 <strong>dise\u00f1ada para no absorber\u00bb<\/strong>. Y explica que, si nos preocupan los disruptores hormonales debemos revisar otros elementos del entorno.<\/p>\n<p class=\"paragraph\" id=\"paragraph_15\">\u00abLos micropl\u00e1sticos, los ultraprocesados\u2026 Esos s\u00ed son disruptores hormonales porque el intestino, al contrario que la piel,<strong> s\u00ed que est\u00e1 hecho para absorber\u00bb<\/strong>, explica la experta. Es decir, que las sustancias del protector solar son seguras en las dosis en las que se encuentran en el mercado.<\/p>\n<p class=\"paragraph\" id=\"paragraph_16\">Pero, \u00bfreducen la absorci\u00f3n de vitamina D? Para empezar, Rodero explica que los cient\u00edficos todav\u00eda no se han puesto de acuerdo en cu\u00e1nta vitamina D hay que obtener. \u00abEl problema de la vitamina D no est\u00e1 en la crema solar, <strong>no hay estudios<\/strong> que indiquen esto\u00bb.<\/p>\n<p class=\"paragraph\" id=\"paragraph_17\">Rodero se\u00f1ala que, si se pone correctamente, el protector <strong>bloquea un 98% de la radiaci\u00f3n<\/strong>, pero es frecuente que lo apliquemos mal. Adem\u00e1s, la experta se\u00f1ala que podemos salir temprano a la calle cuando el sol no incide tan directamente y as\u00ed obtenemos vitamina D de manera saludable.<\/p>\n<p>La crema no es suficiente<\/p>\n<p class=\"paragraph\" id=\"paragraph_18\">\u00abHay gente que toma el sol y tiene niveles muy bajos de vitamina D. El problema es que, en general, vivimos en <strong>una sociedad que no sale al exterior<\/strong>. O estamos en la calle o llega el verano y nos ponemos como lagartijas al sol directo\u00bb, se\u00f1ala Rodero.<\/p>\n<p class=\"paragraph\" id=\"paragraph_19\">Por \u00faltimo, la experta tambi\u00e9n desecha el argumento de los negacionistas de los protectores solares que sostienen que provocan c\u00e1ncer. <strong>\u00abNo tiene ning\u00fan tipo de demostraci\u00f3n cient\u00edfica\u00bb,<\/strong> asegura. Tampoco recomienda que confiemos en el callo solar para no quemarnos.<\/p>\n<p class=\"paragraph\" id=\"paragraph_20\">El callo solar es el moreno que hemos ido acumulando y que seg\u00fan estos negacionistas tienen efecto protector frente a las quemaduras. \u00abEl supuesto callo solar <strong>no tiene ni un factor 4<\/strong> de protecci\u00f3n, t\u00fa f\u00edjate en la cantidad de melanina que tiene la etnia negra y a\u00fan as\u00ed se quema al sol. No podemos confiar s\u00f3lo en ello\u00bb.<\/p>\n<p class=\"paragraph\" id=\"paragraph_21\">Rodero explica que cuando el sol incide como lo hace en verano, <strong>la crema puede no ser suficiente<\/strong> si decidimos exponernos a \u00e9l. Recomienda que, adem\u00e1s de protector solar, utilicemos sombreros o ropa de manga larga para tapar la piel.<\/p>\n<p><img decoding=\"async\" alt=\"Fotoprotectores de distintas marcas.\" height=\"180\" loading=\"lazy\" width=\"320\" data-lazy-status=\"processed\" id=\"bb2fe2bb24\" src=\"https:\/\/www.elespanol.com\/ciencia\/salud\/20250817\/alerta-sanitarios-auge-negacionismo-crema-solar-super-sirve-mejor-euros\/[\" https:=\"\" data-lazy-info=\"changed src\"\/><\/p>\n<p class=\"paragraph\" id=\"paragraph_22\">\u00abPara protegerte del sol, te vale la crema que se vende en el supermercado. Sin embargo, yo s\u00ed que me gastar\u00eda<strong> unos 20 o 30 euros<\/strong> en una crema que adem\u00e1s de filtro solar sea hidratante y tenga antioxidantes\u00bb, se\u00f1ala.<\/p>\n<p class=\"paragraph\" id=\"paragraph_23\">Tambi\u00e9n en redes sociales se pueden ver usuarios que animan a fabricar nuestra propia crema solar, pero Rodero lo desaconseja. \u00abUsan di\u00f3xido de titanio y \u00f3xido de zinc que <strong>no se sabe de d\u00f3nde han obtenido<\/strong>. Estas mol\u00e9culas se tienen que tratar antes de usarlas porque pueden oxidar la piel\u00bb.<\/p>\n<p class=\"paragraph\" id=\"paragraph_24\">Rodero, de hecho, explica que ha tenido farmacia propia con laboratorio y que ni siquiera ella ha elaborado sus propias cremas con protecci\u00f3n solar debido a que estos procesos son muy complejos y la industria los tienen controlados. \u00abSi haces una crema en casa no sabes si es estable\u00bb, alerta.<\/p>\n<p class=\"paragraph\" id=\"paragraph_25\">La crema con protecci\u00f3n solar debe llevarse en la cara durante todo el a\u00f1o porque es la zona del cuerpo m\u00e1s expuesta. \u00abAdem\u00e1s del c\u00e1ncer, tu piel puede parecer <strong>hasta 15 a\u00f1os m\u00e1s envejecida<\/strong> si se expone continuamente al sol\u00bb, explica.<\/p>\n<p>                                    <script async src=\"\/\/www.instagram.com\/embed.js\"><\/script><\/p>\n","protected":false},"excerpt":{"rendered":"Las cremas con protecci\u00f3n solar son el \u00faltimo objetivo de los movimientos negacionistas. En redes sociales cada vez&hellip;\n","protected":false},"author":2,"featured_media":52544,"comment_status":"","ping_status":"","sticky":false,"template":"","format":"standard","meta":{"footnotes":""},"categories":[92],"tags":[1066,23140,25,24,165,166,23],"class_list":{"0":"post-52543","1":"post","2":"type-post","3":"status-publish","4":"format-standard","5":"has-post-thumbnail","7":"category-salud","8":"tag-cancer","9":"tag-cuidado-de-la-piel","10":"tag-es","11":"tag-espana","12":"tag-health","13":"tag-salud","14":"tag-spain"},"share_on_mastodon":{"url":"","error":""},"_links":{"self":[{"href":"https:\/\/www.europesays.com\/es\/wp-json\/wp\/v2\/posts\/52543","targetHints":{"allow":["GET"]}}],"collection":[{"href":"https:\/\/www.europesays.com\/es\/wp-json\/wp\/v2\/posts"}],"about":[{"href":"https:\/\/www.europesays.com\/es\/wp-json\/wp\/v2\/types\/post"}],"author":[{"embeddable":true,"href":"https:\/\/www.europesays.com\/es\/wp-json\/wp\/v2\/users\/2"}],"replies":[{"embeddable":true,"href":"https:\/\/www.europesays.com\/es\/wp-json\/wp\/v2\/comments?post=52543"}],"version-history":[{"count":0,"href":"https:\/\/www.europesays.com\/es\/wp-json\/wp\/v2\/posts\/52543\/revisions"}],"wp:featuredmedia":[{"embeddable":true,"href":"https:\/\/www.europesays.com\/es\/wp-json\/wp\/v2\/media\/52544"}],"wp:attachment":[{"href":"https:\/\/www.europesays.com\/es\/wp-json\/wp\/v2\/media?parent=52543"}],"wp:term":[{"taxonomy":"category","embeddable":true,"href":"https:\/\/www.europesays.com\/es\/wp-json\/wp\/v2\/categories?post=52543"},{"taxonomy":"post_tag","embeddable":true,"href":"https:\/\/www.europesays.com\/es\/wp-json\/wp\/v2\/tags?post=52543"}],"curies":[{"name":"wp","href":"https:\/\/api.w.org\/{rel}","templated":true}]}}