{"id":52557,"date":"2025-08-17T01:11:09","date_gmt":"2025-08-17T01:11:09","guid":{"rendered":"https:\/\/www.europesays.com\/es\/52557\/"},"modified":"2025-08-17T01:11:09","modified_gmt":"2025-08-17T01:11:09","slug":"donald-trump-planea-organizar-un-combate-de-ufc-en-la-casa-blanca","status":"publish","type":"post","link":"https:\/\/www.europesays.com\/es\/52557\/","title":{"rendered":"Donald Trump planea organizar un combate de UFC en la Casa Blanca"},"content":{"rendered":"<p>El presidente de los Estados Unidos,\u00a0<strong>Donald Trump<\/strong>, anunci\u00f3 durante un acto en Des Moines (Iowa) que tiene la intenci\u00f3n de organizar un\u00a0<strong>combate de la UFC<\/strong>\u00a0en los terrenos de la\u00a0<strong>Casa Blanca<\/strong>\u00a0como parte de las celebraciones del\u00a0<strong>250 aniversario<\/strong>\u00a0de la independencia del pa\u00eds en 2026<a rel=\"noreferrer noopener nofollow\" target=\"_blank\" href=\"https:\/\/www.navarratelevision.es\/noticia\/z050407f6-91ff-49aa-9e2e5442002f2dac\/202507\/la-ufc-apunta-alto-la-casa-blanca-como-ring-de-batalla\"><a rel=\"noreferrer noopener nofollow\" target=\"_blank\" href=\"https:\/\/www.espn.com.ar\/mma\/nota\/_\/id\/15388409\/presidente-donald-trump-ufc-casa-blanca-dana-white\">.<\/p>\n<p>Trump detall\u00f3 que se tratar\u00eda de una\u00a0<strong>\u201cpelea de campeonato, una pelea completa\u201d<\/strong>\u00a0con aforo para\u00a0<strong>20.000 a 25.000 personas<\/strong>, aprovechando el amplio espacio que rodea la residencia oficial<a rel=\"noreferrer noopener nofollow\" target=\"_blank\" href=\"https:\/\/cadenaser.com\/nacional\/2025\/07\/04\/la-ultima-locura-de-trump-habra-una-pelea-de-ufc-en-la-casa-blanca-cadena-ser\/\"><a rel=\"noreferrer noopener nofollow\" target=\"_blank\" href=\"https:\/\/forbes.es\/actualidad\/755626\/trump-promete-un-evento-de-la-ufc-en-la-casa-blanca-y-juegos-patriotas-para-las-celebraciones-de-america-250-el-proximo-ano\/\">.\u00a0La secretaria de Prensa,\u00a0<strong>Karoline Leavitt<\/strong>, confirm\u00f3 que el presidente \u201chabla muy en serio\u201d sobre este proyecto y que ya mantienen\u00a0<strong>\u201cconversaciones con la UFC\u201d<\/strong>\u00a0para concretar los detalles<a rel=\"noreferrer noopener nofollow\" target=\"_blank\" href=\"https:\/\/www.navarratelevision.es\/noticia\/z050407f6-91ff-49aa-9e2e5442002f2dac\/202507\/la-ufc-apunta-alto-la-casa-blanca-como-ring-de-batalla\"><a rel=\"noreferrer noopener nofollow\" target=\"_blank\" href=\"https:\/\/edition.cnn.com\/2025\/07\/03\/politics\/trump-ufc-fight-white-house\">.<\/p>\n<p>La idea forma parte del programa\u00a0<strong>\u201cAmerica 250\u201d<\/strong>, un conjunto de actos que incluir\u00e1 eventos profesionales y amateurs en\u00a0<strong>parques nacionales<\/strong>,\u00a0<strong>campos de batalla hist\u00f3ricos<\/strong>\u00a0y otros\u00a0<strong>sitios emblem\u00e1ticos<\/strong>\u00a0de Estados Unidos<a rel=\"noreferrer noopener nofollow\" target=\"_blank\" href=\"https:\/\/forbes.es\/actualidad\/755626\/trump-promete-un-evento-de-la-ufc-en-la-casa-blanca-y-juegos-patriotas-para-las-celebraciones-de-america-250-el-proximo-ano\/\"><a rel=\"noreferrer noopener nofollow\" target=\"_blank\" href=\"https:\/\/www.mundodeportivo.com\/ufc\/20250704\/1002494306\/donald-trump-planea-organizar-velada-ufc-casa-blanca-250-aniversario-2026.html\">.\u00a0Adem\u00e1s de la velada de artes marciales mixtas, Trump anunci\u00f3 la organizaci\u00f3n de unos\u00a0<strong>\u201cPatriot Games\u201d<\/strong>\u00a0con atletas de secundaria de todo el pa\u00eds, y una gran celebraci\u00f3n en el\u00a0<strong>National Mall<\/strong>\u00a0de Washington D.C.<a rel=\"noreferrer noopener nofollow\" target=\"_blank\" href=\"https:\/\/forbes.es\/actualidad\/755626\/trump-promete-un-evento-de-la-ufc-en-la-casa-blanca-y-juegos-patriotas-para-las-celebraciones-de-america-250-el-proximo-ano\/\">.<\/p>\n<p>La relaci\u00f3n de Trump con la\u00a0<strong>UFC<\/strong>\u00a0y su presidente,\u00a0<strong>Dana White<\/strong>, se remonta a hace m\u00e1s de dos d\u00e9cadas. En 2001, el magnate neoyorquino facilit\u00f3 la celebraci\u00f3n de eventos de la promoci\u00f3n en Atlantic City, y desde entonces ha sido un\u00a0<strong>asistente habitual<\/strong>\u00a0en combates de la UFC, convirti\u00e9ndose en el primer presidente en ejercicio en participar en un\u00a0<strong>\u201cwalkout\u201d<\/strong>\u00a0de luchadores<a rel=\"noreferrer noopener nofollow\" target=\"_blank\" href=\"https:\/\/www.navarratelevision.es\/noticia\/z050407f6-91ff-49aa-9e2e5442002f2dac\/202507\/la-ufc-apunta-alto-la-casa-blanca-como-ring-de-batalla\"><a rel=\"noreferrer noopener nofollow\" target=\"_blank\" href=\"https:\/\/www.espn.com.ar\/mma\/nota\/_\/id\/15388409\/presidente-donald-trump-ufc-casa-blanca-dana-white\"><a rel=\"noreferrer noopener nofollow\" target=\"_blank\" href=\"https:\/\/www.bbc.com\/sport\/mixed-martial-arts\/articles\/c9390dlg637o\">.<\/p>\n<p>Este anuncio ha generado gran expectaci\u00f3n en el mundo de las\u00a0<strong>artes marciales mixtas<\/strong>, donde se valora tanto la\u00a0<strong>originalidad<\/strong>\u00a0de la propuesta como el\u00a0<strong>impacto medi\u00e1tico<\/strong>\u00a0que supondr\u00e1 celebrar una velada de la UFC en un entorno tan\u00a0<strong>ic\u00f3nico<\/strong>\u00a0como la Casa Blanca. Por ahora, la organizaci\u00f3n y el calendario exacto del evento est\u00e1n por confirmarse, pero Trump conf\u00eda en que ser\u00e1\u00a0<strong>\u201c\u00e9pico\u201d<\/strong>\u00a0y reforzar\u00e1 el esp\u00edritu de las conmemoraciones de\u00a0<strong>America 250<\/strong><\/p>\n<p>PUBLICIDAD<\/p>\n","protected":false},"excerpt":{"rendered":"El presidente de los Estados Unidos,\u00a0Donald Trump, anunci\u00f3 durante un acto en Des Moines (Iowa) que tiene la&hellip;\n","protected":false},"author":2,"featured_media":52558,"comment_status":"","ping_status":"","sticky":false,"template":"","format":"standard","meta":{"footnotes":""},"categories":[276],"tags":[168,25,24,629,975,23,167,343],"class_list":{"0":"post-52557","1":"post","2":"type-post","3":"status-publish","4":"format-standard","5":"has-post-thumbnail","7":"category-ufc","8":"tag-deportes","9":"tag-es","10":"tag-espana","11":"tag-estados-unidos","12":"tag-seo","13":"tag-spain","14":"tag-sports","15":"tag-ufc"},"share_on_mastodon":{"url":"","error":""},"_links":{"self":[{"href":"https:\/\/www.europesays.com\/es\/wp-json\/wp\/v2\/posts\/52557","targetHints":{"allow":["GET"]}}],"collection":[{"href":"https:\/\/www.europesays.com\/es\/wp-json\/wp\/v2\/posts"}],"about":[{"href":"https:\/\/www.europesays.com\/es\/wp-json\/wp\/v2\/types\/post"}],"author":[{"embeddable":true,"href":"https:\/\/www.europesays.com\/es\/wp-json\/wp\/v2\/users\/2"}],"replies":[{"embeddable":true,"href":"https:\/\/www.europesays.com\/es\/wp-json\/wp\/v2\/comments?post=52557"}],"version-history":[{"count":0,"href":"https:\/\/www.europesays.com\/es\/wp-json\/wp\/v2\/posts\/52557\/revisions"}],"wp:featuredmedia":[{"embeddable":true,"href":"https:\/\/www.europesays.com\/es\/wp-json\/wp\/v2\/media\/52558"}],"wp:attachment":[{"href":"https:\/\/www.europesays.com\/es\/wp-json\/wp\/v2\/media?parent=52557"}],"wp:term":[{"taxonomy":"category","embeddable":true,"href":"https:\/\/www.europesays.com\/es\/wp-json\/wp\/v2\/categories?post=52557"},{"taxonomy":"post_tag","embeddable":true,"href":"https:\/\/www.europesays.com\/es\/wp-json\/wp\/v2\/tags?post=52557"}],"curies":[{"name":"wp","href":"https:\/\/api.w.org\/{rel}","templated":true}]}}