{"id":525607,"date":"2026-04-30T14:15:11","date_gmt":"2026-04-30T14:15:11","guid":{"rendered":"https:\/\/www.europesays.com\/es\/525607\/"},"modified":"2026-04-30T14:15:11","modified_gmt":"2026-04-30T14:15:11","slug":"casper-van-uden-gana-en-kemer-ivan-ramiro-sosa-salva-el-liderato-en-el-tour-de-turquia-esciclismo","status":"publish","type":"post","link":"https:\/\/www.europesays.com\/es\/525607\/","title":{"rendered":"Casper Van Uden gana en Kemer, Iv\u00e1n Ramiro Sosa salva el liderato en el Tour de Turqu\u00eda &#8211; Esciclismo"},"content":{"rendered":"<ol>\n<li><a href=\"https:\/\/news.google.com\/rss\/articles\/CBMiakFVX3lxTFA5Z1hQZ2Q4c2xJb2NzelVlVWZvU28wRjZyb0Q2RGtUcHAxcXZuMU9yVlQzRUh0ZFZhendRTFB3YUNZVnJQV0J1S0U5TzhWYXBzWnV0S0JXWktWU05ZLWtBVXM0OXI5NVplbEE?oc=5\" target=\"_blank\" rel=\"nofollow noopener\">Casper Van Uden gana en Kemer, Iv\u00e1n Ramiro Sosa salva el liderato en el Tour de Turqu\u00eda<\/a>&nbsp;&nbsp;Esciclismo<\/li>\n<li><a href=\"https:\/\/news.google.com\/rss\/articles\/CBMiigJBVV95cUxPZk1aSV9Gb19CQWU4bWk2RVlFb2N3VWdna3liRnhJUHFVclVySTJPaFg0OVZvVk8zTjQxdVowdTBRcFNzZXdpM2xhamNHb3g4bVJQSkpWQU0wbDRUcVRPWDM5NGRLbkEwbGtWaTdJWDc4Uk5xSVozaUFleUFHUDc3d29PdmdkMndhcUxpa1ZsdHRsNlVmQXRwbnp5THZ0Q0drS0wzZjY1V2tORGxxcXZxYkktQmd5Tnd4QmxHYldRR19lU0tXR1BiOUtGZDRxY1FPaEkzbE1JY21hSGdmTHBrUW1LcFlualhrOGdBMk91NUVkU05Sdmo4b0w4YkwtTHc2MXBJMll2a1NfQQ?oc=5\" target=\"_blank\" rel=\"nofollow noopener\">Van Uden desatasca a Picnic 10 meses despu\u00e9s y Sosa salva un enorme aprieto antes del final en alto<\/a>&nbsp;&nbsp;Eurosport<\/li>\n<li><a href=\"https:\/\/news.google.com\/rss\/articles\/CBMimgFBVV95cUxOd0ZTbURIcktZNkM1VnhSMTNMMThHcTRMS3EyM3Vhdm41UmlTeHNBQ2VCMGtJeTJCenZBd1RJVlI5YmY2dkNPYUpMRFRuXzFjRDdDWGpDTUVOU1JLOTRUbC1KUEVaUFFZMnZSV2JCU3hpS203SVVCelFLdlh2a3JCeXBQc2tLN1pzUHJaeGYxaVdUUVhKUFJYSjJn0gGuAUFVX3lxTE5GeXphTkdTcVpBMFZET1VEdU92YUZzOVYyMnJJWTkzOEFheXJzamN2UlNZS3NCS1JxdVIwNHY2Z05reDhUcC1hcW9WWDdpU2h2Q3FHRUxmd0dDUTFMS2hZeTFUOXFjT3BwckRVcFloYk9DZlllMU00SFBuUXpNdDllTk54dWItUkhFVnViUzVDNGROMWVkZE1iVnBiSUxhMnh5dm42Y0hmOXVycVRzZw?oc=5\" target=\"_blank\" rel=\"nofollow noopener\">Cuatro a\u00f1os despu\u00e9s, Iv\u00e1n Sosa se reencuentra con la victoria<\/a>&nbsp;&nbsp;Diario AS<\/li>\n<li><a href=\"https:\/\/news.google.com\/rss\/articles\/CBMi-gFBVV95cUxQbGhKczEwVU5yUkpUUml0OVduUGdKMExsVGVEZExBdmZIX0s5Vk9IMEpoVkRERjJucTlaZG5aZ0RCWUtMNVRVVERyVUJvQ0Znc00yeFQ5TGVFdU9tUlItT0ZSckVzYnZYSThrcWV3eDZuN3ZoQU1DenpmZHVpQXZBTVV1NUpwWUMyYnd1cV9IXzByY25wSVhjZTJZNmVmZVNteWpPbnhubFJ0WTN3YXdySEZxSnVKYUY5T2pFVFM5bE5kWGd4T0FVLWk2UHEyZWFZbjI2NVhBUDluNXhaXzBabm0zeUtURkwyWnNWN08yUFYwZ1ZLTDRnVTVn0gGHAkFVX3lxTFB4NWJuSGxwV3RLb1pyUmQzdm1XOTlqWUhxNzYya1BLZkRGekFiamppbVBXRFhHXzN6MEo3LTBWdjNUOUozeWlibXF6MTRHcEtzLUs3RG5OUGpJczNIVkhpVi1NRlBPMEhpOUJyRmg3b0x6SFlDRDVtRDFKRG50czlUZWNoVms0MXdCSWFHRUVKS3NDQjNER1E4LWtLWjhhWVBaRTVIbzJURklGUUFXbDRFQXhwaWFYdU1UODU0YWQzNXJVWnFUYm5RcnJqYm9sVThaU1lfNHJTRWtINEJwOWNFcEdEcDNpUTJMcl9TQ01lN2xiejFNUzhLMS1sek5RLW9hYV9kYWpr?oc=5\" target=\"_blank\" rel=\"nofollow noopener\">Fernando Gaviria vuelve a quedarse corto y Anio\u0142kowski vuela en el explosivo sprint de la cuarta etapa de la Vuelta a Turqu\u00eda<\/a>&nbsp;&nbsp;Mundo Deportivo<\/li>\n<li><a href=\"https:\/\/news.google.com\/rss\/articles\/CBMia0FVX3lxTFB4NHdIRnplenFpTlJSbDZlVm5vR0tGeTZuTl9GR3pVVUNuMDJwZVh2QzhvdmRQQzNTb3JVcURTT0FRYWFnbnZNT3MxaEhnR2NRSGtmTGp0ZXVEZlZqVG9uM3hfY2o0RmpMM2tF?oc=5\" target=\"_blank\" rel=\"nofollow noopener\">4\u00aa Tour Turqu\u00eda: Aniolkowski es el m\u00e1s r\u00e1pido al esprint<\/a>&nbsp;&nbsp;Ciclo21<\/li>\n<\/ol>\n","protected":false},"excerpt":{"rendered":"Casper Van Uden gana en Kemer, Iv\u00e1n Ramiro Sosa salva el liderato en el Tour de Turqu\u00eda&nbsp;&nbsp;Esciclismo Van&hellip;\n","protected":false},"author":2,"featured_media":525608,"comment_status":"","ping_status":"","sticky":false,"template":"","format":"standard","meta":{"footnotes":""},"categories":[273],"tags":[29072,313,41372,312,168,987,7368,25,24,314,15112,4358,293,887,103514,5215,21239,5808,20359,80365,103513,15384,36156,32248,7732,57,8001,23,167,3596,316,8584,103512,6174],"class_list":["post-525607","post","type-post","status-publish","format-standard","has-post-thumbnail","category-ciclismo","tag-casper","tag-ciclismo","tag-claridad","tag-cycling","tag-deportes","tag-despues","tag-disputada","tag-es","tag-espana","tag-etapa","tag-impuso","tag-ivan","tag-jornada","tag-jueves","tag-kemer","tag-kilometros","tag-larga","tag-llegada","tag-movimientos","tag-numerosos","tag-patara","tag-quinta","tag-ramiro","tag-resolver","tag-selectiva","tag-sobre","tag-sosa","tag-spain","tag-sports","tag-sprint","tag-tour","tag-turquia","tag-uden","tag-van"],"share_on_mastodon":{"url":"https:\/\/pubeurope.com\/@es\/116494082104728236","error":""},"_links":{"self":[{"href":"https:\/\/www.europesays.com\/es\/wp-json\/wp\/v2\/posts\/525607","targetHints":{"allow":["GET"]}}],"collection":[{"href":"https:\/\/www.europesays.com\/es\/wp-json\/wp\/v2\/posts"}],"about":[{"href":"https:\/\/www.europesays.com\/es\/wp-json\/wp\/v2\/types\/post"}],"author":[{"embeddable":true,"href":"https:\/\/www.europesays.com\/es\/wp-json\/wp\/v2\/users\/2"}],"replies":[{"embeddable":true,"href":"https:\/\/www.europesays.com\/es\/wp-json\/wp\/v2\/comments?post=525607"}],"version-history":[{"count":0,"href":"https:\/\/www.europesays.com\/es\/wp-json\/wp\/v2\/posts\/525607\/revisions"}],"wp:featuredmedia":[{"embeddable":true,"href":"https:\/\/www.europesays.com\/es\/wp-json\/wp\/v2\/media\/525608"}],"wp:attachment":[{"href":"https:\/\/www.europesays.com\/es\/wp-json\/wp\/v2\/media?parent=525607"}],"wp:term":[{"taxonomy":"category","embeddable":true,"href":"https:\/\/www.europesays.com\/es\/wp-json\/wp\/v2\/categories?post=525607"},{"taxonomy":"post_tag","embeddable":true,"href":"https:\/\/www.europesays.com\/es\/wp-json\/wp\/v2\/tags?post=525607"}],"curies":[{"name":"wp","href":"https:\/\/api.w.org\/{rel}","templated":true}]}}