{"id":52565,"date":"2025-08-17T01:18:15","date_gmt":"2025-08-17T01:18:15","guid":{"rendered":"https:\/\/www.europesays.com\/es\/52565\/"},"modified":"2025-08-17T01:18:15","modified_gmt":"2025-08-17T01:18:15","slug":"aparca-su-pasion-por-el-futbol-y-se-convierte-en-el-apicultor-mas-apuesto","status":"publish","type":"post","link":"https:\/\/www.europesays.com\/es\/52565\/","title":{"rendered":"&#8216;aparca&#8217; su pasi\u00f3n por el f\u00fatbol y se convierte en el apicultor m\u00e1s apuesto"},"content":{"rendered":"<p data-wc=\"49\" id=\"ec-akgAZUs\">En su documental de Netflix, Beckham, <strong>David Beckham habl\u00f3 abiertamente sobre su orgullo y alegr\u00eda, su casa en los Cotswolds<\/strong>, una de las regiones rurales m\u00e1s bonitas de todo Reino Unido: \u00abQuer\u00eda un lugar al que pudi\u00e9ramos escapar. En cuanto llego al campo, suelo ponerme mi ropa de campo\u00bb.\u00a0<\/p>\n<p> <img src=\"https:\/\/www.europesays.com\/es\/wp-content\/uploads\/2025\/08\/7197a11229af-snapinstato473993101184892967700214161290046726521029054n.jpg\"   width=\"819\" height=\"1024\" loading=\"lazy\" decoding=\"async\" alt=\"Media Image\" fetchpriority=\"auto\" class=\"image ho-image\"\/>\u00a9 (@davidbeckham)<\/p>\n<p data-wc=\"64\" id=\"e_QQe0xm1_q\">Aunque puede parecer una faceta un tanto alejada del glamur al que los Beckham nos tienen acostumbrados, su mansi\u00f3n en la buc\u00f3lica estampa inglesa es uno de sus bienes m\u00e1s preciados y disfrutados. Haciendo <strong>barbacoas, recogiendo las verduras de su huerto, paseando a sus perros y cuidando sus jardines<\/strong>, <a class=\"hm-link\" href=\"https:\/\/www.hola.com\/actualidad\/20250815850380\/el-jardin-de-la-buena-vida-de-victoria-y-david-beckham-su-mansion-rural-valorada-en-19-millones-de-euros\/\" data-mrf-recirculation=\"article-body-link\" rel=\"nofollow noopener\" target=\"_blank\">la casa -valorada en 19 millones de euros-<\/a> se ha convertido en su refugio particular.<\/p>\n<p> <img src=\"https:\/\/www.europesays.com\/es\/wp-content\/uploads\/2025\/08\/414a57962404-snapinstato471768980185023785610249537761016115263471090n.jpg\"   width=\"1024\" height=\"821\" loading=\"lazy\" decoding=\"async\" alt=\"Media Image\" fetchpriority=\"auto\" class=\"image ho-image\"\/>\u00a9 (@davidbeckham)<\/p>\n<p data-wc=\"76\" id=\"e7r0QFxXgm6\">Este s\u00e1bado, el exfutbolista ha acudido a sus redes sociales para celebrar el <strong>World Honey-Bee Day<\/strong>, una jornada que <strong>tiene lugar el tercer s\u00e1bado de agosto y es motivo de gran alegr\u00eda para los apicultores<\/strong>, los amantes de la miel y todos los seres vivos. Este d\u00eda rinde homenaje tanto a las abejas mel\u00edferas -las m\u00e1s comunes- como a los apicultores que cuidan las colmenas, adem\u00e1s de animar a los ciudadanos a comprar miel producida localmente.\u00a0<\/p>\n<p> <img src=\"https:\/\/www.europesays.com\/es\/wp-content\/uploads\/2025\/08\/11d33ec4e45f-snapinstato533480970185459609110249532683452855971901179n.jpg\"   width=\"819\" height=\"1024\" loading=\"lazy\" decoding=\"async\" alt=\"Media Image\" fetchpriority=\"auto\" class=\"image ho-image\"\/>\u00a9 @davidbeckham<\/p>\n<p data-wc=\"86\" id=\"eqArtzDDVoH\">Beckham<strong>\u00a0ha aprovechado la efem\u00e9ride para mostrar im\u00e1genes de su faceta m\u00e1s desconocida como apicultor<\/strong>, compartiendo instant\u00e1neas de la miel que \u00e9l mismo produce y que le llev\u00f3 a crear su propia empresa de snacks. \u00abHoy celebramos a nuestras abejas. Desde que tuve mi primera colmena en casa en 2020 hasta que empec\u00e9 mi propio negocio de aperitivos a base de miel, Bee Up Snacks, he aprendido mucho sobre los beneficios para la salud de nuestras abejas mel\u00edferas\u00bb, ha expresado el deportista en una publicaci\u00f3n diversa.\u00a0<\/p>\n<p> <img src=\"https:\/\/www.europesays.com\/es\/wp-content\/uploads\/2025\/08\/d5c188164a6f-snapinstato531409957185459609230249533974015862107563317n.jpg\"   width=\"819\" height=\"1024\" loading=\"lazy\" decoding=\"async\" alt=\"Media Image\" fetchpriority=\"auto\" class=\"image ho-image\"\/>\u00a9 @davidbeckham<\/p>\n<p> <img src=\"https:\/\/www.europesays.com\/es\/wp-content\/uploads\/2025\/08\/412748320bfb-snapinstato534529612185459609320249538900566852475313954n.jpg\"   width=\"819\" height=\"1024\" loading=\"lazy\" decoding=\"async\" alt=\"Media Image\" fetchpriority=\"auto\" class=\"image ho-image\"\/>\u00a9 @davidbeckham<br \/>\nSu jard\u00edn de la \u00abbuena vida\u00bb<\/p>\n<p data-wc=\"97\" id=\"ek8zHtjQGT\">La finca de David y Victoria en los Cotswolds, valorada en 16 millones de libras <strong>-unos 18 millones y medio de euros-<\/strong>, cuenta con una serie de caracter\u00edsticas destacadas, como una casa en un \u00e1rbol valorada en 100.000 libras -116.000 euros-, una sauna estonia, un gran lago, una piscina familiar y una tienda de safari de 50.000 libras -58.000 euros- para el entretenimiento. Sin embargo, lo que m\u00e1s destaca el experto en jardiner\u00eda Ade Sellars de la finca de los Beckham es el <strong>\u00e9nfasis en los productos de cosecha propia y los pasatiempos saludables, como la apicultura<\/strong>.<\/p>\n<p> <img src=\"https:\/\/www.europesays.com\/es\/wp-content\/uploads\/2025\/08\/6c3088370c53-snapinstato471575848185023787290249533187732119567529222n.jpg\"   width=\"1024\" height=\"821\" loading=\"lazy\" decoding=\"async\" alt=\"Media Image\" fetchpriority=\"auto\" class=\"image ho-image\"\/>\u00a9 (@davidbeckham)<\/p>\n<p data-wc=\"63\" id=\"eSltbViQAK8\"><a class=\"hm-link\" href=\"https:\/\/www.hola.com\/us-es\/celebrities\/20250704842269\/david-victoria-beckham-aniversario-boda-brooklyn\/\" data-mrf-recirculation=\"article-body-link\" rel=\"nofollow noopener\" target=\"_blank\">Comparando a la pareja de famosos con los personajes de la ic\u00f3nica comedia de los a\u00f1os 70<\/a>, The Good Life, un experto dijo a HELLO!: \u00abDavid y Victoria han adoptado The Good Life y han seguido el ejemplo de Barbara y Tom. Un huerto de aspecto tradicional con un gran invernadero moderno, atravesado por un camino recto y rodeado de bancales de hortalizas\u00bb.<\/p>\n<p> <img src=\"https:\/\/www.europesays.com\/es\/wp-content\/uploads\/2025\/08\/ca0fdd2a6ba3-snapinstato471820438185023789150249536558452654781421616n.jpg\"   width=\"1024\" height=\"821\" loading=\"lazy\" decoding=\"async\" alt=\"Media Image\" fetchpriority=\"auto\" class=\"image ho-image\"\/>\u00a9 (@davidbeckham)<\/p>\n<p data-wc=\"40\" id=\"e3sTna1wwp\">\u00abA\u00f1\u00e1dele los \u00e1rboles frutales en espaldera y <strong>un par de gallinas curiosas<\/strong>, y este jard\u00edn del Ed\u00e9n proporcionar\u00e1 a los Beckham toda la fruta y verdura fresca que necesitan para esta temporada de cultivo\u00bb, expresaba el experto a la revista.<\/p>\n<p id=\"ev8XFp1fY1W\" data-wc=\"51\"><strong>Cultivar tus propias frutas y verduras frescas ha experimentado un gran aumento de popularidad entre las celebridades<\/strong>, y muchas de ellas muestran con orgullo el fruto de su esfuerzo en sus redes sociales. Nicole Kidman, Pamela Anderson, Kelly Brook y Stacey Solomon son, por ejemplo, diosas con mano para la jardiner\u00eda.\u00a0<\/p>\n<p> <img src=\"https:\/\/www.europesays.com\/es\/wp-content\/uploads\/2025\/08\/63e320dc1fc2-creating-special-memories-with-family-and-friends-we-love-you-all-romeobeckh.jpg\"   width=\"819\" height=\"1024\" loading=\"lazy\" decoding=\"async\" alt=\" As\u00ed fue el 50\u00ba cumplea\u00f1os de David Beckham: jet privado, vinos de 3.500\u20ac y ninguna se\u00f1al de Brooklyn\" fetchpriority=\"auto\" class=\"image ho-image\"\/>\u00a9 davidbeckham<\/p>\n<p data-wc=\"51\" id=\"eDRSIBvaMe\">La realeza tambi\u00e9n se ha sumado a esta tendencia, siguiendo el ejemplo ecol\u00f3gico del rey Carlos y cultivando sus propios productos. La <strong>princesa Kate es una apasionada de la jardiner\u00eda<\/strong> y, al otro lado del charco, <a class=\"hm-link\" href=\"https:\/\/www.hola.com\/realeza\/casa_inglesa\/20250813849902\/jose-andres-jamon-meghan-markle-y-bromea-matrimonio-harry-netflix\/\" data-mrf-recirculation=\"article-body-link\" rel=\"nofollow noopener\" target=\"_blank\">hemos visto a la duquesa de Sussex, Meghan Markle, ensuciarse las manos en el huerto<\/a>.<\/p>\n","protected":false},"excerpt":{"rendered":"En su documental de Netflix, Beckham, David Beckham habl\u00f3 abiertamente sobre su orgullo y alegr\u00eda, su casa en&hellip;\n","protected":false},"author":2,"featured_media":52566,"comment_status":"","ping_status":"","sticky":false,"template":"","format":"standard","meta":{"footnotes":""},"categories":[174],"tags":[517,255,3062,146,147,25,24,256,23],"class_list":{"0":"post-52565","1":"post","2":"type-post","3":"status-publish","4":"format-standard","5":"has-post-thumbnail","7":"category-famosos","8":"tag-actualidad","9":"tag-celebrities","10":"tag-david-beckham","11":"tag-entertainment","12":"tag-entretenimiento","13":"tag-es","14":"tag-espana","15":"tag-famosos","16":"tag-spain"},"share_on_mastodon":{"url":"","error":""},"_links":{"self":[{"href":"https:\/\/www.europesays.com\/es\/wp-json\/wp\/v2\/posts\/52565","targetHints":{"allow":["GET"]}}],"collection":[{"href":"https:\/\/www.europesays.com\/es\/wp-json\/wp\/v2\/posts"}],"about":[{"href":"https:\/\/www.europesays.com\/es\/wp-json\/wp\/v2\/types\/post"}],"author":[{"embeddable":true,"href":"https:\/\/www.europesays.com\/es\/wp-json\/wp\/v2\/users\/2"}],"replies":[{"embeddable":true,"href":"https:\/\/www.europesays.com\/es\/wp-json\/wp\/v2\/comments?post=52565"}],"version-history":[{"count":0,"href":"https:\/\/www.europesays.com\/es\/wp-json\/wp\/v2\/posts\/52565\/revisions"}],"wp:featuredmedia":[{"embeddable":true,"href":"https:\/\/www.europesays.com\/es\/wp-json\/wp\/v2\/media\/52566"}],"wp:attachment":[{"href":"https:\/\/www.europesays.com\/es\/wp-json\/wp\/v2\/media?parent=52565"}],"wp:term":[{"taxonomy":"category","embeddable":true,"href":"https:\/\/www.europesays.com\/es\/wp-json\/wp\/v2\/categories?post=52565"},{"taxonomy":"post_tag","embeddable":true,"href":"https:\/\/www.europesays.com\/es\/wp-json\/wp\/v2\/tags?post=52565"}],"curies":[{"name":"wp","href":"https:\/\/api.w.org\/{rel}","templated":true}]}}