{"id":52573,"date":"2025-08-17T01:26:07","date_gmt":"2025-08-17T01:26:07","guid":{"rendered":"https:\/\/www.europesays.com\/es\/52573\/"},"modified":"2025-08-17T01:26:07","modified_gmt":"2025-08-17T01:26:07","slug":"murio-el-actor-alberto-martin-tenia-81-anos","status":"publish","type":"post","link":"https:\/\/www.europesays.com\/es\/52573\/","title":{"rendered":"Muri\u00f3 el actor Alberto Mart\u00edn | Ten\u00eda 81 a\u00f1os"},"content":{"rendered":"<p>El reconocido actor Alberto Mart\u00edn, de larga trayectoria en cine, televisi\u00f3n y teatro, falleci\u00f3 este s\u00e1bado, seg\u00fan confirm\u00f3 el productor Carlos Rottemberg, a trav\u00e9s de un mensaje en sus redes sociales.<\/p>\n<p>                <a data-iframely-url=\"\" href=\"https:\/\/twitter.com\/multiteatro\/status\/1956836330354135377\" rel=\"nofollow noopener\" target=\"_blank\">https:\/\/twitter.com\/multiteatro\/status\/1956836330354135377<\/a><\/p>\n<p>\u201cAnte el fallecimiento del actor Alberto Mart\u00edn, desde esta Casa Teatral despedimos con tristeza a uno de aquellos \u2018hist\u00f3ricos\u2019 del espect\u00e1culo nacional. Vayan nuestras sentidas condolencias a toda su familia\u201d, expres\u00f3 el mensaje de despedida de Rottemberg, en su cuenta de X.<\/p>\n<p>Mart\u00edn, cuyo nombre real era Luis Alberto Di Feo, hab\u00eda tenido sus \u00faltimas apariciones en el programa \u2018Ma\u00f1an\u00edsima\u2019, que conduc\u00eda Carmen Barbieri, y que se emit\u00eda por Canal 13 hasta el a\u00f1o pasado.<\/p>\n<p>El actor, nacido en San Mart\u00edn y fan\u00e1tico hincha de Racing, demostr\u00f3 desde muy joven su inclinaci\u00f3n por el arte. A los seis a\u00f1os debut\u00f3 en el cine con la pel\u00edcula La muerte est\u00e1 mintiendo (1950), iniciando una carrera que se prolongar\u00eda por m\u00e1s de siete d\u00e9cadas.<\/p>\n<p>Durante los a\u00f1os \u201960, \u201970 y \u201980 se convirti\u00f3 en un rostro familiar de la televisi\u00f3n argentina, participando en ciclos emblem\u00e1ticos como Su comedia favorita (1965), Alta Comedia (1972), Gutierritos (1975), Los hijos de L\u00f3pez (1979-1980), Tato, la leyenda contin\u00faa (1991) y Amas de casa desesperadas (2006), entre otros.<\/p>\n<p>En paralelo, desarroll\u00f3 una carrera prol\u00edfica en el cine con t\u00edtulos como Yo, el mejor (1977), Brigada en acci\u00f3n (1977) y \u00a1Qu\u00e9 linda es mi familia! (1980), que lo posicionaron como una figura vers\u00e1til en la pantalla grande.<\/p>\n<p>Asimismo, el teatro fue otro de los espacios donde Mart\u00edn brill\u00f3, destac\u00e1ndose en obras como Fant\u00e1stica, La jaula de las locas y Mi querido Mr. New York. Su capacidad para transitar con naturalidad entre el drama y la comedia lo convirti\u00f3 en un int\u00e9rprete muy valorado por el p\u00fablico y la cr\u00edtica.<\/p>\n<p>Con su partida, el espect\u00e1culo argentino pierde a uno de sus referentes m\u00e1s queridos. Su talento, carisma y legado art\u00edstico dejan una marca imborrable en la cultura nacional.<\/p>\n<p><script async src=\"https:\/\/platform.twitter.com\/widgets.js\" charset=\"utf-8\"><\/script><\/p>\n","protected":false},"excerpt":{"rendered":"El reconocido actor Alberto Mart\u00edn, de larga trayectoria en cine, televisi\u00f3n y teatro, falleci\u00f3 este s\u00e1bado, seg\u00fan confirm\u00f3&hellip;\n","protected":false},"author":2,"featured_media":52574,"comment_status":"","ping_status":"","sticky":false,"template":"","format":"standard","meta":{"footnotes":""},"categories":[91],"tags":[146,147,25,24,23,807],"class_list":{"0":"post-52573","1":"post","2":"type-post","3":"status-publish","4":"format-standard","5":"has-post-thumbnail","7":"category-entretenimiento","8":"tag-entertainment","9":"tag-entretenimiento","10":"tag-es","11":"tag-espana","12":"tag-spain","13":"tag-television"},"share_on_mastodon":{"url":"","error":""},"_links":{"self":[{"href":"https:\/\/www.europesays.com\/es\/wp-json\/wp\/v2\/posts\/52573","targetHints":{"allow":["GET"]}}],"collection":[{"href":"https:\/\/www.europesays.com\/es\/wp-json\/wp\/v2\/posts"}],"about":[{"href":"https:\/\/www.europesays.com\/es\/wp-json\/wp\/v2\/types\/post"}],"author":[{"embeddable":true,"href":"https:\/\/www.europesays.com\/es\/wp-json\/wp\/v2\/users\/2"}],"replies":[{"embeddable":true,"href":"https:\/\/www.europesays.com\/es\/wp-json\/wp\/v2\/comments?post=52573"}],"version-history":[{"count":0,"href":"https:\/\/www.europesays.com\/es\/wp-json\/wp\/v2\/posts\/52573\/revisions"}],"wp:featuredmedia":[{"embeddable":true,"href":"https:\/\/www.europesays.com\/es\/wp-json\/wp\/v2\/media\/52574"}],"wp:attachment":[{"href":"https:\/\/www.europesays.com\/es\/wp-json\/wp\/v2\/media?parent=52573"}],"wp:term":[{"taxonomy":"category","embeddable":true,"href":"https:\/\/www.europesays.com\/es\/wp-json\/wp\/v2\/categories?post=52573"},{"taxonomy":"post_tag","embeddable":true,"href":"https:\/\/www.europesays.com\/es\/wp-json\/wp\/v2\/tags?post=52573"}],"curies":[{"name":"wp","href":"https:\/\/api.w.org\/{rel}","templated":true}]}}