{"id":52579,"date":"2025-08-17T01:30:12","date_gmt":"2025-08-17T01:30:12","guid":{"rendered":"https:\/\/www.europesays.com\/es\/52579\/"},"modified":"2025-08-17T01:30:12","modified_gmt":"2025-08-17T01:30:12","slug":"leon-arde-sin-control-21-incendios-forestales-activos-y-1-400-desalojados-en-un-dia-intenso-y-complicado","status":"publish","type":"post","link":"https:\/\/www.europesays.com\/es\/52579\/","title":{"rendered":"Le\u00f3n arde sin control: 21 incendios forestales activos y 1.400 desalojados en \u00abun d\u00eda intenso y complicado\u00bb"},"content":{"rendered":"<p><a class=\"v-mdl-ath__fig-a\" href=\"https:\/\/www.leonoticias.com\/autor\/i-santos-3002.html\" title=\"I. Santos\" rel=\"nofollow noopener\" target=\"_blank\"><br \/>\n<img decoding=\"async\" class=\"v-mdl-ath__img\" src=\"https:\/\/www.europesays.com\/es\/wp-content\/uploads\/2025\/08\/autor-3002-foto-2.jpeg\" alt=\"I. Santos\"\/><br \/>\n<\/a><\/p>\n<p class=\"v-mdl-ath__p v-mdl-ath__p--6\">\nS\u00e1bado, 16 de agosto 2025, 23:26<\/p>\n<p>| Actualizado 23:57h.<\/p>\n<p class=\"v-p\">\u00abUn d\u00eda intenso, complicado, en el que se han ido sumando IGR 2, concretamente, tenemos nueve incendios de nivel 2, tenemos luego tambi\u00e9n dos de gravedad 1 y tambi\u00e9n tenemos 10 incendios cero estabilizados controlados, es decir, que actualmente tenemos 21 incendios en la provincia de Le\u00f3n\u00bb, comenzaba el resumen de la jornada Eduardo Diego Pinedo, delegado territorial de la Junta de Castilla y Le\u00f3n en la provincia. <\/p>\n<p class=\"v-p\">No parece mejorar la situaci\u00f3n en la provincia leonesa. Y lo que es peor, por las noches suele empeorar. La tarde de este s\u00e1bado, 16 de agosto, se ha presentado como una de las peores de las \u00faltimas semanas. Aunque la acumulaci\u00f3n de frentes abiertos es uno de los motivos por los que la situaci\u00f3n parece insostenible. Son un total de 21 focos activos en una provincia que no parece respirar, en muchos casos desde el viernes 8 de agosto cuando se iniciaron algunos de estos incendios forestales. <\/p>\n<p class=\"v-p\">La esperanza est\u00e1 puesta en este domingo. \u00abEsperemos que la climatolog\u00eda que nos anuncia un inicio de bajada de temperaturas, sobre todo en la noche del domingo al lunes, esperemos que de esa forma podamos vencer al fuego\u00bb. Unos incendios que son de un comportamiento muy extra\u00f1o, especialmente durante la noche.<\/p>\n<p>Situaci\u00f3n de los incendios<\/p>\n<p class=\"v-p\">Yeres, no hay problemas en este caso para la poblaci\u00f3n, pero s\u00ed que es verdad que en la zona de Cabrera, el flanco norte super\u00f3 la l\u00ednea que se hab\u00eda hecho en el Morredero, como bien sab\u00e9is y se est\u00e1 eh se est\u00e1 intentando estabilizar fundamentalmente para que pierda esa virulencia que tiene en direcci\u00f3n Ponferrada. \u00abHa virado concretamente hacia la Cepeda, es decir, superando la l\u00ednea de Compludo. Entendemos que Ponferrada no corre riesgo en cuanto a su entorno\u00bb, ha remarcado Eduardo Diego Pinedo, delegado territorial de la Junta de Castilla y Le\u00f3n en la provincia leonesa. <\/p>\n<p><img decoding=\"async\" loading=\"lazy\" src=\"https:\/\/www.europesays.com\/es\/wp-content\/uploads\/2025\/08\/_03MAX202508702735-kDF-U2302661604501SQD-650x455@Leonoticias.jpg\" class=\"v-a-img\" width=\"650\" height=\"455\" alt=\"La peque\u00f1a localidad de Fasgar se encuentra amenazada por un incendio forestal\" data-voc-vtm-id=\"in-text-traffic\"\/><\/p>\n<p>La peque\u00f1a localidad de Fasgar se encuentra amenazada por un incendio forestal<\/p>\n<p>Peio Garc\u00eda<\/p>\n<p><img loading=\"lazy\" decoding=\"async\" src=\"https:\/\/www.europesays.com\/es\/wp-content\/uploads\/2025\/08\/_03MAX202508702735-kDF-U2302661604501yLB-1920x1344@Leonoticias.jpg\" class=\"v-mdl__img-z\" width=\"1920\" height=\"1344\" alt=\"\"\/><\/p>\n<p class=\"v-p\">La situaci\u00f3n de los incendios de la provincia se ha vuelto tan complicada que en el caso de Llamas de la Cabrera en direcci\u00f3n a Pe\u00f1alba, en una sola noche el fuego quem\u00f3 m\u00e1s terreno que durante los cuatro d\u00edas anteriores. \u00abEsta es la virulencia de los incendios a los que nos estamos enfrentando\u00bb, lament\u00f3 Diego. <\/p>\n<p class=\"v-p\">En el incendio de Fasgar la zona est\u00e1 activa y despu\u00e9s de varios d\u00edas en otra direcci\u00f3n el fuego vuelve ahora hacia Fasgar, aunque no ha llegado a la poblaci\u00f3n y en este caso se est\u00e1 intentando defender la localidad. <\/p>\n<p class=\"v-p\">En el caso del fuego de Anllares de Sil, hay varios puntos activos (en el oeste y norte), que avanzan en direcci\u00f3n a Asturias. <\/p>\n<p class=\"v-p\">Por su parte, el incendio de Gestoso, el que ha entrado por Orense, es \u00abun incendio que nos preocupa porque es potente, fuerte, con mucha l\u00ednea y flanco\u00bb. En este caso, se ha procedido al desalojo de seis localidades, pero preocupa por su actividad y por su su larga l\u00ednea de fuego.<\/p>\n<p class=\"v-p\">En el caso del fuego de Ca\u00edn, el desalojo se debe al tema de las piedras y los desprendimientos, mismo motivo por el que est\u00e1 cortada la ruta del Cares. <\/p>\n<p class=\"v-p\">El fuego de Zamora que ven\u00eda de Moceluelas, ya no preocupa, porque no hay reproducciones.<\/p>\n<p><a href=\"http:\/\/www.leonoticias.com\/comarcas\/quedo-ayudan-incendio-lleva-pueblo-entero-20250816103128-nt.html#vtm_modulosEngag=mod-rel:comarcas:noticia:1:cmp:1-not\" class=\"v-a-link\" aria-label=\"Imagen\" rel=\"nofollow noopener\" target=\"_blank\"><\/p>\n<p><img decoding=\"async\" loading=\"lazy\" src=\"https:\/\/www.europesays.com\/es\/wp-content\/uploads\/2025\/08\/capturavacas-kvw--366x256@Leonoticias.PNG\" class=\"v-a-img\" width=\"258\" height=\"180\" alt=\"\" data-voc-vtm-id=\"in-text-traffic\"\/><\/p>\n<p><\/a><\/p>\n<p class=\"v-p\">El de Barniedo, tiene <a href=\"https:\/\/www.leonoticias.com\/comarcas\/comportamiento-fuego-imprevisible-viento-vuelve-locos-20250816150134-nt.html\" data-voc-vtm-id=\"in-text-traffic\" title=\"una evoluci\u00f3n virulenta\" rel=\"nofollow noopener\" target=\"_blank\">una evoluci\u00f3n virulenta<\/a> y ha pasado a Palencia, con lo cual se ha convertido en incendio auton\u00f3mico. En estos momentos, no hay un control efectivo y se va a trabajar con cortafuegos y maquinaria pesada para evitar que pase a la zona de Ria\u00f1o.<\/p>\n<p class=\"v-p\">En cuanto al fuego de Canalejas, que pasa tambi\u00e9n a Palencia, naci\u00f3 en el municipio de Almanza, tambi\u00e9n pasa a ser un un IGR 2 auton\u00f3mico. En este caso, el frente es \u00abmuy potente y virulento\u00bb y ha cogido una masa arbolada con m\u00e1s de 3.000 hect\u00e1reas de pinar que bueno, pues al final es tambi\u00e9n un motivo de de de preocupaci\u00f3n.<\/p>\n<p>Nuevas poblaciones desalojadas<\/p>\n<p class=\"v-p\">El s\u00e1bado comenz\u00f3 con una buena noticia y no hubo m\u00e1s. A primera hora se anunci\u00f3 y llev\u00f3 a cabo el realojo de m\u00e1s de 2.000 leoneses en las 15 localidades del incendio de Castrocalb\u00f3n que eran los \u00faltimos que quedaban por volver a casa. Pero, tal como explic\u00f3 Diego, \u00abeso no significa que estemos en buena situaci\u00f3n porque a lo largo del d\u00eda hemos tenido que proceder a diferentes desalojos\u00bb. <\/p>\n<p class=\"v-p\">Actualmente hay 28 localidades desalojadas y con unas 1.400 personas. La complicada evoluci\u00f3n de los incendios y algunos nuevos ha motivado estas decisiones. Uno de ellos ha sido un fuego iniciado en la tarde de este s\u00e1bado, que en muy poco tiempo pas\u00f3 a nivel 2 de peligrosidad. El fuego de Canalejas, en el municipio de Almanza, ha motivado el desalojo de seis localidades, Canalejas, Calaveras de Abajo, Calaveras de Arriba, Valcuende y La Espina. Algunos de ellos alojados en la Casa de Cultura de Almanza y otras se van a quedar en Puente Almuey en albergue o en las escuelas.<\/p>\n<p class=\"v-p\">A \u00faltima hora de la jornada ha entrado en Oencia un virulento fuego que viene de Orense, en este caso son seis las localidades tambi\u00e9n a desalojar, que van a ir al pabell\u00f3n de Villafranca, donde ya hay un operativo montado por d\u00edas anteriores con la colaboraci\u00f3n de Cruz Roja. Arnado, Gestoso, Leiroso, Villarrub\u00edn, Sabitul y y Luc\u00edo.<\/p>\n<p><img decoding=\"async\" loading=\"lazy\" src=\"https:\/\/www.europesays.com\/es\/wp-content\/uploads\/2025\/08\/DAMBin (3).jpg\" class=\"v-a-img\" width=\"650\" height=\"455\" alt=\"Un hombre muestra una fotograf\u00eda comparat\u00edva de c\u00f3mo estaba el monte en los a\u00f1os 60 y como est\u00e1 ahora.\" data-voc-vtm-id=\"in-text-traffic\"\/><\/p>\n<p>Un hombre muestra una fotograf\u00eda comparat\u00edva de c\u00f3mo estaba el monte en los a\u00f1os 60 y como est\u00e1 ahora.<\/p>\n<p>Rodr\u00edgo Jim\u00e9nez<\/p>\n<p><img loading=\"lazy\" decoding=\"async\" src=\"https:\/\/www.europesays.com\/es\/wp-content\/uploads\/2025\/08\/DAMBin (3)-kDF-U230266160450105E-1920x1344@Leonoticias.jpg\" class=\"v-mdl__img-z\" width=\"1920\" height=\"1344\" alt=\"\"\/><\/p>\n<p class=\"v-p\">Finalmente, el otro fuego de este s\u00e1bado ha llegado a Ca\u00edn. \u00abA \u00faltima hora hemos tenido que proceder al desalojo de Ca\u00edn, en el municipio de Posada de Valde\u00f3n, porque entra un incendio desde Asturias por la ruta del Cares\u00bb. Esta evacuaci\u00f3n de los vecinos se produce por evitar peligros \u00abfundamentalmente por desprendimiento de rocas en la propia poblaci\u00f3n de Ca\u00edn\u00bb, manifest\u00f3 tras la reuni\u00f3n de Cecopi Eduardo Diego Pinedo, delegado territorial de la Junta de Castilla y Le\u00f3n en la provincia. <\/p>\n<p class=\"v-p\">En cuanto al <a href=\"https:\/\/www.elbierzonoticias.com\/bierzo\/evacuados-palacios-compludo-hijo-madre-pare-20250816184841-nt.html\" data-voc-vtm-id=\"in-text-traffic\" title=\"incendio de Yeres y Llamas de Cabrera\" data-mrf-link=\"www.elbierzonoticias.com\" rel=\"nofollow noopener\" target=\"_blank\">incendio de Yeres y Llamas de Cabrera<\/a>, se han incorporado a las localidades ya evacuadas tres nuevas: Pobladura de la Sierra, Piedras Albas y Prada de la Sierra. Tambi\u00e9n se suman dos localidades por evitar riesgos y en el incendio de Paradi\u00f1a se ha incorporado Paradi\u00f1a y Pobladura de Somoza. En el<a href=\"https:\/\/www.leonoticias.com\/comarcas\/incendio-barniedo-avanza-evacua-tres-localidades-paraiso-20250816202601-nt.html\" data-voc-vtm-id=\"in-text-traffic\" title=\" fuego de Barniedo\" rel=\"nofollow noopener\" target=\"_blank\"> fuego de Barniedo<\/a>, que el viernes estaba desalojado Portilla de la Reina, se ha a\u00f1adido Ll\u00e1naves y Casasuertes. <\/p>\n<p class=\"v-p\">Por otro lado, hay poblaciones confinadas (no dejan ir a turistas y los vecinos no deben salir de las casas) Santalavilla y Odollo del del incendio de de Llamas de Cabrera.<\/p>\n<p>Carreteras y cortes<\/p>\n<p class=\"v-p\">En relaci\u00f3n a las comunicaciones, el Cecopi ha tomado la decisi\u00f3n de cortar la comunicaci\u00f3n en tren en la l\u00ednea de ferrocarril de v\u00eda estrecha (Feve) entre Puente Almuhey y Guardo. Tambi\u00e9n se ha procedido al corte de la l\u00ednea el\u00e9ctrica en Paradi\u00f1a para realizar diferentes acciones y actividades contra incendios en ese lugar.<\/p>\n<p class=\"v-p\">Por otra parte, se mantiene cortada la N-621 desde el \u00faltimo pueblo de Cantabria hasta Barniedo, tambi\u00e9n est\u00e1 cortada la LE-164 entre Pombriego y Llamas de Cabrera, la LE-7311 desde Odallo y tambi\u00e9n la LE-5228 en la subida al Morredero. Adem\u00e1s, se incorpora el corte de tr\u00e1fico entre Salas de los Barrios y San Crist\u00f3bal de Valdueza.<\/p>\n<p>Comenta<\/p>\n<p>Reporta un error<\/p>\n","protected":false},"excerpt":{"rendered":"S\u00e1bado, 16 de agosto 2025, 23:26 | Actualizado 23:57h. \u00abUn d\u00eda intenso, complicado, en el que se han&hellip;\n","protected":false},"author":2,"featured_media":52580,"comment_status":"","ping_status":"","sticky":false,"template":"","format":"standard","meta":{"footnotes":""},"categories":[8],"tags":[23148,3353,5054,17,18,22004,2811,19877,978,25,24,13,14,21987,11,4342,23149,19,20,4108,9,10,15,16,23,12,21,22],"class_list":{"0":"post-52579","1":"post","2":"type-post","3":"status-publish","4":"format-standard","5":"has-post-thumbnail","7":"category-espana","8":"tag-23148","9":"tag-activos","10":"tag-arde","11":"tag-breaking-news","12":"tag-breakingnews","13":"tag-complicado","14":"tag-control","15":"tag-desalojados","16":"tag-dia","17":"tag-es","18":"tag-espana","19":"tag-featured-news","20":"tag-featurednews","21":"tag-forestales","22":"tag-headlines","23":"tag-incendios","24":"tag-intenso","25":"tag-latest-news","26":"tag-latestnews","27":"tag-leon","28":"tag-news","29":"tag-noticias","30":"tag-noticias-destacadas","31":"tag-noticiasdestacadas","32":"tag-spain","33":"tag-titulares","34":"tag-ultimas-noticias","35":"tag-ultimasnoticias"},"share_on_mastodon":{"url":"","error":""},"_links":{"self":[{"href":"https:\/\/www.europesays.com\/es\/wp-json\/wp\/v2\/posts\/52579","targetHints":{"allow":["GET"]}}],"collection":[{"href":"https:\/\/www.europesays.com\/es\/wp-json\/wp\/v2\/posts"}],"about":[{"href":"https:\/\/www.europesays.com\/es\/wp-json\/wp\/v2\/types\/post"}],"author":[{"embeddable":true,"href":"https:\/\/www.europesays.com\/es\/wp-json\/wp\/v2\/users\/2"}],"replies":[{"embeddable":true,"href":"https:\/\/www.europesays.com\/es\/wp-json\/wp\/v2\/comments?post=52579"}],"version-history":[{"count":0,"href":"https:\/\/www.europesays.com\/es\/wp-json\/wp\/v2\/posts\/52579\/revisions"}],"wp:featuredmedia":[{"embeddable":true,"href":"https:\/\/www.europesays.com\/es\/wp-json\/wp\/v2\/media\/52580"}],"wp:attachment":[{"href":"https:\/\/www.europesays.com\/es\/wp-json\/wp\/v2\/media?parent=52579"}],"wp:term":[{"taxonomy":"category","embeddable":true,"href":"https:\/\/www.europesays.com\/es\/wp-json\/wp\/v2\/categories?post=52579"},{"taxonomy":"post_tag","embeddable":true,"href":"https:\/\/www.europesays.com\/es\/wp-json\/wp\/v2\/tags?post=52579"}],"curies":[{"name":"wp","href":"https:\/\/api.w.org\/{rel}","templated":true}]}}