{"id":52583,"date":"2025-08-17T01:33:11","date_gmt":"2025-08-17T01:33:11","guid":{"rendered":"https:\/\/www.europesays.com\/es\/52583\/"},"modified":"2025-08-17T01:33:11","modified_gmt":"2025-08-17T01:33:11","slug":"morenito-de-aranda-y-sergio-rodriguez-abren-la-puerta-grande-en-el-espinar","status":"publish","type":"post","link":"https:\/\/www.europesays.com\/es\/52583\/","title":{"rendered":"Morenito de Aranda y Sergio Rodr\u00edguez abren la puerta grande en El Espinar"},"content":{"rendered":"<p>Morenito de Aranda fue el encargado de abrir plaza en la tradicional corrida de toros que organiza cada verano el Ayuntamiento de El Espinar, siendo  &#8230; una de las citas taurinas m\u00e1s importantes del verano en la provincia de Segovia. El cuajo, la estampa, la seriedad y las hechuras de los toros de la ganader\u00eda Pe\u00f1ajara eran el gran aliciente de una tarde que arranc\u00f3 fr\u00eda. Se present\u00f3 el cartel como una de las citas de m\u00e1s acusado acento torista del verano en Castilla. Pe\u00f1ajara, un hierro torista, para una apuesta por el torismo de la calidad y la presencia.<\/p>\n<p class=\"v-p\">&#8216;Galguito&#8217;, de capa negra mulata, ofreci\u00f3 poco juego debido a su falta de fuerza. Aranda se entreg\u00f3. Tres series de muleta por alto y una gran estocada fue lo m\u00e1s rese\u00f1able de un primer toro con mucha casta que se resisti\u00f3 a morir. Aunque la embestida no era propicia para el lucimiento, Morenito nunca se dio por vencido en una faena de m\u00e9rito y firmeza que no tuvo premio.<\/p>\n<p class=\"v-p\">Valent\u00eda y mucha entrega puso sobre el ruedo espinariego Javier Cort\u00e9s que cort\u00f3 la primera oreja de la tarde a un toro colorado bragado que pele\u00f3 en el caballo y se dej\u00f3 guiar con la muleta. Present\u00f3 una embestida exigente y seria que Cort\u00e9s aprovech\u00f3 para dejar una faena de gran empaque. La certera estocada fue clave para la concesi\u00f3n del premio que pase\u00f3 con Javier con su caracter\u00edstica sonrisa.<\/p>\n<p class=\"v-p\">El reciente ganador de la Copa Chenel, el abulense Sergio Rodr\u00edguez, ofreci\u00f3 en la lidia del tercero gran frescura. Plante\u00f3 una faena templada, con puntos de inspiraci\u00f3n y otros de toreo m\u00e1s cl\u00e1sico, estando muy por encima de un toro negro bragado que fue de m\u00e1s a menos. La entrega de Sergio ya val\u00eda una oreja que fue concedida tras una extraordinaria estocada. Se tir\u00f3 a matar de frente y hundi\u00f3 el acero hasta la empu\u00f1adura. Cumbre el abulense.<\/p>\n<p class=\"v-p\">Rotunda faena de Morenito de Aranda al cuarto de la tarde. Un gran ejemplar de Pe\u00f1ajara al que desorej\u00f3 el veterano torero que este a\u00f1o cumple 20 a\u00f1os de alternativa. El bravo animal empez\u00f3 a galopar en redondo, cosido a una muleta poderosa que acariciaba sus embestidas. Temple, cadencia y ligaz\u00f3n en el centro del ruedo arrancaron los aplausos y la ovaci\u00f3n del p\u00fablico que sigui\u00f3 la faena con pasi\u00f3n y, despu\u00e9s de una entera, exigi\u00f3 las dos orejas para el torero. Ech\u00f3 toda la carne en el asador a lo largo de una faena vibrante y comprometida para resarcirse de lo ocurrido en su primer toro.<\/p>\n<p><img decoding=\"async\" loading=\"lazy\" src=\"https:\/\/www.europesays.com\/es\/wp-content\/uploads\/2025\/08\/toros-kfsH-U2302661249645OXC-624x385@El Norte.jpg\" class=\"v-a-img\" width=\"624\" height=\"385\" alt=\"Morenito de Aranda exhibe sus trofeos.\" data-voc-vtm-id=\"in-text-traffic\"\/><\/p>\n<p>Morenito de Aranda exhibe sus trofeos.<\/p>\n<p>E. R.<\/p>\n<p><img loading=\"lazy\" decoding=\"async\" src=\"https:\/\/www.europesays.com\/es\/wp-content\/uploads\/2025\/08\/toros-kfsH-U2302661249645OXC-624x385@El Norte.jpg\" class=\"v-mdl__img-z\" width=\"624\" height=\"385\" alt=\"\"\/><\/p>\n<p class=\"v-p\">El quinto toro de Pe\u00f1ajara fue un astado que brill\u00f3 m\u00e1s por su llamativa capa sarda que por sus embestidas. Se defendi\u00f3 en el capote de Javier Cort\u00e9s y pele\u00f3 en el caballo. Tanto que despu\u00e9s de dos puyazos traseros y descolocados sali\u00f3 sin fuerza. No termin\u00f3 de fijar la embestida en la muleta del diestro madrile\u00f1o que fall\u00f3 con la espada y necesit\u00f3 del descabello para terminar su actuaci\u00f3n.<\/p>\n<p class=\"v-p\">Todas las miradas estaban puestas en Sergio Rodr\u00edguez y en sus posibilidades para salir a hombros. La lidia del sexto, otro colorado bragado, fue exquisita, tanto en el tercio de varas, como en el de banderillas. Sin embargo, el animal lleg\u00f3 falto de fuerzas al tercio final. Ah\u00ed es donde la poderosa muleta del abulense sac\u00f3 dos series de naturales de gran valor. Llev\u00f3 con soltura la embestida y coloc\u00f3 al astado para la suerte final. Otra gran estocada para acompa\u00f1ar a Morenito en la puerta grande. A pesar de su corta edad, Sergio se mostr\u00f3 en todo momento muy seguro. No tuvo prisa y se vaci\u00f3 en su actuaci\u00f3n, dejando en evidencia su superioridad frente al animal.<\/p>\n<p><a href=\"http:\/\/www.elnortedecastilla.es\/segovia\/morenito-aranda-javier-cortes-sergio-rodriguez-daran-20250809091447-nt.html#vtm_modulosEngag=mod-rel:segovia:noticia:1:cmp:1-not\" class=\"v-a-link\" aria-label=\"Imagen\" rel=\"nofollow noopener\" target=\"_blank\"><\/p>\n<p><img decoding=\"async\" loading=\"lazy\" src=\"https:\/\/www.europesays.com\/es\/wp-content\/uploads\/2025\/08\/1499431883-kgwH--366x256@El Norte.jpg\" class=\"v-a-img\" width=\"258\" height=\"180\" alt=\"\" data-voc-vtm-id=\"in-text-traffic\"\/><\/p>\n<p><\/a><\/p>\n<p class=\"v-p\">En l\u00edneas generales, la corrida fue desigual, con dos toros colorados, los que hicieron segundo y cuarto, de gran dimensi\u00f3n. No presentaban las mejores hechuras, pero s\u00ed embestidas de calidad que permitieron a Javier Cort\u00e9s y Morenito de Aranda expresar sus conceptos. Un a\u00f1o m\u00e1s, la Plaza de Toros espinariega volvi\u00f3 a brillar con poco m\u00e1s de media entrenada que hubiera sido mayor si el precio de las entradas hubiera acompa\u00f1ado. A\u00f1o tras a\u00f1o, y ya van seis consecutivos, El Espinar se convierte en el epicentro de la tauromaquia segoviana.<\/p>\n","protected":false},"excerpt":{"rendered":"Morenito de Aranda fue el encargado de abrir plaza en la tradicional corrida de toros que organiza cada&hellip;\n","protected":false},"author":2,"featured_media":52584,"comment_status":"","ping_status":"","sticky":false,"template":"","format":"standard","meta":{"footnotes":""},"categories":[277],"tags":[12872,11836,373,168,25,24,18263,699,11835,740,416,2139,23,167,374],"class_list":{"0":"post-52583","1":"post","2":"type-post","3":"status-publish","4":"format-standard","5":"has-post-thumbnail","7":"category-toreo","8":"tag-abren","9":"tag-aranda","10":"tag-bullfighting","11":"tag-deportes","12":"tag-es","13":"tag-espana","14":"tag-espinar","15":"tag-grande","16":"tag-morenito","17":"tag-puerta","18":"tag-rodriguez","19":"tag-sergio","20":"tag-spain","21":"tag-sports","22":"tag-toreo"},"share_on_mastodon":{"url":"","error":""},"_links":{"self":[{"href":"https:\/\/www.europesays.com\/es\/wp-json\/wp\/v2\/posts\/52583","targetHints":{"allow":["GET"]}}],"collection":[{"href":"https:\/\/www.europesays.com\/es\/wp-json\/wp\/v2\/posts"}],"about":[{"href":"https:\/\/www.europesays.com\/es\/wp-json\/wp\/v2\/types\/post"}],"author":[{"embeddable":true,"href":"https:\/\/www.europesays.com\/es\/wp-json\/wp\/v2\/users\/2"}],"replies":[{"embeddable":true,"href":"https:\/\/www.europesays.com\/es\/wp-json\/wp\/v2\/comments?post=52583"}],"version-history":[{"count":0,"href":"https:\/\/www.europesays.com\/es\/wp-json\/wp\/v2\/posts\/52583\/revisions"}],"wp:featuredmedia":[{"embeddable":true,"href":"https:\/\/www.europesays.com\/es\/wp-json\/wp\/v2\/media\/52584"}],"wp:attachment":[{"href":"https:\/\/www.europesays.com\/es\/wp-json\/wp\/v2\/media?parent=52583"}],"wp:term":[{"taxonomy":"category","embeddable":true,"href":"https:\/\/www.europesays.com\/es\/wp-json\/wp\/v2\/categories?post=52583"},{"taxonomy":"post_tag","embeddable":true,"href":"https:\/\/www.europesays.com\/es\/wp-json\/wp\/v2\/tags?post=52583"}],"curies":[{"name":"wp","href":"https:\/\/api.w.org\/{rel}","templated":true}]}}