{"id":525890,"date":"2026-04-30T17:33:12","date_gmt":"2026-04-30T17:33:12","guid":{"rendered":"https:\/\/www.europesays.com\/es\/525890\/"},"modified":"2026-04-30T17:33:12","modified_gmt":"2026-04-30T17:33:12","slug":"el-bbva-dio-la-baja-voluntaria-a-750-trabajadores-en-el-primer-trimestre-empresas","status":"publish","type":"post","link":"https:\/\/www.europesays.com\/es\/525890\/","title":{"rendered":"El BBVA dio la baja voluntaria a 750 trabajadores en el primer trimestre | Empresas"},"content":{"rendered":"<p class=\"\">El BBVA ha acometido durante el primer trimestre del a\u00f1o una reducci\u00f3n de plantilla de 750 trabajadores mediante bajas voluntarias, seg\u00fan ha explicado Luisa G\u00f3mez Bravo, su directora financiera, en la rueda de prensa de presentaci\u00f3n de resultados de la entidad. En todo caso, al mismo tiempo que se produjeron esas bajas, hubo contrataciones, de forma que la plantilla solo disminuye en 297 personas en el trimestre. En n\u00fameros absolutos, es una rebaja peque\u00f1a para una plantilla de 126.877 trabajadores en todo el mundo, en un contexto de reducci\u00f3n del personal en el sector bancario.<\/p>\n<p class=\"\">El banco ha descrito este recorte de plantilla, como \u201cun plan de salidas voluntarias\u201d y lo ha enmarcado en \u201cmejoras de productividad y eficiencia\u201d. Ha descartado, eso s\u00ed, que est\u00e9n vinculados en ning\u00fan caso con el uso de la inteligencia artificial, de la que el consejero delegado, Onur Gen\u00e7, ha dicho que a\u00fan es incipiente en el grupo.<\/p>\n<p class=\"\">De las 750 salidas, buena parte se han producido en Espa\u00f1a, 230. En total, el banco se ha gastado en este programa 125 millones de euros. De esta cantidad, 40 millones de euros se han cargado a la divisi\u00f3n espa\u00f1ola y otros 60 millones han ido al centro corporativo. En este caso, no ha sido expediente de regulaci\u00f3n de empleo como tal, pero s\u00ed ha elevado los gastos en la cuenta de resultados un 13%, hasta los 4.000 millones. En Espa\u00f1a los gastos han sido de 894 millones, de los cuales 495 millones fueron en gastos de personal. Las cifras, seg\u00fan ha matizado G\u00f3mez Bravo, est\u00e1n en consonancia con las previsiones que dieron al mercado meses atr\u00e1s.<\/p>\n<p class=\"\">El movimiento se produjo apenas unos meses despu\u00e9s de que pinchase la <a href=\"https:\/\/elpais.com\/economia\/2025-10-11\/cronica-de-una-opa-interminable-17-meses-y-10-dias-de-un-conflicto-que-amenaza-con-cronificarse.html\" target=\"_blank\" rel=\"noreferrer nofollow noopener\" title=\"https:\/\/elpais.com\/economia\/2025-10-11\/cronica-de-una-opa-interminable-17-meses-y-10-dias-de-un-conflicto-que-amenaza-con-cronificarse.html\">opa hostil<\/a> que lanz\u00f3 sobre el Sabadell, que <a href=\"https:\/\/elpais.com\/economia\/2025-09-05\/el-bbva-limita-a-235-millones-de-euros-las-sinergias-de-la-opa-mientras-por-el-blindaje-del-gobierno.html\" target=\"_blank\" rel=\"noreferrer nofollow noopener\" title=\"https:\/\/elpais.com\/economia\/2025-09-05\/el-bbva-limita-a-235-millones-de-euros-las-sinergias-de-la-opa-mientras-por-el-blindaje-del-gobierno.html\">contemplaba ahorros de personal de 325 millones<\/a>, con el cierre de 300 oficinas y un ERE que, seg\u00fan previsiones del sector, podr\u00eda haber afectado a unas 4.000 personas en total. La destrucci\u00f3n de empleo con la opa era uno de los puntos cr\u00edticos para el Gobierno en la operaci\u00f3n. De hecho, <a href=\"https:\/\/elpais.com\/economia\/2025-06-24\/el-gobierno-impone-al-bbva-mantener-el-sabadell-como-un-banco-separado-durante-tres-anos.html\" target=\"_blank\" rel=\"noreferrer nofollow noopener\" title=\"https:\/\/elpais.com\/economia\/2025-06-24\/el-gobierno-impone-al-bbva-mantener-el-sabadell-como-un-banco-separado-durante-tres-anos.html\">el Ejecutivo impuso como condici\u00f3n que si el BBVA hubiese adquirido el Sabadell mantuviese la gesti\u00f3n independiente de ambas entidades<\/a>, lo que le imped\u00eda hacer un ERE conjunto, seg\u00fan la visi\u00f3n gubernamental.<\/p>\n<p class=\"\">Las salidas se producen, pues, en un momento en el que tanto el BBVA como toda la banca est\u00e1n en beneficios hist\u00f3ricos. As\u00ed ocurri\u00f3 en 2025, cuando el banco que pilota Carlos Torres gan\u00f3 10.511 millones. <a href=\"https:\/\/cincodias.elpais.com\/companias\/2026-04-30\/el-bbva-gana-un-11-mas-en-el-primer-trimestre-y-obtiene-un-nuevo-resultado-record.html\" target=\"_blank\" rel=\"noreferrer nofollow noopener\" title=\"https:\/\/cincodias.elpais.com\/companias\/2026-04-30\/el-bbva-gana-un-11-mas-en-el-primer-trimestre-y-obtiene-un-nuevo-resultado-record.html\">Y en el primer trimestre de este a\u00f1o, cuando se embols\u00f3 casi 3.000 millones.<\/a> En cualquier caso, el banco ha contratado en el c\u00f3mputo global a m\u00e1s personas de las que ha despedido en el \u00faltimo a\u00f1o y la plantilla total ha crecido un 1,7%, hasta los 126.877 empleados en comparaci\u00f3n con el primer trimestre de 2025. Frente a la cifra de diciembre, la plantilla se ha reducido en 297 trabajadores El n\u00famero de oficinas s\u00ed se ha reducido un 3% con respecto a marzo del a\u00f1o pasado, hasta las 5.565, si bien todos los cierres han sido fuera de Espa\u00f1a.<\/p>\n<p class=\"\">Adem\u00e1s, el banco se prepara para las consecuencias de la guerra en Ir\u00e1n y la tensi\u00f3n geopol\u00edtica. Gen\u00e7 ha asegurado que esperan un impacto limitado del conflicto y que sus consecuencias negativas no duren mucho tiempo. \u201cSi dura mucho m\u00e1s y crea un impacto en el precio del petr\u00f3leo, que es la forma de transmisi\u00f3n a la econom\u00eda, la inflaci\u00f3n subir\u00e1, los tipos tambi\u00e9n y el crecimiento va a sufrir\u201d, ha comentado.<\/p>\n<p class=\"\">En este contexto, ha explicado que han decidido elevar las provisiones en 100 millones de euros, como un colch\u00f3n para absorber los posibles problemas econ\u00f3micos derivados de esta situaci\u00f3n. La mayor parte de ello se traduce en m\u00e1s saneamientos en su cartera crediticia, as\u00ed como en un mayor coste de riesgo. <\/p>\n<p class=\"\">Se trata del \u00fanico banco espa\u00f1ol que ha tomado una decisi\u00f3n en este sentido, dado que el resto de entidades han optado por esperar. Tambi\u00e9n es la entidad con una mayor cercan\u00eda f\u00edsica al conflicto, debido a que es due\u00f1o del banco turco Garanti. As\u00ed, la mayor parte de estos 100 millones lo reciben las filiales turca y espa\u00f1ola.<\/p>\n<p class=\"\">Gen\u00e7 tambi\u00e9n se ha referido al tema m\u00e1s candente de estas presentaciones de resultados, la situaci\u00f3n del mercado hipotecario. Y \u2014<a href=\"https:\/\/cincodias.elpais.com\/companias\/2026-04-29\/el-santander-da-por-cerrada-la-guerra-hipotecaria-y-crece-un-44-en-prestamos-a-vivienda.html\" target=\"_blank\" rel=\"noreferrer nofollow noopener\" title=\"https:\/\/cincodias.elpais.com\/companias\/2026-04-29\/el-santander-da-por-cerrada-la-guerra-hipotecaria-y-crece-un-44-en-prestamos-a-vivienda.html\">a diferencia de sus hom\u00f3logos del Santander, H\u00e9ctor Grisi, <\/a>y de CaixaBank, Gonzalo Gort\u00e1zar\u2014 se ha mostrado cauteloso. Ha comentado que se est\u00e1n concediendo pr\u00e9stamos bien por debajo del tipo de inter\u00e9s del bono espa\u00f1ol y que Espa\u00f1a es uno de los tres pa\u00edses europeos donde se conceden hipotecas m\u00e1s baratas. \u201cEcon\u00f3micamente no tiene sentido, es mejor poner el dinero en un bono soberano\u201d, ha afrimado.<\/p>\n<p class=\"\">No obstante, s\u00ed ha aclarado que es un producto importante para los clientes. De este modo, ha afirmado que en el primer trimestre han incrementado la producci\u00f3n hipotecaria un 21%. Pese a eso, ha admitido que est\u00e1n perdiendo cuota de mercado, debido a que sus ofertas se centran en clientes existentes y no en nuevos.<\/p>\n<p class=\"\">Finalmente, tambi\u00e9n ha respondido sobre la participaci\u00f3n del 5% del banco en Telef\u00f3nica, toda vez que recientemente abandon\u00f3 el consejo de administraci\u00f3n de la teleco. Gen\u00e7 ha descrito esta participaci\u00f3n como hist\u00f3rica y financiera, sin aclarar si se plantean venderla, pero ha matizado tambi\u00e9n que se trata tambi\u00e9n de una \u201calianza\u201d entre ambas empresas. Tambi\u00e9n ha aclarado que la salida del consejo de administraci\u00f3n se produjo por los recientes cambios en el accionariado (con la entrada de la Sepi y el grupo saud\u00ed STC, as\u00ed como el refuerzo de Criteria), que elevaban el list\u00f3n para estar en el consejo por encima del 5%.<\/p>\n","protected":false},"excerpt":{"rendered":"El BBVA ha acometido durante el primer trimestre del a\u00f1o una reducci\u00f3n de plantilla de 750 trabajadores mediante&hellip;\n","protected":false},"author":2,"featured_media":525891,"comment_status":"","ping_status":"","sticky":false,"template":"","format":"standard","meta":{"footnotes":""},"categories":[80],"tags":[5219,3287,3285,82,95,94,5509,2308,25,24,2731,6558,9770,23],"class_list":["post-525890","post","type-post","status-publish","format-standard","has-post-thumbnail","category-economia","tag-banca","tag-banco-sabadell","tag-bbva","tag-business","tag-economia","tag-economy","tag-empleo","tag-empresas","tag-es","tag-espana","tag-finanzas","tag-opa-hostil","tag-operaciones-bancarias","tag-spain"],"share_on_mastodon":{"url":"","error":""},"_links":{"self":[{"href":"https:\/\/www.europesays.com\/es\/wp-json\/wp\/v2\/posts\/525890","targetHints":{"allow":["GET"]}}],"collection":[{"href":"https:\/\/www.europesays.com\/es\/wp-json\/wp\/v2\/posts"}],"about":[{"href":"https:\/\/www.europesays.com\/es\/wp-json\/wp\/v2\/types\/post"}],"author":[{"embeddable":true,"href":"https:\/\/www.europesays.com\/es\/wp-json\/wp\/v2\/users\/2"}],"replies":[{"embeddable":true,"href":"https:\/\/www.europesays.com\/es\/wp-json\/wp\/v2\/comments?post=525890"}],"version-history":[{"count":0,"href":"https:\/\/www.europesays.com\/es\/wp-json\/wp\/v2\/posts\/525890\/revisions"}],"wp:featuredmedia":[{"embeddable":true,"href":"https:\/\/www.europesays.com\/es\/wp-json\/wp\/v2\/media\/525891"}],"wp:attachment":[{"href":"https:\/\/www.europesays.com\/es\/wp-json\/wp\/v2\/media?parent=525890"}],"wp:term":[{"taxonomy":"category","embeddable":true,"href":"https:\/\/www.europesays.com\/es\/wp-json\/wp\/v2\/categories?post=525890"},{"taxonomy":"post_tag","embeddable":true,"href":"https:\/\/www.europesays.com\/es\/wp-json\/wp\/v2\/tags?post=525890"}],"curies":[{"name":"wp","href":"https:\/\/api.w.org\/{rel}","templated":true}]}}