{"id":526477,"date":"2026-05-01T00:57:32","date_gmt":"2026-05-01T00:57:32","guid":{"rendered":"https:\/\/www.europesays.com\/es\/526477\/"},"modified":"2026-05-01T00:57:32","modified_gmt":"2026-05-01T00:57:32","slug":"la-caida-de-coberturas-en-mayores-evidencia-el-desafio-de-vacunar-mas-alla-de-la-infancia","status":"publish","type":"post","link":"https:\/\/www.europesays.com\/es\/526477\/","title":{"rendered":"La ca\u00edda de coberturas en mayores evidencia el desaf\u00edo de vacunar m\u00e1s all\u00e1 de la infancia"},"content":{"rendered":"<p>En el marco de la Semana Mundial de la Inmunizaci\u00f3n, iniciativa promovida por la Organizaci\u00f3n Mundial de la Salud (OMS) que se celebra cada a\u00f1o del 24 al 30 de abril, la compa\u00f1\u00eda biofarmac\u00e9utica MSD ha lanzado la campa\u00f1a &#8216;Comprometidos con cada generaci\u00f3n&#8217;. La campa\u00f1a, que cuenta con el aval &#8230;            &#13;\n        <\/p>\n<p> &#13;<\/p>\n<p>En el marco de la <strong>Semana Mundial de la Inmunizaci\u00f3n<\/strong>, iniciativa promovida por la Organizaci\u00f3n Mundial de la Salud (OMS) que se celebra cada a\u00f1o del 24 al 30 de abril, la compa\u00f1\u00eda biofarmac\u00e9utica <strong>MSD<\/strong> ha lanzado la campa\u00f1a &#8216;Comprometidos con cada generaci\u00f3n&#8217;. La campa\u00f1a, que cuenta con el aval de 52 entidades sociosanitarias, busca poner en valor la importancia de alcanzar una protecci\u00f3n adecuada a lo largo de todas las etapas de la vida, algo fundamental para garantizar un futuro saludable para todas las generaciones.<\/p>\n<p>\u00abLa inmunizaci\u00f3n es una herramienta clave para proteger la salud en todas las fases de nuestra vida, desde la infancia hasta la edad adulta. En MSD estamos comprometidos con la prevenci\u00f3n a lo largo de toda la vida, lo que incluye la etapa adulta, porque sabemos que mantener una buena salud es fundamental para favorecer un envejecimiento saludable y activo, reduciendo as\u00ed el impacto de enfermedades que pueden llegar a ser graves en las personas mayores\u00bb, afirma <strong>Joaqu\u00edn Mateos<\/strong>, director m\u00e9dico de MSD en Espa\u00f1a.<\/p>\n<p>A medida que la poblaci\u00f3n mundial envejece, los sistemas de salud afrontan nuevos retos. Por primera vez en la historia, <strong>los adultos mayores de 65 a\u00f1os superan en n\u00famero a los ni\u00f1os menores de cinco<\/strong>. De hecho, para 2030, casi mil millones de personas pertenecer\u00e1n a este grupo de edad, un cambio demogr\u00e1fico que tiene importantes repercusiones para la salud p\u00fablica. Las personas mayores, al experimentar la <strong>inmunosenescencia<\/strong> \u2014el deterioro natural del sistema inmunitario\u2014, se vuelven m\u00e1s propensas a padecer enfermedades autoinmunes, c\u00e1ncer e infecciones. <\/p>\n<p>En este contexto, la inmunizaci\u00f3n no solo protege contra las infecciones, sino que tambi\u00e9n desempe\u00f1a un papel en la <strong>prevenci\u00f3n de enfermedades cr\u00f3nicas<\/strong>, en la mejora de la salud general y en la capacidad del sistema inmunitario para responder a nuevas amenazas, as\u00ed como en la prevenci\u00f3n de infecciones que pueden desencadenar o agravar estas afecciones. En este sentido, la inmunizaci\u00f3n en adultos constituye una estrategia esencial para <strong>favorecer un envejecimiento saludable<\/strong>, especialmente a medida que las personas viven m\u00e1s tiempo y se enfrentan a un mayor riesgo de padecer m\u00faltiples enfermedades cr\u00f3nicas.<\/p>\n<p>Adem\u00e1s, la inmunizaci\u00f3n tiene un impacto directo en la sostenibilidad del sistema sanitario. De hecho, un informe de la Office of Health Economics (OHE) subraya que <strong>los programas de inmunizaci\u00f3n pueden generar retornos de hasta 19 veces la inversi\u00f3n inicial<\/strong>, gracias a la reducci\u00f3n de costes sanitarios y a los beneficios sociales y econ\u00f3micos asociados. Este retorno mejora la calidad de vida de las personas, a la vez que alivia la presi\u00f3n sobre los sistemas de salud.<\/p>\n<p><strong>Mejorar las coberturas de inmunizaci\u00f3n en todas las generaciones<\/strong><\/p>\n<p>Espa\u00f1a mantiene coberturas de vacunaci\u00f3n elevadas en la poblaci\u00f3n infantil, que en 2023 se situaron en niveles altos. Sin embargo, este a\u00f1o nuestro pa\u00eds <strong>ha perdido el estatus de<\/strong> <strong>libre de sarampi\u00f3n<\/strong>, lo que pone de manifiesto la necesidad de reforzar las estrategias de control de esta enfermedad prevenible mediante vacunaci\u00f3n. Tal y como advierte el <strong>Comit\u00e9 Asesor de Vacunas<\/strong> de la <strong>Asociaci\u00f3n Espa\u00f1ola de Pediatr\u00eda <\/strong>(CAV-AEP), el repunte de casos demuestra que la eliminaci\u00f3n del sarampi\u00f3n no es irreversible, lo que ha llevado a reforzar las estrategias de control mediante una respuesta coordinada entre el Ministerio de Sanidad, las comunidades aut\u00f3nomas, los organismos internacionales y las sociedades cient\u00edficas. <\/p>\n<p>En este escenario, <strong>la vacunaci\u00f3n vuelve a situarse en el centro de la estrategia<\/strong>, con el objetivo de garantizar coberturas altas, cerrar brechas existentes y adaptar el calendario a las necesidades epidemiol\u00f3gicas actuales. Esto incluye la recomendaci\u00f3n de <strong>adelantar la segunda dosis de la vacuna triple v\u00edrica a los 24 meses<\/strong> para reforzar la protecci\u00f3n infantil y frenar la transmisi\u00f3n del virus. En paralelo, la vacunaci\u00f3n en la poblaci\u00f3n adulta sigue suponiendo un reto. Los datos m\u00e1s recientes reflejan un ligero descenso de las coberturas en personas mayores respecto a la temporada anterior en todos los tramos de edad. En este contexto, la cobertura frente al neumococo en mayores de 65 a\u00f1os se sit\u00faa por debajo del 49%, mientras que la vacunaci\u00f3n antigripal supera el 60% en este grupo de edad.<\/p>\n<p>De hecho, la <strong>Sociedad Espa\u00f1ola de Geriatr\u00eda y Gerontolog\u00eda<\/strong> (SEGG), a trav\u00e9s de sus recomendaciones, subraya que la inmunizaci\u00f3n es uno de los pilares fundamentales para promover un envejecimiento saludable y recomienda mantener las coberturas al d\u00eda en adultos mayores, entre ellas la vacuna frente al neumococo, especialmente en personas a partir de los 65 a\u00f1os o con condiciones de riesgo. Esta recomendaci\u00f3n cobra especial relevancia si se tiene en cuenta que <strong>la enfermedad neumoc\u00f3cica contin\u00faa siendo una causa importante de morbimortalidad en adultos mayores<\/strong>, lo que refuerza la necesidad de mejorar las coberturas y avanzar hacia un enfoque de inmunizaci\u00f3n a lo largo de toda la vida.<\/p>\n","protected":false},"excerpt":{"rendered":"En el marco de la Semana Mundial de la Inmunizaci\u00f3n, iniciativa promovida por la Organizaci\u00f3n Mundial de la&hellip;\n","protected":false},"author":2,"featured_media":526478,"comment_status":"","ping_status":"","sticky":false,"template":"","format":"standard","meta":{"footnotes":""},"categories":[92],"tags":[7785,29148,4357,658,59000,20242,10897,7993,25,24,8733,4936,165,11871,3624,13557,446,33841,847,166,11683,15290,7019,16342,23,56203,44511],"class_list":["post-526477","post","type-post","status-publish","format-standard","has-post-thumbnail","category-salud","tag-alla","tag-cada","tag-caida","tag-campana","tag-coberturas","tag-comprometidos","tag-desafio","tag-envejecimiento","tag-es","tag-espana","tag-evidencia","tag-generacion","tag-health","tag-impulsada","tag-infancia","tag-inmunizacion","tag-mayores","tag-msd","tag-papel","tag-salud","tag-saludable","tag-sanitario","tag-sistema","tag-sostenibilidad","tag-spain","tag-subraya","tag-vacunar"],"share_on_mastodon":{"url":"https:\/\/pubeurope.com\/@es\/116496606616338476","error":""},"_links":{"self":[{"href":"https:\/\/www.europesays.com\/es\/wp-json\/wp\/v2\/posts\/526477","targetHints":{"allow":["GET"]}}],"collection":[{"href":"https:\/\/www.europesays.com\/es\/wp-json\/wp\/v2\/posts"}],"about":[{"href":"https:\/\/www.europesays.com\/es\/wp-json\/wp\/v2\/types\/post"}],"author":[{"embeddable":true,"href":"https:\/\/www.europesays.com\/es\/wp-json\/wp\/v2\/users\/2"}],"replies":[{"embeddable":true,"href":"https:\/\/www.europesays.com\/es\/wp-json\/wp\/v2\/comments?post=526477"}],"version-history":[{"count":0,"href":"https:\/\/www.europesays.com\/es\/wp-json\/wp\/v2\/posts\/526477\/revisions"}],"wp:featuredmedia":[{"embeddable":true,"href":"https:\/\/www.europesays.com\/es\/wp-json\/wp\/v2\/media\/526478"}],"wp:attachment":[{"href":"https:\/\/www.europesays.com\/es\/wp-json\/wp\/v2\/media?parent=526477"}],"wp:term":[{"taxonomy":"category","embeddable":true,"href":"https:\/\/www.europesays.com\/es\/wp-json\/wp\/v2\/categories?post=526477"},{"taxonomy":"post_tag","embeddable":true,"href":"https:\/\/www.europesays.com\/es\/wp-json\/wp\/v2\/tags?post=526477"}],"curies":[{"name":"wp","href":"https:\/\/api.w.org\/{rel}","templated":true}]}}