{"id":526616,"date":"2026-05-01T03:01:31","date_gmt":"2026-05-01T03:01:31","guid":{"rendered":"https:\/\/www.europesays.com\/es\/526616\/"},"modified":"2026-05-01T03:01:31","modified_gmt":"2026-05-01T03:01:31","slug":"el-ayuntamiento-de-mostoles-amplia-el-horario-de-las-salas-de-estudio-de-la-biblioteca-central-y-de-parque-coimbra","status":"publish","type":"post","link":"https:\/\/www.europesays.com\/es\/526616\/","title":{"rendered":"El Ayuntamiento de M\u00f3stoles ampl\u00eda el horario de las salas de estudio de la Biblioteca Central y de Parque Coimbra"},"content":{"rendered":"<ul>\n<li class=\" cmAlignjustify\"><strong>Esta medida busca dar respuesta al incremento de la demanda de espacios de estudio durante los periodos de ex\u00e1menes.<\/strong><\/li>\n<\/ul>\n<p class=\"cmParagraph cmAlignjustify\"><img loading=\"lazy\" decoding=\"async\" src=\"https:\/\/www.europesays.com\/es\/wp-content\/uploads\/2026\/05\/1456442-destacada BIBLIOTECA CENTRAL.JPG\" width=\"400\" height=\"225\" alt=\"destacada BIBLIOTECA CENTRAL\"\/>Ante el aumento de la demanda en el per\u00edodo de ex\u00e1menes, el Ayuntamiento de M\u00f3stoles, a trav\u00e9s de la Concejal\u00eda de Educaci\u00f3n y Cultura, ampl\u00eda el horario de las salas de estudio de la Biblioteca Central Almudena Grandes y de Parque Coimbra. <\/p>\n<p class=\"cmParagraph cmAlignjustify\">La ampliaci\u00f3n del horario de las salas de estudio se llevar\u00e1 a cabo de lunes a domingo, desde el 4 de mayo hasta el 30 de junio. <\/p>\n<p class=\"cmParagraph cmAlignjustify\">En el caso de la Biblioteca Central, durante este per\u00edodo de ampliaci\u00f3n, una vez finalizado el horario habitual del centro, permanecer\u00e1 abierta la sala de estudio ubicada en la planta baja, de lunes a domingo hasta las 22:00 h. <\/p>\n<p class=\"cmParagraph cmAlignjustify\">Por su parte, la sala de estudio de Parque Coimbra, ubicada en la planta baja del edificio de la Junta de Distrito, abrir\u00e1 de lunes a viernes hasta las 22:00 h, complementando el horario habitual de la biblioteca. Adem\u00e1s, durante el periodo en que el edificio permanezca cerrado en horario de tarde, la sala de estudio estar\u00e1 operativa de 17:00 h a 22:00 h. <\/p>\n<p class=\"cmParagraph cmAlignjustify\">Asimismo, en la Biblioteca Central se han habilitado 100 puestos de estudio y los estudiantes dados de alta en el servicio de wifi de la biblioteca podr\u00e1n hacer uso de este servicio durante el horario de ampliaci\u00f3n. <\/p>\n<p class=\"cmParagraph cmAlignjustify\">Para obtener informaci\u00f3n m\u00e1s detallada sobre la ampliaci\u00f3n horaria de estos espacios, puede consultarse el siguiente enlace: <a href=\"https:\/\/www.bibliotecaspublicas.es\/mostoles\" title=\"Este enlace se abrir\u00e1 en una ventana nueva.\" target=\"_blank\" rel=\"noopener noreferrer nofollow\">https:\/\/www.bibliotecaspublicas.es\/mostoles <\/a><\/p>\n","protected":false},"excerpt":{"rendered":"Esta medida busca dar respuesta al incremento de la demanda de espacios de estudio durante los periodos de&hellip;\n","protected":false},"author":2,"featured_media":526617,"comment_status":"","ping_status":"","sticky":false,"template":"","format":"standard","meta":{"footnotes":""},"categories":[5],"tags":[1201,6853,1250,17,18,6854,777,2800,5509,25,24,13,14,11,6852,1928,6850,19,20,6849,9,10,15,16,4111,6851,23,12,21,22,6855],"class_list":["post-526616","post","type-post","status-publish","format-standard","has-post-thumbnail","category-titulares","tag-alcalde","tag-atencioacuten-ciudadana","tag-ayuntamiento","tag-breaking-news","tag-breakingnews","tag-callejero","tag-ciudad","tag-distritos","tag-empleo","tag-es","tag-espana","tag-featured-news","tag-featurednews","tag-headlines","tag-inversioacuten","tag-joven","tag-juventud","tag-latest-news","tag-latestnews","tag-moacutestoles","tag-news","tag-noticias","tag-noticias-destacadas","tag-noticiasdestacadas","tag-presupuestos","tag-sede-electroacutenica","tag-spain","tag-titulares","tag-ultimas-noticias","tag-ultimasnoticias","tag-webs-municipales"],"share_on_mastodon":{"url":"","error":"Validation failed: Text character limit of 500 exceeded"},"_links":{"self":[{"href":"https:\/\/www.europesays.com\/es\/wp-json\/wp\/v2\/posts\/526616","targetHints":{"allow":["GET"]}}],"collection":[{"href":"https:\/\/www.europesays.com\/es\/wp-json\/wp\/v2\/posts"}],"about":[{"href":"https:\/\/www.europesays.com\/es\/wp-json\/wp\/v2\/types\/post"}],"author":[{"embeddable":true,"href":"https:\/\/www.europesays.com\/es\/wp-json\/wp\/v2\/users\/2"}],"replies":[{"embeddable":true,"href":"https:\/\/www.europesays.com\/es\/wp-json\/wp\/v2\/comments?post=526616"}],"version-history":[{"count":0,"href":"https:\/\/www.europesays.com\/es\/wp-json\/wp\/v2\/posts\/526616\/revisions"}],"wp:featuredmedia":[{"embeddable":true,"href":"https:\/\/www.europesays.com\/es\/wp-json\/wp\/v2\/media\/526617"}],"wp:attachment":[{"href":"https:\/\/www.europesays.com\/es\/wp-json\/wp\/v2\/media?parent=526616"}],"wp:term":[{"taxonomy":"category","embeddable":true,"href":"https:\/\/www.europesays.com\/es\/wp-json\/wp\/v2\/categories?post=526616"},{"taxonomy":"post_tag","embeddable":true,"href":"https:\/\/www.europesays.com\/es\/wp-json\/wp\/v2\/tags?post=526616"}],"curies":[{"name":"wp","href":"https:\/\/api.w.org\/{rel}","templated":true}]}}