{"id":526750,"date":"2026-05-01T04:57:11","date_gmt":"2026-05-01T04:57:11","guid":{"rendered":"https:\/\/www.europesays.com\/es\/526750\/"},"modified":"2026-05-01T04:57:11","modified_gmt":"2026-05-01T04:57:11","slug":"borja-semper-revela-en-el-hormiguero-que-esta-libre-de-cancer-y-recuerda-como-fue-el-proceso-descendi-a-los-infiernos","status":"publish","type":"post","link":"https:\/\/www.europesays.com\/es\/526750\/","title":{"rendered":"Borja S\u00e9mper revela en &#8216;El Hormiguero&#8217; que est\u00e1 libre de c\u00e1ncer y recuerda c\u00f3mo fue el proceso: \u00abDescend\u00ed a los infiernos\u00bb"},"content":{"rendered":"<p class=\"c-paragraph\"><a href=\"https:\/\/www.20minutos.es\/tags\/personas\/borja-semper.html\" title=\"Borja S\u00e9mper\" rel=\"nofollow noopener\" target=\"_blank\">Borja S\u00e9mper<\/a> ha acudido este jueves a\u00a0<a href=\"https:\/\/www.20minutos.es\/tags\/instituciones-empresas\/el-hormiguero.html\" title=\"El hormiguero\" rel=\"nofollow noopener\" target=\"_blank\">El Hormiguero<\/a>\u00a0para revelar, muy feliz y emocionado, que <b>se ha librado del c\u00e1ncer de p\u00e1ncreas<\/b> que le diagnosticaron el pasado 14 de julio.<\/p>\n<p class=\"c-paragraph\">Tras terminar la \u00faltima sesi\u00f3n de quimioterapia en diciembre y tener su \u00faltima revisi\u00f3n el 21 de abril, el pol\u00edtico del PP confirm\u00f3 que se ha curado de su enfermedad.<\/p>\n<p class=\"c-paragraph\">\u00ab<b>Estoy libre, afortunadamente. Me emociono un poquillo<\/b>\u00ab, declar\u00f3 el portavoz popular en el Parlamento Vasco y afirm\u00f3 que ha pasado \u00abcosas muy malas y muy feas\u00bb.<\/p>\n<p class=\"c-paragraph\">Borja S\u00e9mper asegur\u00f3 que tuvo un \u00abtratamiento muy exigente y muy duro\u00bb y un proceso complicado en el que <b>tuvo que apartarse de la vida p\u00fablica<\/b>, perdi\u00f3 el pelo y adelgaz\u00f3 mucho.<\/p>\n<p class=\"c-paragraph\">\u00ab<b>Descend\u00ed a los infiernos, transit\u00e9 por un t\u00fanel muy oscuro<\/b>\u00ab, describi\u00f3 estos casi cinco meses de tratamiento y a\u00f1adi\u00f3 que este \u00abt\u00fanel oscuro de sufrimiento y dolor\u00bb tambi\u00e9n fue igual para los que le rodeaban y apoyaban.<\/p>\n<p class=\"c-paragraph\">El entrevistado reconoci\u00f3 que el c\u00e1ncer era algo que ya conoc\u00eda, pues su padre y su suegra lo tuvieron, y \u00ab<b>su suegro falleci\u00f3 de c\u00e1ncer de pulm\u00f3n unos pocos meses antes<\/b>\u00ab.<\/p>\n<p class=\"c-paragraph\">Adem\u00e1s, el pol\u00edtico asegur\u00f3 que \u00abno ten\u00eda ning\u00fan s\u00edntoma\u00bb, solo lo habitual de un fumador, pero fue <b>su mujer B\u00e1rbara Goenaga la que le pidi\u00f3 que se \u00abhiciera los chequeos\u00bb.<\/b><\/p>\n<p class=\"c-paragraph\">\u00abAfortunadamente, me detect\u00f3 un tumor en el p\u00e1ncreas en un estadio en el que se pod\u00eda tratar y operar\u00bb, agradeci\u00f3. \u00ab<b>Gracias a B\u00e1rbara, estoy cont\u00e1ndotelo aqu\u00ed<\/b>\u00ab.<\/p>\n<p class=\"c-paragraph\">S\u00e9mper asegur\u00f3 que, \u00ab<b>durante mucho tiempo\u00bb, tuvo \u00abla sensaci\u00f3n de que no hablaban\u00bb de \u00e9l<\/b>: \u00abEs un proceso de aceptaci\u00f3n y de interiorizar que eso que le pasa a mucha gente tambi\u00e9n te pasa a ti\u00bb.<\/p>\n<p class=\"c-paragraph\">Aun as\u00ed, tambi\u00e9n quiso ver el lado positivo de lo que ha vivido, pues le hizo cambiar de mentalidad. \u00abTodo lo que cre\u00edamos s\u00f3lido es d\u00e9bil y fr\u00e1gil\u00bb, destac\u00f3 y puso en valor la frase de \u00ab<b>la salud es el silencio del cuerpo<\/b>\u00ab, pues no la valoramos cuando la tenemos.<\/p>\n<p class=\"c-paragraph\">\u00ab<b>Yo me cre\u00eda inmortal<\/b>, iba al gimnasio, me cuido, hago deporte. Pues s\u00ed, fumo, pero tengo una vida ordenada, sin excesos\u00bb, record\u00f3. \u00abY, de la noche a la ma\u00f1ana, el tiempo empieza a tener otro valor, el futuro, la nostalgia, lo que has hecho y has dejado de hacer&#8230; Tu vida es una hip\u00f3tesis, tu vida futura es una posibilidad\u00bb.<\/p>\n<p class=\"c-paragraph\">Sobre el miedo a la muerte, S\u00e9mper asegur\u00f3 que lo que <b>le daba era \u00abuna pena espantosa\u00a0por dejar de vivir<\/b>, que no es lo mismo que tener miedo a la muerte\u00bb.<\/p>\n<p class=\"c-paragraph\">Y es que lo que \u00e9l quer\u00eda era poder seguir viendo a sus \u00abhijos crecer\u00bb y \u00abpasar tiempo\u00bb con su familia, entre otras cosas cotidianas. De hecho, a \u00e9l antes no le gustaba cumplir a\u00f1os y ahora esa perspectiva ha cambiado: \u00ab<b>Hay que aceptar que la enfermedad es parte de la vida<\/b>\u00ab.<\/p>\n","protected":false},"excerpt":{"rendered":"Borja S\u00e9mper ha acudido este jueves a\u00a0El Hormiguero\u00a0para revelar, muy feliz y emocionado, que se ha librado del&hellip;\n","protected":false},"author":2,"featured_media":526751,"comment_status":"","ping_status":"","sticky":false,"template":"","format":"standard","meta":{"footnotes":""},"categories":[8],"tags":[7533,17,18,1066,25,24,13,14,4596,11,19,20,9,10,15,16,40146,23,3271,12,21,22],"class_list":["post-526750","post","type-post","status-publish","format-standard","has-post-thumbnail","category-espana","tag-borja","tag-breaking-news","tag-breakingnews","tag-cancer","tag-es","tag-espana","tag-featured-news","tag-featurednews","tag-habla","tag-headlines","tag-latest-news","tag-latestnews","tag-news","tag-noticias","tag-noticias-destacadas","tag-noticiasdestacadas","tag-semper","tag-spain","tag-su","tag-titulares","tag-ultimas-noticias","tag-ultimasnoticias"],"share_on_mastodon":{"url":"https:\/\/pubeurope.com\/@es\/116497550264705695","error":""},"_links":{"self":[{"href":"https:\/\/www.europesays.com\/es\/wp-json\/wp\/v2\/posts\/526750","targetHints":{"allow":["GET"]}}],"collection":[{"href":"https:\/\/www.europesays.com\/es\/wp-json\/wp\/v2\/posts"}],"about":[{"href":"https:\/\/www.europesays.com\/es\/wp-json\/wp\/v2\/types\/post"}],"author":[{"embeddable":true,"href":"https:\/\/www.europesays.com\/es\/wp-json\/wp\/v2\/users\/2"}],"replies":[{"embeddable":true,"href":"https:\/\/www.europesays.com\/es\/wp-json\/wp\/v2\/comments?post=526750"}],"version-history":[{"count":0,"href":"https:\/\/www.europesays.com\/es\/wp-json\/wp\/v2\/posts\/526750\/revisions"}],"wp:featuredmedia":[{"embeddable":true,"href":"https:\/\/www.europesays.com\/es\/wp-json\/wp\/v2\/media\/526751"}],"wp:attachment":[{"href":"https:\/\/www.europesays.com\/es\/wp-json\/wp\/v2\/media?parent=526750"}],"wp:term":[{"taxonomy":"category","embeddable":true,"href":"https:\/\/www.europesays.com\/es\/wp-json\/wp\/v2\/categories?post=526750"},{"taxonomy":"post_tag","embeddable":true,"href":"https:\/\/www.europesays.com\/es\/wp-json\/wp\/v2\/tags?post=526750"}],"curies":[{"name":"wp","href":"https:\/\/api.w.org\/{rel}","templated":true}]}}