{"id":527018,"date":"2026-05-01T08:51:17","date_gmt":"2026-05-01T08:51:17","guid":{"rendered":"https:\/\/www.europesays.com\/es\/527018\/"},"modified":"2026-05-01T08:51:17","modified_gmt":"2026-05-01T08:51:17","slug":"las-celulas-inmunitarias-senescentes-pueden-representar-un-obstaculo-para-la-terapia-car-t","status":"publish","type":"post","link":"https:\/\/www.europesays.com\/es\/527018\/","title":{"rendered":"Las c\u00e9lulas inmunitarias senescentes pueden representar un obst\u00e1culo para la terapia CAR T"},"content":{"rendered":"<p>Extraer las propias c\u00e9lulas inmunitarias de un paciente con c\u00e1ncer, modificarlas gen\u00e9ticamente para que reconozcan las c\u00e9lulas tumorales, multiplicarlas en un laboratorio y reinyectarlas como un f\u00e1rmaco vivo, que es en lo que consiste la terapia CAR-T ha supuesto un hito importante en el tratamiento del c\u00e1ncer. Sin embargo, mientras &#8230;            &#13;\n        <\/p>\n<p>Extraer las propias c\u00e9lulas inmunitarias de un paciente con c\u00e1ncer, modificarlas gen\u00e9ticamente para que reconozcan las c\u00e9lulas tumorales, multiplicarlas en un laboratorio y reinyectarlas como un f\u00e1rmaco vivo, que es en lo que consiste la terapia CAR-T ha supuesto un hito importante en el tratamiento del c\u00e1ncer. Sin embargo, mientras en algunos pacientes, este tratamiento produce remisiones extraordinarias y duraderas, en muchos otros no produce ning\u00fan efecto.<\/p>\n<p> Al respecto, un\u00a0estudio\u00a0de la Universidad de Rutgers en Nueva Jersey (EEUU), publicado en\u00a0&#8216;Cell Reports&#8217;\u00a0se propuso como objetivo identificar alguno de los factores que contribuyen a ello como la mala calidad inicial de los linfocitos T citot\u00f3xicos del paciente, o c\u00e9lulas T CD8+, que se utilizan para elaborar el tratamiento.\u00a0<\/p>\n<p>\u00abMuchas de sus c\u00e9lulas T se encuentran en un estado defectuoso llamado senescencia, lo que significa que no pueden proliferar en el laboratorio, no pueden migrar a los tejidos de manera efectiva y no pueden matar muy bien\u00bb, explic\u00f3\u00a0Ricardo Mart\u00ednez-Zamudio, profesor asistente en la Facultad\u00a0de Medicina Robert Wood Johnson de Rutgers\u00a0y uno de los autores principales del estudio.<\/p>\n<p>Las c\u00e9lulas inmunitarias senescentes no solo son una preocupaci\u00f3n para la terapia contra el c\u00e1ncer. Su acumulaci\u00f3n contribuye al deterioro de la funci\u00f3n inmunitaria con la edad y a la inflamaci\u00f3n cr\u00f3nica de bajo grado vinculada a afecciones que van desde enfermedades cardiovasculares hasta trastornos autoinmunes.\u00a0<\/p>\n<p>El principal hallazgo, seg\u00fan se publica en la revista &#8216;Cell Report&#8217;,\u00a0\u00a0fue que la senescencia misma, y \u200b\u200bno la edad cronol\u00f3gica, era el factor determinante de las diferencias moleculares. Las prote\u00ednas que controlan el programa de senescencia, conocidas como factores de transcripci\u00f3n y que funcionan como interruptores que activan o silencian genes espec\u00edficos, eran pr\u00e1cticamente id\u00e9nticas en donantes j\u00f3venes y mayores. Por lo tanto, la maquinaria para el envejecimiento de las c\u00e9lulas inmunitarias parece estar integrada en las c\u00e9lulas T al inicio de la edad adulta y simplemente se activa con el tiempo.<\/p>\n<p>\u00abNo es que las personas mayores desarrollen un nuevo programa disfuncional. La capacidad existe desde el principio\u00bb, subray\u00f3 el prof.\u00a0Mart\u00ednez-Zamudio, a su vez, miembro del Programa de Inestabilidad Gen\u00f3mica y Gen\u00e9tica del C\u00e1ncer del Programa de Farmacolog\u00eda Oncol\u00f3gica del Instituto Oncol\u00f3gico de Rutgers.<\/p>\n<p>Los autores de este trabajo lograron identificar tres factores de transcripci\u00f3n en puntos de control cr\u00edticos de la red. Al reducir los niveles de estas prote\u00ednas mediante inhibidores qu\u00edmicos y herramientas gen\u00e9ticas, consiguieron atenuar parcialmente la expresi\u00f3n g\u00e9nica inflamatoria de las c\u00e9lulas T senescentes. La reducci\u00f3n de uno de ellos restaur\u00f3 parcialmente los patrones de expresi\u00f3n g\u00e9nica asociados con la activaci\u00f3n normal de las c\u00e9lulas T, aunque la recuperaci\u00f3n real de la divisi\u00f3n celular fue modesta.<\/p>\n<p>Adem\u00e1s, pudieron comprobar que sus marcadores de senescencia tambi\u00e9n estaban presentes en mayor cantidad en pacientes con lupus activo, lo que sugiere que el programa podr\u00eda ser relevante m\u00e1s all\u00e1 de la oncolog\u00eda.<\/p>\n<p>Los miembros del equipo de investigaci\u00f3n esperan determinar pronto si la elaboraci\u00f3n de perfiles de senescencia antes de la fabricaci\u00f3n de c\u00e9lulas T CAR puede predecir qu\u00e9 pacientes responder\u00e1n o no al tratamiento, mediante una colaboraci\u00f3n prevista con\u00a0el Instituto Oncol\u00f3gico de Rutgers.\u00a0<\/p>\n","protected":false},"excerpt":{"rendered":"Extraer las propias c\u00e9lulas inmunitarias de un paciente con c\u00e1ncer, modificarlas gen\u00e9ticamente para que reconozcan las c\u00e9lulas tumorales,&hellip;\n","protected":false},"author":2,"featured_media":527019,"comment_status":"","ping_status":"","sticky":false,"template":"","format":"standard","meta":{"footnotes":""},"categories":[92],"tags":[10233,4208,33998,1066,11965,17547,1021,24908,5293,11100,1387,1293,25,24,14987,31641,165,2383,10002,10010,689,10299,864,7171,25653,166,71933,1138,2877,23,3271,11219,3362,10883,6174,26474],"class_list":["post-527018","post","type-post","status-publish","format-standard","has-post-thumbnail","category-salud","tag-acumulacion","tag-afecciones","tag-autoinmunes","tag-cancer","tag-car","tag-cardiovasculares","tag-celulas","tag-contribuye","tag-cronica","tag-deterioro","tag-edad","tag-enfermedades","tag-es","tag-espana","tag-funcion","tag-grado","tag-health","tag-inflamacion","tag-inmunitaria","tag-inmunitarias","tag-no","tag-obstaculo","tag-preocupacion","tag-pueden","tag-representar","tag-salud","tag-senescentes","tag-solo","tag-son","tag-spain","tag-su","tag-t","tag-terapia","tag-trastornos","tag-van","tag-vinculada"],"share_on_mastodon":{"url":"https:\/\/pubeurope.com\/@es\/116498470674097995","error":""},"_links":{"self":[{"href":"https:\/\/www.europesays.com\/es\/wp-json\/wp\/v2\/posts\/527018","targetHints":{"allow":["GET"]}}],"collection":[{"href":"https:\/\/www.europesays.com\/es\/wp-json\/wp\/v2\/posts"}],"about":[{"href":"https:\/\/www.europesays.com\/es\/wp-json\/wp\/v2\/types\/post"}],"author":[{"embeddable":true,"href":"https:\/\/www.europesays.com\/es\/wp-json\/wp\/v2\/users\/2"}],"replies":[{"embeddable":true,"href":"https:\/\/www.europesays.com\/es\/wp-json\/wp\/v2\/comments?post=527018"}],"version-history":[{"count":0,"href":"https:\/\/www.europesays.com\/es\/wp-json\/wp\/v2\/posts\/527018\/revisions"}],"wp:featuredmedia":[{"embeddable":true,"href":"https:\/\/www.europesays.com\/es\/wp-json\/wp\/v2\/media\/527019"}],"wp:attachment":[{"href":"https:\/\/www.europesays.com\/es\/wp-json\/wp\/v2\/media?parent=527018"}],"wp:term":[{"taxonomy":"category","embeddable":true,"href":"https:\/\/www.europesays.com\/es\/wp-json\/wp\/v2\/categories?post=527018"},{"taxonomy":"post_tag","embeddable":true,"href":"https:\/\/www.europesays.com\/es\/wp-json\/wp\/v2\/tags?post=527018"}],"curies":[{"name":"wp","href":"https:\/\/api.w.org\/{rel}","templated":true}]}}