{"id":527128,"date":"2026-05-01T10:19:11","date_gmt":"2026-05-01T10:19:11","guid":{"rendered":"https:\/\/www.europesays.com\/es\/527128\/"},"modified":"2026-05-01T10:19:11","modified_gmt":"2026-05-01T10:19:11","slug":"la-primera-bidasoa-itzulia-de-una-nueva-era-se-viste-de-largo","status":"publish","type":"post","link":"https:\/\/www.europesays.com\/es\/527128\/","title":{"rendered":"La primera Bidasoa Itzulia de una nueva era se viste de largo"},"content":{"rendered":"<p style=\"\">Bidasoa Itzulia tendr\u00e1 su LII edici\u00f3n, algo que pareci\u00f3 que no iba a ocurrir. Una entente m\u00faltiple ha posibilitado sacarlo adelante. Un grupo apadrinado por  &#8230; el campe\u00f3n del mundo y ganador tambi\u00e9n de la Bidasoa Itzulia, Abraham Olano, y liderado por el Club Ciclista Irun\u00e9s y la Federaci\u00f3n de Gipuzkoa en el que han participado la Diputaci\u00f3n, el Consorcio Transfronterizo Bidasoa-Txingudi (los ayuntamientos de Irun, Hondarribia y Hendaia) y El Diario Vasco. Un nuevo equipo de trabajo para liderar esta cita cincuentenaria.<\/p>\n<p class=\"v-d-p\" style=\"\">La prueba se desarrollar\u00e1 del 8 al 10 de mayo con un dise\u00f1o que \u00abpromete emoci\u00f3n hasta el final\u00bb, asegur\u00f3 este jueves en la presentaci\u00f3n de la carrera Jorge Garc\u00eda, director de Bidasoa Itzulia y miembro de la Junta del Club Ciclista Irun\u00e9s. La primera etapa ser\u00e1 una cronoescalada entre el santuario de Guadalupe y el mirador de Jaizkibel, de 4 kil\u00f3metros, que establecer\u00e1 las primeras diferencias en la general. La segunda jornada, el d\u00eda 9, ser\u00e1 hist\u00f3rica, \u00abnunca hab\u00edamos tenido una distancia tan larga\u00bb, apunta Garc\u00eda. Entre Arantza y Etxalar la organizaci\u00f3n ha dibujado 171 kil\u00f3metros con dos puertos de tercera (Ziga y Okieta) y uno de primera (Belate) antes de acabar en el alto de Lizarrietako Lepoa, de segunda.<\/p>\n<p class=\"v-d-p\" style=\"\">La \u00faltima etapa ser\u00e1 un cl\u00e1sico de esta vuelta: Hendaia-Irun, con tres picos de primera (Aritxulegi, Agi\u00f1a y Erlaitz), dos de segunda (Arkale y San Martzial) y uno de tercera. Se alinear\u00e1n un total de 21 equipos de corredores sub-23 con la opci\u00f3n de incluir a un \u00e9lite estre los siete inscritos.<\/p>\n<p>\nPogacar gana al sprint\n<\/p>\n<p class=\"v-d-p\" style=\"\">El esloveno venci\u00f3 en la segunda etapa del Tour de Romand\u00eda al imponerse al sprint a un grupo de 32 corredores por delante de Dorian Godon y Fisher-Black, con lo que ampl\u00eda por las bonificaciones su diferencia con Lipowitz a 17 segundos.<\/p>\n","protected":false},"excerpt":{"rendered":"Bidasoa Itzulia tendr\u00e1 su LII edici\u00f3n, algo que pareci\u00f3 que no iba a ocurrir. Una entente m\u00faltiple ha&hellip;\n","protected":false},"author":2,"featured_media":527129,"comment_status":"","ping_status":"","sticky":false,"template":"","format":"standard","meta":{"footnotes":""},"categories":[273],"tags":[2645,313,312,168,981,25,24,52749,8918,795,1078,23,167,15818],"class_list":["post-527128","post","type-post","status-publish","format-standard","has-post-thumbnail","category-ciclismo","tag-bidasoa","tag-ciclismo","tag-cycling","tag-deportes","tag-era","tag-es","tag-espana","tag-itzulia","tag-largo","tag-nueva","tag-primera","tag-spain","tag-sports","tag-viste"],"share_on_mastodon":{"url":"https:\/\/pubeurope.com\/@es\/116498816480575088","error":""},"_links":{"self":[{"href":"https:\/\/www.europesays.com\/es\/wp-json\/wp\/v2\/posts\/527128","targetHints":{"allow":["GET"]}}],"collection":[{"href":"https:\/\/www.europesays.com\/es\/wp-json\/wp\/v2\/posts"}],"about":[{"href":"https:\/\/www.europesays.com\/es\/wp-json\/wp\/v2\/types\/post"}],"author":[{"embeddable":true,"href":"https:\/\/www.europesays.com\/es\/wp-json\/wp\/v2\/users\/2"}],"replies":[{"embeddable":true,"href":"https:\/\/www.europesays.com\/es\/wp-json\/wp\/v2\/comments?post=527128"}],"version-history":[{"count":0,"href":"https:\/\/www.europesays.com\/es\/wp-json\/wp\/v2\/posts\/527128\/revisions"}],"wp:featuredmedia":[{"embeddable":true,"href":"https:\/\/www.europesays.com\/es\/wp-json\/wp\/v2\/media\/527129"}],"wp:attachment":[{"href":"https:\/\/www.europesays.com\/es\/wp-json\/wp\/v2\/media?parent=527128"}],"wp:term":[{"taxonomy":"category","embeddable":true,"href":"https:\/\/www.europesays.com\/es\/wp-json\/wp\/v2\/categories?post=527128"},{"taxonomy":"post_tag","embeddable":true,"href":"https:\/\/www.europesays.com\/es\/wp-json\/wp\/v2\/tags?post=527128"}],"curies":[{"name":"wp","href":"https:\/\/api.w.org\/{rel}","templated":true}]}}