{"id":527180,"date":"2026-05-01T10:53:22","date_gmt":"2026-05-01T10:53:22","guid":{"rendered":"https:\/\/www.europesays.com\/es\/527180\/"},"modified":"2026-05-01T10:53:22","modified_gmt":"2026-05-01T10:53:22","slug":"descubren-un-mecanismo-que-regula-la-migracion-neuronal-durante-el-desarrollo-cerebral","status":"publish","type":"post","link":"https:\/\/www.europesays.com\/es\/527180\/","title":{"rendered":"Descubren un mecanismo que regula la migraci\u00f3n neuronal durante el desarrollo cerebral"},"content":{"rendered":"<p class=\"mostrar_fragmento\">Durante la formaci\u00f3n del cerebro, las neuronas pueden regular su movimiento hasta llegar a su destino final gracias a un &#8216;interruptor molecular&#8217; basado en la prote\u00edna teneurina 4 (Ten4). Esta prote\u00edna, adem\u00e1s, es capaz de guiar la migraci\u00f3n neuronal a trav\u00e9s de v\u00edas moleculares completamente excluyentes entre s\u00ed, que determinan &#8230;            &#13;\n        <\/p>\n<p> &#13;<\/p>\n<p>Durante la formaci\u00f3n del cerebro, las neuronas pueden regular su movimiento hasta llegar a su destino final gracias a un &#8216;interruptor molecular&#8217; basado en la <strong>prote\u00edna teneurina 4<\/strong> (Ten4). Esta prote\u00edna, adem\u00e1s, es capaz de <strong>guiar la migraci\u00f3n neuronal<\/strong> a trav\u00e9s de v\u00edas moleculares completamente excluyentes entre s\u00ed, que determinan la gu\u00eda de las c\u00e9lulas nerviosas. El descubrimiento, publicado en la revista Nature Communications, mejora la comprensi\u00f3n de los mecanismos moleculares que controlan la migraci\u00f3n neuronal y abre una nueva visi\u00f3n sobre c\u00f3mo se construye el cerebro a escala molecular.<\/p>\n<p>La nueva investigaci\u00f3n internacional est\u00e1 liderada por los expertos <strong>Daniel del Toro<\/strong>, profesor de la Facultad de Medicina y Ciencias de la Salud y del Instituto de Neurociencias (UBneuro) de la Universidad de Barcelona; <strong>Elena Seiradake<\/strong>, profesora de la Universidad de Oxford (Reino Unido); y <strong>Valentin N\u00e4gerl<\/strong>, profesor de la Universidad Georg August de G\u00f6ttingen (Alemania). Los primeros autores del trabajo son <strong>Miguel Berbeira<\/strong> <strong>Santana<\/strong>, de la Universidad de Oxford, y <strong>Claudia Peregrina<\/strong>, de la Universidad de Barcelona y UBneuro.<\/p>\n<p>El trabajo combina t\u00e9cnicas avanzadas \u2013como estudios de prote\u00edna estructural, edici\u00f3n g\u00e9nica en modelos animales y microscop\u00eda de superresoluci\u00f3n\u2013 para ampliar horizontes en la comprensi\u00f3n del origen de <strong>enfermedades del neurodesarrollo y trastornos psiqui\u00e1tricos o neurol\u00f3gicos<\/strong> \u2013esquizofrenia, epilepsia, autismo, trastorno bipolar, entre otros\u2013 que pueden estar relacionados con errores en la migraci\u00f3n de las neuronas.<\/p>\n<p><strong>Un interruptor que gu\u00eda el viaje de las neuronas<\/strong><\/p>\n<p> &#13;<\/p>\n<p>El cerebro es el \u00f3rgano que procesa la informaci\u00f3n motora, sensorial y cognitiva. Durante su desarrollo embrionario, <strong>las neuronas deben desplazarse desde su lugar de origen hasta su posici\u00f3n final<\/strong>, donde formar\u00e1n circuitos funcionales. Este viaje es esencial para que el cerebro se construya correctamente y se formen todas las capas neuronales y conexiones sin\u00e1pticas. Para ello, las neuronas utilizan unas &#8216;autopistas&#8217; formadas por fibras de otras c\u00e9lulas \u2013las <strong>c\u00e9lulas gliales radiales<\/strong>\u2013, a las que se adhieren y de las que se desprenden de forma controlada para regular su migraci\u00f3n.<\/p>\n<p>\u00abEl nuevo trabajo muestra que la prote\u00edna Ten4 act\u00faa como un interruptor que, dependiendo del contexto, puede favorecer la adhesi\u00f3n o la repulsi\u00f3n de las neuronas durante su migraci\u00f3n, pero no ambas a la vez\u00bb, explica Daniel del Toro, miembro tambi\u00e9n del IDIBAPS y del \u00c1rea de Enfermedades Neurodegenerativas (CIBERNED) del CIBER. \u00abEn concreto, la prote\u00edna Ten4 puede unirse a unas mol\u00e9culas conocidas como latrofilinas para facilitar que la neurona se adhiera a las fibras. En otros casos, se une a otras prote\u00ednas Ten4 para reducir esta adhesi\u00f3n a las fibras, con lo que la neurona avanza m\u00e1s r\u00e1pidamente\u00bb, detalla el experto. Este cambio de funci\u00f3n act\u00faa como un interruptor que gu\u00eda a la neurona en diferentes fases de su recorrido. Por tanto, la prote\u00edna Ten4 ser\u00eda el <strong>factor regulador de la din\u00e1mica de adhesi\u00f3n<\/strong> de las neuronas sobre las fibras.<\/p>\n<p>\u00abA\u00fan existen muchas inc\u00f3gnitas sobre c\u00f3mo se orquestan las interacciones moleculares para permitir que las neuronas migren hacia sus objetivos finales\u00bb, explica la investigadora Claudia Peregrina. Y a\u00f1ade: \u00abAnte estos desaf\u00edos en neurociencias, el trabajo presenta evidencia cient\u00edfica de la capacidad de una misma mol\u00e9cula para coordinar distintas etapas de un proceso tan complejo como la migraci\u00f3n neuronal mediante interacciones completamente antag\u00f3nicas\u00bb. \u00abCon los resultados obtenidos, nuestro trabajo introduce un s\u00f3lido marco metodol\u00f3gico para comprender el papel de las interacciones moleculares dentro de entornos tisulares complejos\u00bb, concluye el equipo.<\/p>\n<p>&#13;<br \/>\n            SEGUIR LEYENDO&#13;\n        <\/p>\n","protected":false},"excerpt":{"rendered":"Durante la formaci\u00f3n del cerebro, las neuronas pueden regular su movimiento hasta llegar a su destino final gracias&hellip;\n","protected":false},"author":2,"featured_media":527181,"comment_status":"","ping_status":"","sticky":false,"template":"","format":"standard","meta":{"footnotes":""},"categories":[92],"tags":[58398,103813,25517,10885,56319,2170,3343,5213,84388,25,24,1292,7214,165,4938,892,1156,23554,11290,103815,7296,86528,21256,103814,166,23,13917],"class_list":["post-527180","post","type-post","status-publish","format-standard","has-post-thumbnail","category-salud","tag-adhesion","tag-alterna","tag-cerebral","tag-cerebrales","tag-circuitos","tag-como","tag-desarrollo","tag-descubren","tag-desplazamiento","tag-es","tag-espana","tag-estudio","tag-formacion","tag-health","tag-mecanismo","tag-migracion","tag-muestra","tag-neuronal","tag-neuronas","tag-proceso-clave","tag-proteina","tag-regula","tag-regular","tag-repulsion","tag-salud","tag-spain","tag-ten"],"share_on_mastodon":{"url":"https:\/\/pubeurope.com\/@es\/116498950356663198","error":""},"_links":{"self":[{"href":"https:\/\/www.europesays.com\/es\/wp-json\/wp\/v2\/posts\/527180","targetHints":{"allow":["GET"]}}],"collection":[{"href":"https:\/\/www.europesays.com\/es\/wp-json\/wp\/v2\/posts"}],"about":[{"href":"https:\/\/www.europesays.com\/es\/wp-json\/wp\/v2\/types\/post"}],"author":[{"embeddable":true,"href":"https:\/\/www.europesays.com\/es\/wp-json\/wp\/v2\/users\/2"}],"replies":[{"embeddable":true,"href":"https:\/\/www.europesays.com\/es\/wp-json\/wp\/v2\/comments?post=527180"}],"version-history":[{"count":0,"href":"https:\/\/www.europesays.com\/es\/wp-json\/wp\/v2\/posts\/527180\/revisions"}],"wp:featuredmedia":[{"embeddable":true,"href":"https:\/\/www.europesays.com\/es\/wp-json\/wp\/v2\/media\/527181"}],"wp:attachment":[{"href":"https:\/\/www.europesays.com\/es\/wp-json\/wp\/v2\/media?parent=527180"}],"wp:term":[{"taxonomy":"category","embeddable":true,"href":"https:\/\/www.europesays.com\/es\/wp-json\/wp\/v2\/categories?post=527180"},{"taxonomy":"post_tag","embeddable":true,"href":"https:\/\/www.europesays.com\/es\/wp-json\/wp\/v2\/tags?post=527180"}],"curies":[{"name":"wp","href":"https:\/\/api.w.org\/{rel}","templated":true}]}}