{"id":527775,"date":"2026-05-01T18:23:16","date_gmt":"2026-05-01T18:23:16","guid":{"rendered":"https:\/\/www.europesays.com\/es\/527775\/"},"modified":"2026-05-01T18:23:16","modified_gmt":"2026-05-01T18:23:16","slug":"salud-introduce-vacuna-tetravalente-para-reforzar-ninos-en-dominicana","status":"publish","type":"post","link":"https:\/\/www.europesays.com\/es\/527775\/","title":{"rendered":"Salud introduce vacuna tetravalente para reforzar ni\u00f1os en Dominicana"},"content":{"rendered":"<p>   El biol\u00f3gico ser\u00e1 aplicado de forma gratuita a ni\u00f1os menores de cinco a\u00f1os, explic\u00f3 el titular de Salud, V\u00edctor Atallah, quien destac\u00f3 que la incorporaci\u00f3n representa un avance clave para ampliar la cobertura y garantizar una protecci\u00f3n m\u00e1s equitativa.<\/p>\n<p>   \u201cIncorporar esta vacuna significa m\u00e1s acceso, m\u00e1s protecci\u00f3n y menos riesgos para la ni\u00f1ez, especialmente en los sectores m\u00e1s vulnerables\u201d, afirm\u00f3.<\/p>\n<p>   De su lado, el director del Servicio Nacional de Salud (SNS), Julio Landr\u00f3n, subray\u00f3 que la vacunaci\u00f3n es un pilar fundamental en la prevenci\u00f3n de enfermedades.<\/p>\n<p>   La representante de la Organizaci\u00f3n Panamericana de la Salud (OPS), Alba Mar\u00eda Ropero \u00c1lvarez, felicit\u00f3 al pa\u00eds por la r\u00e1pida incorporaci\u00f3n de nuevos biol\u00f3gicos y los avances en cobertura.<\/p>\n<p>   No obstante, se\u00f1al\u00f3 que persisten desaf\u00edos, como mejorar la adherencia en embarazadas para reducir la mortalidad neonatal.<\/p>\n<p>   La directora de Inmunoprevenibles por Vacunas (DIV), Aida Luc\u00eda Vargas, resalt\u00f3 el apoyo t\u00e9cnico y los avances del programa de inmunizaci\u00f3n.<\/p>\n<p>   El lanzamiento se realiz\u00f3 en el Hospital Pedi\u00e1trico Robert Reid Cabral. Su directora, Mabel Jones, valor\u00f3 la incorporaci\u00f3n de la vacuna en un centro que atiende unos tres mil ni\u00f1os al mes.<\/p>\n<p>car\/mpv<\/p>\n","protected":false},"excerpt":{"rendered":"El biol\u00f3gico ser\u00e1 aplicado de forma gratuita a ni\u00f1os menores de cinco a\u00f1os, explic\u00f3 el titular de Salud,&hellip;\n","protected":false},"author":2,"featured_media":464906,"comment_status":"","ping_status":"","sticky":false,"template":"","format":"standard","meta":{"footnotes":""},"categories":[92],"tags":[119,25,24,165,12536,166,23,103939],"class_list":["post-527775","post","type-post","status-publish","format-standard","has-post-thumbnail","category-salud","tag-ciencia","tag-es","tag-espana","tag-health","tag-nota-informativa","tag-salud","tag-spain","tag-vacuna-tetravalente"],"share_on_mastodon":{"url":"https:\/\/pubeurope.com\/@es\/116500719909988564","error":""},"_links":{"self":[{"href":"https:\/\/www.europesays.com\/es\/wp-json\/wp\/v2\/posts\/527775","targetHints":{"allow":["GET"]}}],"collection":[{"href":"https:\/\/www.europesays.com\/es\/wp-json\/wp\/v2\/posts"}],"about":[{"href":"https:\/\/www.europesays.com\/es\/wp-json\/wp\/v2\/types\/post"}],"author":[{"embeddable":true,"href":"https:\/\/www.europesays.com\/es\/wp-json\/wp\/v2\/users\/2"}],"replies":[{"embeddable":true,"href":"https:\/\/www.europesays.com\/es\/wp-json\/wp\/v2\/comments?post=527775"}],"version-history":[{"count":0,"href":"https:\/\/www.europesays.com\/es\/wp-json\/wp\/v2\/posts\/527775\/revisions"}],"wp:featuredmedia":[{"embeddable":true,"href":"https:\/\/www.europesays.com\/es\/wp-json\/wp\/v2\/media\/464906"}],"wp:attachment":[{"href":"https:\/\/www.europesays.com\/es\/wp-json\/wp\/v2\/media?parent=527775"}],"wp:term":[{"taxonomy":"category","embeddable":true,"href":"https:\/\/www.europesays.com\/es\/wp-json\/wp\/v2\/categories?post=527775"},{"taxonomy":"post_tag","embeddable":true,"href":"https:\/\/www.europesays.com\/es\/wp-json\/wp\/v2\/tags?post=527775"}],"curies":[{"name":"wp","href":"https:\/\/api.w.org\/{rel}","templated":true}]}}