{"id":52781,"date":"2025-08-17T04:07:08","date_gmt":"2025-08-17T04:07:08","guid":{"rendered":"https:\/\/www.europesays.com\/es\/52781\/"},"modified":"2025-08-17T04:07:08","modified_gmt":"2025-08-17T04:07:08","slug":"la-estela-de-el-juli-se-agranda-en-dax-con-una-brava-y-categorica-corrida","status":"publish","type":"post","link":"https:\/\/www.europesays.com\/es\/52781\/","title":{"rendered":"La estela de El Juli se agranda en Dax con una brava y categ\u00f3rica corrida"},"content":{"rendered":"<p>Lleno a rebosar para la cuarta de feria en <strong>Dax<\/strong>. Por toriles sali\u00f3 un primer toro muy bien hecho, casta\u00f1o list\u00f3n que dio nulo juego en el capote. Entr\u00f3 hasta en dos ocasiones al caballo y se desplaz\u00f3 en banderillas con claridad. <strong>Miguel \u00c1ngel Perera<\/strong> brind\u00f3 la faena al respetable, y con las dos rodillas en tierra, y en el centro del redondel, arranc\u00f3 la labor con cuatro pases cambiados m\u00e1s el de pecho. Una verdadera m\u00e1quina de embestir fue el astado en cuanto se le present\u00f3 el trapo por ambos pitones, repitiendo con gran clase y humillando una barbaridad. Se gust\u00f3 toreando <strong>Perera<\/strong>, con temple el extreme\u00f1o. Faena larga y variada jaleada por el p\u00fablico que llen\u00f3 la plaza. Estocada letal y una oreja con petici\u00f3n un\u00e1nime de la segunda, denegada por el palco. Tuvo que dar dos vueltas al ruedo <strong>Perera<\/strong>. Gran ovaci\u00f3n para el ejemplar del <strong>Juli<\/strong> y bronca final al palco.<\/p>\n<p>Dif\u00edcil de fijar, abanto, y con muy poca fijeza el cuarto. Trasteo anodino con el capote y cumpli\u00f3 sin m\u00e1s en dos encuentros. Quit\u00f3 <strong>Miguel \u00c1ngel Perera<\/strong> por tafalleras y cordobinas, aplaudidas por el tendido. Tuvo movilidad el animal en los primeros compases de la faena. Dej\u00f3 <strong>Perera<\/strong> una buena primera serie de derechazos. Se gust\u00f3 en una serie de naturales templados y de muy largo trazo someti\u00e9ndole por abajo antes de acortar las distancias en un final encimista. Estocada trasera y ca\u00edda, dos orejas y gran ovaci\u00f3n para la res.<\/p>\n<p>El segundo fue otro toro de nota, un animal bien hecho. Fue bravo, empujando con los ri\u00f1ones en el primer encuentro con el caballo, recibiendo un buen segundo puyazo. <strong>Daniel Luque<\/strong> cuaj\u00f3 una faena importante, el de <strong>El<\/strong> <strong>Freixo<\/strong> result\u00f3 ser noble y repetidor en las telas, con menos intensidad en sus embestidas que el anterior, pero tambi\u00e9n de nota. Otra faena maciza de un Luque a saz\u00f3n, lo cuaj\u00f3 por ambos pitones con pasajes intensos y de calado en los tendidos. Estoconazo y dos orejas para el de <strong>Gerena<\/strong>. Ovaci\u00f3n para el toro.<\/p>\n<p>Bajito y bien hecho fue el quinto. Sublime recibo con ver\u00f3nicas, al ralent\u00ed, con el vuelo de la capa con remate final extra a una mano de <strong>Daniel Luque<\/strong>. Bien <strong>El Pata<\/strong> en dos encuentros medidos con el caballo. Borja <strong>Jim\u00e9nez<\/strong> entr\u00f3 al quite por chicuelinas. Este quinto baj\u00f3 la nota de la corrida, un animal de embestida sosa al que <strong>Luque<\/strong> tuvo que pulsear continuamente para que fuera hacia delante con dulzura y sin brusquedad, con cambios de mano y la muleta muerta. Faena de una t\u00e9cnica perfecta pero carente de emoci\u00f3n por la culpa de un astado con poco fondo. Estocada fulminante y oreja para el de <strong>Gerena<\/strong>.<\/p>\n<p>Visto el nivel de sus compa\u00f1eros, <strong>Borja Jim\u00e9nez<\/strong> no se quiso quedar atr\u00e1s y se fue a recibir al tercero con una larga a porta gayola para encadenar, con un capoteo vibrante, unas mocionantes chicuelinas frente a un toro muy bien presentado y encastado. Se pudieron ver dos enormes puyazos, arranc\u00e1ndose el de <strong>El Freixo<\/strong> desde la mitad de la plaza, empujando largamente y con mucha fijeza en la segunda vara. Entr\u00f3 una tercera vez sin ser picado para ver como se iba a arrancar de nuevo. Son\u00f3 la m\u00fasica en honor del varilarguero, <strong>Tito Sandoval<\/strong>, que fue obligado a saludar, y del toro, propiedad de <strong>Juli<\/strong> y de nombre Alejado. La faena la brind\u00f3 <strong>Borja<\/strong> al ganadero, presente en el callej\u00f3n. Frente a un toro m\u00e1s reserv\u00f3n, que embisti\u00f3 con menos brillantez que los dos primeros, dej\u00f3 el espada de <strong>Espartinas<\/strong> una labor completa sobre los dos lados. Estocada algo ca\u00edda y oreja. Vuelta al ruedo para el tercer toro, Alejado.<\/p>\n<p>A portagayola se fue <strong>Borja Jim\u00e9nez<\/strong> en el sexto, dejando una larga cambiada y otra en el tercio encadenando dos faroles de rodillas y una media. Mal picado en dos ocasiones. Inici\u00f3 con una rodilla en tierra, dejando luego derechazos largos oblig\u00e1ndole al m\u00e1ximo. Se impuso el espada sevillano a un toro, como toda la corrida, encastado. Estocada sin puntilla y dos orejas. Aplausos para el de <strong>El Freixo<\/strong> en el arrastre y un p\u00fablico enloquecido acab\u00f3 gritando \u00a1Juli, Juli, Juli! Salida final a hombros por la puerta grande de los tres matadores en uni\u00f3n del mayoral de la ganader\u00eda. Una corrida triunfal, de las que hacen afici\u00f3n.<\/p>\n<p><strong>Dax (Francia)<\/strong>, s\u00e1bado 16 de agosto. Toros de <strong>El Freixo<\/strong>. De gran condici\u00f3n los cuatro primeros. M\u00e1s soso el quinto. En general bravos y con casta. El tercero, de nombre Alejado, con el n\u00famero 14 y de 537 Kilos, fue premiado con la vuelta al ruedo. <strong>Miguel \u00c1ngel Perera<\/strong>; oreja con fuerte petici\u00f3n de la segunda y dos orejas; <strong>Daniel Luque, <\/strong>dos orejas y oreja; y <strong>Borja Jim\u00e9nez, <\/strong>oreja y dos orejas. <strong>Entrada: <\/strong>Lleno.<\/p>\n","protected":false},"excerpt":{"rendered":"Lleno a rebosar para la cuarta de feria en Dax. Por toriles sali\u00f3 un primer toro muy bien&hellip;\n","protected":false},"author":2,"featured_media":52782,"comment_status":"","ping_status":"","sticky":false,"template":"","format":"standard","meta":{"footnotes":""},"categories":[91],"tags":[5863,8115,17373,18818,146,147,25,24,317,23213,23],"class_list":{"0":"post-52781","1":"post","2":"type-post","3":"status-publish","4":"format-standard","5":"has-post-thumbnail","7":"category-entretenimiento","8":"tag-borja-jimenez","9":"tag-daniel-luque","10":"tag-dax","11":"tag-el-freixo","12":"tag-entertainment","13":"tag-entretenimiento","14":"tag-es","15":"tag-espana","16":"tag-francia","17":"tag-miguel-angel-perera","18":"tag-spain"},"share_on_mastodon":{"url":"","error":""},"_links":{"self":[{"href":"https:\/\/www.europesays.com\/es\/wp-json\/wp\/v2\/posts\/52781","targetHints":{"allow":["GET"]}}],"collection":[{"href":"https:\/\/www.europesays.com\/es\/wp-json\/wp\/v2\/posts"}],"about":[{"href":"https:\/\/www.europesays.com\/es\/wp-json\/wp\/v2\/types\/post"}],"author":[{"embeddable":true,"href":"https:\/\/www.europesays.com\/es\/wp-json\/wp\/v2\/users\/2"}],"replies":[{"embeddable":true,"href":"https:\/\/www.europesays.com\/es\/wp-json\/wp\/v2\/comments?post=52781"}],"version-history":[{"count":0,"href":"https:\/\/www.europesays.com\/es\/wp-json\/wp\/v2\/posts\/52781\/revisions"}],"wp:featuredmedia":[{"embeddable":true,"href":"https:\/\/www.europesays.com\/es\/wp-json\/wp\/v2\/media\/52782"}],"wp:attachment":[{"href":"https:\/\/www.europesays.com\/es\/wp-json\/wp\/v2\/media?parent=52781"}],"wp:term":[{"taxonomy":"category","embeddable":true,"href":"https:\/\/www.europesays.com\/es\/wp-json\/wp\/v2\/categories?post=52781"},{"taxonomy":"post_tag","embeddable":true,"href":"https:\/\/www.europesays.com\/es\/wp-json\/wp\/v2\/tags?post=52781"}],"curies":[{"name":"wp","href":"https:\/\/api.w.org\/{rel}","templated":true}]}}