{"id":528000,"date":"2026-05-01T21:10:18","date_gmt":"2026-05-01T21:10:18","guid":{"rendered":"https:\/\/www.europesays.com\/es\/528000\/"},"modified":"2026-05-01T21:10:18","modified_gmt":"2026-05-01T21:10:18","slug":"ya-no-pillo-cacho-ni-en-pluton","status":"publish","type":"post","link":"https:\/\/www.europesays.com\/es\/528000\/","title":{"rendered":"Ya no pillo cacho ni en Plut\u00f3n"},"content":{"rendered":"<p class=\"c-paragraph\">Despu\u00e9s de lograr un <b>primer permiso penitenciario<\/b> tras 13 a\u00f1os en prisi\u00f3n por el asesinato de su hija Asunta, <b><a href=\"https:\/\/www.20minutos.es\/tags\/personas\/alfonso-basterra.html\" title=\"Alfonso Basterra\" rel=\"nofollow noopener\" target=\"_blank\">Alfonso Basterra<\/a><\/b> ha dado unas sorprendentes <b>declaraciones de car\u00e1cter sexual<\/b> a las que ha tenido acceso Alejandro Entrambasafuas.\u00a0<\/p>\n<p class=\"c-paragraph\">El colaborador de Fiesta ha asegurado que Basterra ha hablado de sus <b>\u00abganas de intimar con alguien\u00bb <\/b>despu\u00e9s de m\u00e1s de una d\u00e9cada de abstinencia. El propio entorno del asesino de Asunta se ha mostrado sorprendido por la <b>exagerada apetencia sexual<\/b> que tiene.\u00a0<\/p>\n<p class=\"c-paragraph\">En en el formato de Telecinco han mostrado esas impactantes declaraciones de Alfonso Basterra, que estar\u00eda deseando volver a la vida \u00abnormal\u00bb y \u00abconocer mujeres con las que desfogar\u00bb. <b>\u00abEstoy tan salido\u00a0como en tiempos juveniles, o\u00a0<b>como Errej\u00f3n\u00a0<\/b>\u00faltimamente<\/b>\u00ab, han sido las palabras del asesino.<\/p>\n<p class=\"c-paragraph\">\u00ab\u00bfC\u00f3mo me enfrentar\u00e9 a esa situaci\u00f3n tras\u00a0<b>tantos a\u00f1os de abstinencia<\/b>? Voy a dedicarme a vivir y a pasarlo bien a mi manera. Ir al\u00a0<b><b>gimnasio plagado de cuarentonas<\/b><\/b>\u00a0multi operadas y siliconadas\u00bb, ha expresado tambi\u00e9n el padre de Asunta.<\/p>\n<p class=\"c-paragraph\">Pero sus declaraciones no se han quedado ah\u00ed: \u00abNo me vendr\u00eda mal ir tomando alg\u00fan <b>suplemento vitam\u00ednico<\/b><b>\u00a0para cuando llegue la ocasi\u00f3n.<\/b>\u00a0A estas alturas de mi vida yo creo que\u00a0<b><b>ya no pillo cacho ni en Plut\u00f3n<\/b><\/b>, pero la esperanza es lo \u00faltimo que se pierde\u00bb.<\/p>\n<p class=\"c-paragraph\">Alejandro Entrambasaguas tambi\u00e9n ha comentado en Fiesta los que podr\u00edan ser <b>los planes de Alfonso Basterra<\/b> una vez est\u00e9 fuera de prisi\u00f3n. El padre de Asunta tendr\u00eda pensado trabajar como <b>recepcionista de un edificio de apartamentos vacacionales<\/b> en el centro de Madrid, entre la Puerta del Sol y la Calle Preciados.<\/p>\n<p class=\"c-paragraph\">\u00abSu idea es trabajar en una zona como esa llena de <b>turistas extranjeros que no le pongan cara<\/b> para as\u00ed pasar lo m\u00e1s desapercibido posible. Ha estado\u00a0estudiando idiomas en la c\u00e1rcel\u00a0y se cree capaz de desempe\u00f1ar ese\u00a0trabajo que un conocido le habr\u00eda conseguido\u00bb, ha comentado el colaborador.<\/p>\n","protected":false},"excerpt":{"rendered":"Despu\u00e9s de lograr un primer permiso penitenciario tras 13 a\u00f1os en prisi\u00f3n por el asesinato de su hija&hellip;\n","protected":false},"author":2,"featured_media":528001,"comment_status":"","ping_status":"","sticky":false,"template":"","format":"standard","meta":{"footnotes":""},"categories":[8],"tags":[18583,37400,17,18,14762,25,24,13,14,11,4207,19,20,9,10,15,16,644,23,12,21,22],"class_list":["post-528000","post","type-post","status-publish","format-standard","has-post-thumbnail","category-espana","tag-alfonso","tag-basterra","tag-breaking-news","tag-breakingnews","tag-declaraciones","tag-es","tag-espana","tag-featured-news","tag-featurednews","tag-headlines","tag-las","tag-latest-news","tag-latestnews","tag-news","tag-noticias","tag-noticias-destacadas","tag-noticiasdestacadas","tag-polemicas","tag-spain","tag-titulares","tag-ultimas-noticias","tag-ultimasnoticias"],"share_on_mastodon":{"url":"https:\/\/pubeurope.com\/@es\/116501376559409228","error":""},"_links":{"self":[{"href":"https:\/\/www.europesays.com\/es\/wp-json\/wp\/v2\/posts\/528000","targetHints":{"allow":["GET"]}}],"collection":[{"href":"https:\/\/www.europesays.com\/es\/wp-json\/wp\/v2\/posts"}],"about":[{"href":"https:\/\/www.europesays.com\/es\/wp-json\/wp\/v2\/types\/post"}],"author":[{"embeddable":true,"href":"https:\/\/www.europesays.com\/es\/wp-json\/wp\/v2\/users\/2"}],"replies":[{"embeddable":true,"href":"https:\/\/www.europesays.com\/es\/wp-json\/wp\/v2\/comments?post=528000"}],"version-history":[{"count":0,"href":"https:\/\/www.europesays.com\/es\/wp-json\/wp\/v2\/posts\/528000\/revisions"}],"wp:featuredmedia":[{"embeddable":true,"href":"https:\/\/www.europesays.com\/es\/wp-json\/wp\/v2\/media\/528001"}],"wp:attachment":[{"href":"https:\/\/www.europesays.com\/es\/wp-json\/wp\/v2\/media?parent=528000"}],"wp:term":[{"taxonomy":"category","embeddable":true,"href":"https:\/\/www.europesays.com\/es\/wp-json\/wp\/v2\/categories?post=528000"},{"taxonomy":"post_tag","embeddable":true,"href":"https:\/\/www.europesays.com\/es\/wp-json\/wp\/v2\/tags?post=528000"}],"curies":[{"name":"wp","href":"https:\/\/api.w.org\/{rel}","templated":true}]}}