{"id":528435,"date":"2026-05-02T03:03:21","date_gmt":"2026-05-02T03:03:21","guid":{"rendered":"https:\/\/www.europesays.com\/es\/528435\/"},"modified":"2026-05-02T03:03:21","modified_gmt":"2026-05-02T03:03:21","slug":"airbus-confirma-un-pedido-de-la-aerolinea-china-southern-de-137-aviones-a320neo","status":"publish","type":"post","link":"https:\/\/www.europesays.com\/es\/528435\/","title":{"rendered":"Airbus confirma un pedido de la aerol\u00ednea China Southern de 137 aviones A320neo"},"content":{"rendered":"<p class=\"paragraph-atom&#10;        &#10;        B-510-400-550-N B-525-400-700-N--md&#10;        &#10;        \">\n    El fabricante aeron\u00e1utico europeo Airbus confirm\u00f3 este jueves<strong> un pedido en firme de 137 aviones A320neo procedente de la aerol\u00ednea china China Southern <\/strong>por un importe total de 21.400 millones de d\u00f3lares (unos 18.200 millones de euros).\n    <\/p>\n<p class=\"paragraph-atom&#10;        &#10;        B-510-400-550-N B-525-400-700-N--md&#10;        &#10;        \">\n    \u00abEstamos encantados de recibir este pedido firme\u00bb, indic\u00f3 un portavoz de la compa\u00f1\u00eda al confirmar la informaci\u00f3n que China Southern hab\u00eda aportado previamente a la Bolsa de Shangai.\n    <\/p>\n<p class=\"paragraph-atom&#10;        &#10;        B-510-400-550-N B-525-400-700-N--md&#10;        &#10;        \">\n    Seg\u00fan los datos de la aerol\u00ednea, <strong>102 de los aparatos encargados integrar\u00e1n directamente su flota, mientras que el resto, 35, ir\u00e1n destinados a su filial Xiamen Air. <\/strong>Los primeros llegar\u00e1n entre 2028 y 2032 mientras que los segundos lo har\u00e1n entre 2029 y 2032.\n    <\/p>\n<p class=\"paragraph-atom&#10;        &#10;        B-510-400-550-N B-525-400-700-N--md&#10;        &#10;        \">\n    A precio de cat\u00e1logo, este pedido <strong>supone 21.400 millones de d\u00f3lares <\/strong>(unos 18.200 millones de euros).\n    <\/p>\n<p class=\"paragraph-atom&#10;        &#10;        B-510-400-550-N B-525-400-700-N--md&#10;        &#10;        \">\n    Este nuevo importante pedido se produce <strong>pocos d\u00edas despu\u00e9s de que Airbus desvelara sus cuentas trimestrales<\/strong>, con una ca\u00edda del 26% de los beneficios a causa de los problemas del fabricante para respetar el plazo de entrega de muchos de sus pedidos.\n    <\/p>\n<p class=\"paragraph-atom&#10;        &#10;        B-510-400-550-N B-525-400-700-N--md&#10;        &#10;        \">\n    El constructor europeo acumula encargos de m\u00e1s de 9.000 aparatos.\n    <\/p>\n","protected":false},"excerpt":{"rendered":"El fabricante aeron\u00e1utico europeo Airbus confirm\u00f3 este jueves un pedido en firme de 137 aviones A320neo procedente de&hellip;\n","protected":false},"author":2,"featured_media":528436,"comment_status":"","ping_status":"","sticky":false,"template":"","format":"standard","meta":{"footnotes":""},"categories":[80],"tags":[45426,26560,56905,82,1615,95,94,25,24,12204,104022,23],"class_list":["post-528435","post","type-post","status-publish","format-standard","has-post-thumbnail","category-economia","tag-a320neo","tag-aerolinea","tag-airbus","tag-business","tag-china","tag-economia","tag-economy","tag-es","tag-espana","tag-pedido","tag-southern","tag-spain"],"share_on_mastodon":{"url":"https:\/\/pubeurope.com\/@es\/116502764417610237","error":""},"_links":{"self":[{"href":"https:\/\/www.europesays.com\/es\/wp-json\/wp\/v2\/posts\/528435","targetHints":{"allow":["GET"]}}],"collection":[{"href":"https:\/\/www.europesays.com\/es\/wp-json\/wp\/v2\/posts"}],"about":[{"href":"https:\/\/www.europesays.com\/es\/wp-json\/wp\/v2\/types\/post"}],"author":[{"embeddable":true,"href":"https:\/\/www.europesays.com\/es\/wp-json\/wp\/v2\/users\/2"}],"replies":[{"embeddable":true,"href":"https:\/\/www.europesays.com\/es\/wp-json\/wp\/v2\/comments?post=528435"}],"version-history":[{"count":0,"href":"https:\/\/www.europesays.com\/es\/wp-json\/wp\/v2\/posts\/528435\/revisions"}],"wp:featuredmedia":[{"embeddable":true,"href":"https:\/\/www.europesays.com\/es\/wp-json\/wp\/v2\/media\/528436"}],"wp:attachment":[{"href":"https:\/\/www.europesays.com\/es\/wp-json\/wp\/v2\/media?parent=528435"}],"wp:term":[{"taxonomy":"category","embeddable":true,"href":"https:\/\/www.europesays.com\/es\/wp-json\/wp\/v2\/categories?post=528435"},{"taxonomy":"post_tag","embeddable":true,"href":"https:\/\/www.europesays.com\/es\/wp-json\/wp\/v2\/tags?post=528435"}],"curies":[{"name":"wp","href":"https:\/\/api.w.org\/{rel}","templated":true}]}}