{"id":528446,"date":"2026-05-02T03:16:17","date_gmt":"2026-05-02T03:16:17","guid":{"rendered":"https:\/\/www.europesays.com\/es\/528446\/"},"modified":"2026-05-02T03:16:17","modified_gmt":"2026-05-02T03:16:17","slug":"asi-ha-sido-la-historia-de-amor-de-borja-semper-y-barbara-goenaga-su-gran-apoyo-en-su-lucha-contra-el-cancer","status":"publish","type":"post","link":"https:\/\/www.europesays.com\/es\/528446\/","title":{"rendered":"As\u00ed ha sido la historia de amor de Borja S\u00e9mper y B\u00e1rbara Goenaga, su gran apoyo en su lucha contra el c\u00e1ncer"},"content":{"rendered":"<p style=\"\">Tras una dura batalla contra el c\u00e1ncer, Borja S\u00e9mper respira tranquilo. Este jueves, el pol\u00edtico vasco dio la mejor de las noticias en &#8216;El Hormiguero&#8217;: \u00ab &#8230; Tras la \u00faltima revisi\u00f3n, puedo decir que <a href=\"https:\/\/www.elcorreo.com\/gente-estilo\/borja-semper-libre-cancer-20260430225209-nt.html\" target=\"_blank\" title=\"Borja S\u00e9mper supera el c\u00e1ncer de p\u00e1ncreas: \u00abSiempre he tenido mucho miedo a morir\u00bb\" data-voc-vtm-id=\"in-text-traffic\" data-mrf-link=\"www.elcorreo.com\" rel=\"nofollow noopener\">estoy libre de c\u00e1ncer<\/a>, afortunadamente\u00bb, afirm\u00f3 ante Pablo Motos visiblemente emocionado. En este proceso su mujer B\u00e1rbara Goenaga ha jugado un papel fundamental. La actriz donostiarra ha sido su m\u00e1ximo apoyo y, de hecho, de no ser por su insistencia, el diagn\u00f3stico, quiz\u00e1, hubiera sido peor. <\/p>\n<p class=\"v-d-p\" style=\"\">El portavoz nacional del PP confes\u00f3 que a su pareja, \u00abque siempre tiene raz\u00f3n en todo\u00bb, no le gust\u00f3 nada que volviese a fumar, ya que tiene familiares que han padecido c\u00e1ncer de pulm\u00f3n. Por eso, \u00abinsisti\u00f3 en que me hiciera los chequeos. Yo fui pensando &#8216;venga, me lo hago r\u00e1pido y as\u00ed ella se queda tranquila&#8217;. Gracias a su insistencia me detectaron un tumor que se pod\u00eda operar\u00bb, asegur\u00f3.<\/p>\n<p class=\"v-d-p\" style=\"\">Lo cierto es que ambos han formado una pareja s\u00f3lida, apoy\u00e1ndose el uno y al otro a las duras y a las maduras. Se conocieron en 2014 en San Sebasti\u00e1n por unos amigos en com\u00fan. Pero no fue hasta el 20 de diciembre del siguiente a\u00f1o, en un concierto en Vitoria, de Love of Lesbian, cuando se dejaron ver juntos por primera vez. Desde entonces, no se han separado.<\/p>\n<p>Arriba, en una imagen colgada en redes durante su tratamiento contra el c\u00e1ncer; en el centro, la actriz y el pol\u00edtico en un evento, y abajo, la pareja en una entra\u00f1able fotograf\u00eda en su hogar con la actriz embarazada..<\/p>\n<p>(Instagram | E.C.)<\/p>\n<p class=\"v-d-p\" style=\"\">A pesar de estar en las ant\u00edpodas ideol\u00f3gicas, comenzaron un discreto romance que provoc\u00f3 un sinfin de reacciones, pero con el tiempo han demostrado que su relaci\u00f3n era de lo m\u00e1s s\u00f3lida. Sus visitas a la capital donostiarra son frecuentes, pero residen en Madrid junto a su prole. Juntos han construido una bonita familia. Borja y B\u00e1rbara tienen dos hijos en com\u00fan -Telmo, nacido en 2016, y Eliot, dos a\u00f1os m\u00e1s tarde-, pero a ellos se unen Pablo, hijo de S\u00e9mper de su primer matrimonio, y Ar\u00e1n, fruto de la relaci\u00f3n de la int\u00e9rprete con \u00d3scar Jaenada.<\/p>\n<p>\nSin perder el optimismo\n<\/p>\n<p class=\"v-d-p\" style=\"\">Los seis forman un equipo que ha permanecido unido durante los meses en los que el guipuzcoano tuvo que abandonar la primera l\u00ednea pol\u00edtica para tratarse su c\u00e1ncer. No fueron momentos f\u00e1ciles para Borja y B\u00e1rbara, pero la pareja afront\u00f3 la enfermedad del dirigente popular con entereza y positivismo. <\/p>\n<ul class=\"v-cmp-rld__u\">\n<li class=\"v-cmp-rld__l\">\n<p><a class=\"v-a-lnk\" href=\"http:\/\/www.elcorreo.com\/gente-estilo\/borja-semper-libre-cancer-20260430225209-nt.html#vtm_modulosEngag=noticiasrelacionadas-cmp-dos:gente-estilo:noticia:1\" title=\"Borja S\u00e9mper supera el c\u00e1ncer de p\u00e1ncreas: \u00abSiempre he tenido mucho miedo a morir\u00bb\" data-voc-vtm-id=\"in-text-traffic\" rel=\"nofollow noopener\" target=\"_blank\"><br \/>\n<img decoding=\"async\" loading=\"lazy\" src=\"https:\/\/www.europesays.com\/es\/wp-content\/uploads\/2026\/05\/semper-1-U201267919734dTE--366x256@El Correo-ElCorreo.jpg\" class=\"v-a-img\" width=\"258\" height=\"180\" alt=\"Borja S\u00e9mper supera el c\u00e1ncer de p\u00e1ncreas: \u00abSiempre he tenido mucho miedo a morir\u00bb\"\/><br \/>\n<\/a><\/p>\n<\/li>\n<li class=\"v-cmp-rld__l\">\n<p><a class=\"v-a-lnk\" href=\"http:\/\/www.elcorreo.com\/gente-estilo\/borja-semper-ante-dolor-quimioterapia-decia-medicos-20260501081452-nt.html#vtm_modulosEngag=noticiasrelacionadas-cmp-dos:gente-estilo:noticia:2\" title=\"Borja S\u00e9mper, ante el dolor de la quimioterapia: \u00abLes dec\u00eda a los m\u00e9dicos, &#039;soy vasco pero no de Bilbao&#039;\u00bb\" data-voc-vtm-id=\"in-text-traffic\" rel=\"nofollow noopener\" target=\"_blank\"><br \/>\n<img decoding=\"async\" loading=\"lazy\" src=\"https:\/\/www.europesays.com\/es\/wp-content\/uploads\/2026\/05\/semper-el-hormiguero-kpt--366x256@El Correo.JPG\" class=\"v-a-img\" width=\"258\" height=\"180\" alt=\"Borja S\u00e9mper, ante el dolor de la quimioterapia: \u00abLes dec\u00eda a los m\u00e9dicos, 'soy vasco pero no de Bilbao'\u00bb\"\/><br \/>\n<\/a><\/p>\n<\/li>\n<\/ul>\n<p class=\"v-d-p\" style=\"\">El pasado mes de septiembre, la actriz compart\u00eda una imagen de ambos en un viaje y unas tiernas palabras dirigidas a su chico, a quien se le notaban los estragos del tratamiento: \u00abVengo a decir que aunque \u00e9l se vea raro, sigue siendo el chico m\u00e1s guapo del planeta, y el m\u00e1s alegre y mejor enfermo (no daba un duro y ya queda poco)\u00bb. <\/p>\n","protected":false},"excerpt":{"rendered":"Tras una dura batalla contra el c\u00e1ncer, Borja S\u00e9mper respira tranquilo. Este jueves, el pol\u00edtico vasco dio la&hellip;\n","protected":false},"author":2,"featured_media":528447,"comment_status":"","ping_status":"","sticky":false,"template":"","format":"standard","meta":{"footnotes":""},"categories":[174],"tags":[1733,6635,38503,7533,104025,104024,1066,255,146,147,25,24,256,40144,3956,448,591,104023,956,40146,23],"class_list":["post-528446","post","type-post","status-publish","format-standard","has-post-thumbnail","category-famosos","tag-amor","tag-apoyo","tag-barbara","tag-borja","tag-borja-semper-cancer","tag-borja-semper-eta","tag-cancer","tag-celebrities","tag-entertainment","tag-entretenimiento","tag-es","tag-espana","tag-famosos","tag-goenaga","tag-gran","tag-historia","tag-lucha","tag-portavoz-pp-nacional","tag-pp","tag-semper","tag-spain"],"share_on_mastodon":{"url":"https:\/\/pubeurope.com\/@es\/116502815929374226","error":""},"_links":{"self":[{"href":"https:\/\/www.europesays.com\/es\/wp-json\/wp\/v2\/posts\/528446","targetHints":{"allow":["GET"]}}],"collection":[{"href":"https:\/\/www.europesays.com\/es\/wp-json\/wp\/v2\/posts"}],"about":[{"href":"https:\/\/www.europesays.com\/es\/wp-json\/wp\/v2\/types\/post"}],"author":[{"embeddable":true,"href":"https:\/\/www.europesays.com\/es\/wp-json\/wp\/v2\/users\/2"}],"replies":[{"embeddable":true,"href":"https:\/\/www.europesays.com\/es\/wp-json\/wp\/v2\/comments?post=528446"}],"version-history":[{"count":0,"href":"https:\/\/www.europesays.com\/es\/wp-json\/wp\/v2\/posts\/528446\/revisions"}],"wp:featuredmedia":[{"embeddable":true,"href":"https:\/\/www.europesays.com\/es\/wp-json\/wp\/v2\/media\/528447"}],"wp:attachment":[{"href":"https:\/\/www.europesays.com\/es\/wp-json\/wp\/v2\/media?parent=528446"}],"wp:term":[{"taxonomy":"category","embeddable":true,"href":"https:\/\/www.europesays.com\/es\/wp-json\/wp\/v2\/categories?post=528446"},{"taxonomy":"post_tag","embeddable":true,"href":"https:\/\/www.europesays.com\/es\/wp-json\/wp\/v2\/tags?post=528446"}],"curies":[{"name":"wp","href":"https:\/\/api.w.org\/{rel}","templated":true}]}}