{"id":528581,"date":"2026-05-02T05:37:10","date_gmt":"2026-05-02T05:37:10","guid":{"rendered":"https:\/\/www.europesays.com\/es\/528581\/"},"modified":"2026-05-02T05:37:10","modified_gmt":"2026-05-02T05:37:10","slug":"mision-cumplida-los-periodistas-de-el-correo-culminan-la-titan-desert-en-quinta-posicion-por-equipos","status":"publish","type":"post","link":"https:\/\/www.europesays.com\/es\/528581\/","title":{"rendered":"Misi\u00f3n cumplida: los periodistas de EL CORREO culminan la Titan Desert en quinta posici\u00f3n por equipos"},"content":{"rendered":"<p style=\"\">El desierto del norte de \u00c1frica ha sido escenario hist\u00f3rico de grandes duelos. Desde las incursiones romanas hasta el enfrentamiento de Rommel y Montgomery en  &#8230; la Segunda Guerra Mundial, estas arenas han sido testigo de luchas y desaf\u00edos antol\u00f3gicos. Quiz\u00e1 por eso la Titan Desert que les hemos contado estos d\u00edas Josu, Bruno y Lucas se contagia de esa \u00e9pica. La aventura es algo inherente a estos m\u00e1s de 600 kil\u00f3metros que hemos rodado esta semana entre el Atlas y el desierto del S\u00e1hara. Tierras que sobrevol\u00f3 Saint de Exupery hace 100 a\u00f1os antes de escribir &#8216;El Principito&#8217;. <\/p>\n<p class=\"v-d-p\" style=\"\">As\u00ed lo hemos vivido, as\u00ed tambi\u00e9n se lo hemos intentado transmitir en nuestras cr\u00f3nicas durante estas jornadas en las que hemos cambiado el escritorio de la redacci\u00f3n de EL CORREO por el manillar. Una aventura en la que hemos sufrido, disfrutado y re\u00eddo. Y entre pedalada, foto y v\u00eddeo tampoco hemos perdido el ritmo de la carrera. La general no enga\u00f1a y el equipo de EL CORREO que les ha ido narrando esta 21\u00ba Skoda Titan Desert Morroco ha quedado en quinto lugar. <\/p>\n<p class=\"v-d-p\" style=\"\">Pero tambi\u00e9n nos ha dado tiempo para pensar en muchas de las horas de pedaleo solitario. Sirven para ver que la aventura trasciende a los paisajes y que la \u00e9pica no reside tanto en el desierto como en las personas. As\u00ed lo narr\u00f3 Joseph Conrad en su &#8216;El coraz\u00f3n en las tinieblas&#8217;, ambientado en este continente, aunque en tierras m\u00e1s al sur y tropicales. La clave reside en el interior de las personas, en la fuerza de voluntad de &#8216;Muji&#8217;, que ha hecho su Titan en una handbike adaptada despu\u00e9s de quedarse parapl\u00e9jico por un accidente. Es valiente hacerlo as\u00ed, pero lo es m\u00e1s levantarse cada ma\u00f1ana para ganarle una sonrisa a la vida. <\/p>\n<ul class=\"v-cmp-rld__u\">\n<li class=\"v-cmp-rld__l\">\n<p><a class=\"v-a-lnk\" href=\"http:\/\/www.elcorreo.com\/deportes\/ciclismo\/generoso-gesto-getxotarra-jonathan-castroviejo-titan-desert-20260501205632-nt.html#vtm_modulosEngag=noticiasrelacionadas-cmp-uno:deportes:noticia:1\" title=\"El elegante gesto del getxotarra Jonathan Castroviejo\" data-voc-vtm-id=\"in-text-traffic\" rel=\"nofollow noopener\" target=\"_blank\"><br \/>\n<img decoding=\"async\" loading=\"lazy\" src=\"https:\/\/www.europesays.com\/es\/wp-content\/uploads\/2026\/05\/castroviejo-titan-kWeB--366x256@El Correo.jpg\" class=\"v-a-img\" width=\"258\" height=\"180\" alt=\"El elegante gesto del getxotarra Jonathan Castroviejo\"\/><br \/>\n<\/a><\/p>\n<\/li>\n<\/ul>\n<p class=\"v-d-p\" style=\"\">M\u00e9rito mayor es tambi\u00e9n el de la sonrisa de los ni\u00f1os que sal\u00edan al paso de la carrera por sus aldeas para saludar a los ciclistas. Su vida es muy diferente y mucho m\u00e1s dif\u00edcil que nuestro esfuerzo para completar la prueba. Y nuestro \u00fanico m\u00e9rito es la inexplicable raz\u00f3n de haber nacido 1.000 kil\u00f3metros m\u00e1s al norte. <\/p>\n<p class=\"v-d-p\" style=\"\">La Titan es una aventura, s\u00ed. Y la superaci\u00f3n de uno mismo es un reto satisfactorio, tambi\u00e9n. Pero lo es m\u00e1s el fondo de cada persona, el esfuerzo que destinan muchos an\u00f3nimos en su d\u00eda a d\u00eda para cuidar a sus padres, a sus hijos o trabajar a turnos. La virtud de estas pruebas es la de cristalizar y visibilizar lo importante de un prop\u00f3sito. Y eso es lo que nos llevamos de tierras marroqu\u00eds. <\/p>\n<p class=\"v-d-p\" style=\"\">Eso y la vista de paisajes espectaculares y el recuerdo de momentos inolvidables que les hemos trasladado estos d\u00edas en cada una de nuestras letras, im\u00e1genes y v\u00eddeos. Todo ha ocurrido en una prueba que arrancaron en Boumane Dades el domingo 26 de abril 470 ciclistas y que acabaron este s\u00e1bado 350 de los 475 que empezaron. Muchos aventureros se han quedado por el camino en los 600 kil\u00f3metros y m\u00e1s de 6.000 metros de desnivel acumulado por ca\u00eddas, desfallecimiento o por puro agotamiento. <\/p>\n<p class=\"v-d-p\" style=\"\">En lo deportivo, la sexta y \u00faltima etapa comenz\u00f3 como lo han hecho varias: con el protagonismo de nuestro compa\u00f1ero Jonathan Castroviejo. El exprofesional de Getxo, seis veces campe\u00f3n de Espa\u00f1a de contrarreloj, atac\u00f3 y tens\u00f3 el ritmo de la carrera en los primeros 20 kil\u00f3metros de carrera que transcurrieron por pistas r\u00e1pidas, picando ligeramente hacia arriba y con un fuerte viento en contra que endureci\u00f3 la marcha. El pelot\u00f3n se dividi\u00f3 en diferentes grupos comandados por el corredor vasco, Luis Angel Mat\u00e9, l\u00edder de la prueba, y Miguel Indurain, que dio muestras de la clase que sigue atesorando en las piernas el pentacampe\u00f3n del Tour. <\/p>\n<p class=\"v-d-p\" style=\"\">En las diferentes escaramuzas y tras una dura subida de dos kil\u00f3metros y medio en el 40, Castroviejo se escap\u00f3 con Josep Termens, ciclista residente en Suiza, con el que sigui\u00f3 tirando por caminos r\u00e1pidos hasta llegar a meta en Maadid y donde no disput\u00f3 el sprint en un gesto elegante de aquellos con los que jalon\u00f3 su carrera Indurain.<\/p>\n<p class=\"v-d-p\" style=\"\">La meta de la sexta etapa fue una explosi\u00f3n de sensaciones. Cada ciclista las lleva a su manera. Las motivaciones para llegar hasta aqu\u00ed son tan variadas como los participantes y explotan de muchas formas. Hay quienes hacen una videollamada a su familia en los \u00faltimos metros para compartir esos instantes con sus seres queridos. Otros se abrazan al compa\u00f1ero del que recibieron la ayuda necesaria en un momento cr\u00edtico de la prueba. Otros lloran sentados en el suelo\u2026 Y surge un sentido de fraternidad. <\/p>\n<p class=\"v-d-p\" style=\"\">Se podr\u00eda decir que este tsunami de emociones solo se entiende si has estado aqu\u00ed. Pero no es as\u00ed. Este sentimiento es el mismo que el del deber cumplido. La virtud de esta prueba es, quiz\u00e1, hacer m\u00e1s visible los valores que mueven el mundo. Eso, con m\u00e1s o menos acierto, es lo que hemos intentado contarles estos d\u00edas tit\u00e1nicos.<\/p>\n","protected":false},"excerpt":{"rendered":"El desierto del norte de \u00c1frica ha sido escenario hist\u00f3rico de grandes duelos. Desde las incursiones romanas hasta&hellip;\n","protected":false},"author":2,"featured_media":528582,"comment_status":"","ping_status":"","sticky":false,"template":"","format":"standard","meta":{"footnotes":""},"categories":[273],"tags":[313,8455,104040,50336,312,168,40042,6440,25,24,10008,4041,6205,15384,23,167,13992],"class_list":["post-528581","post","type-post","status-publish","format-standard","has-post-thumbnail","category-ciclismo","tag-ciclismo","tag-correo","tag-culminan","tag-cumplida","tag-cycling","tag-deportes","tag-desert","tag-equipos","tag-es","tag-espana","tag-mision","tag-periodistas","tag-posicion","tag-quinta","tag-spain","tag-sports","tag-titan"],"share_on_mastodon":{"url":"https:\/\/pubeurope.com\/@es\/116503370406665060","error":""},"_links":{"self":[{"href":"https:\/\/www.europesays.com\/es\/wp-json\/wp\/v2\/posts\/528581","targetHints":{"allow":["GET"]}}],"collection":[{"href":"https:\/\/www.europesays.com\/es\/wp-json\/wp\/v2\/posts"}],"about":[{"href":"https:\/\/www.europesays.com\/es\/wp-json\/wp\/v2\/types\/post"}],"author":[{"embeddable":true,"href":"https:\/\/www.europesays.com\/es\/wp-json\/wp\/v2\/users\/2"}],"replies":[{"embeddable":true,"href":"https:\/\/www.europesays.com\/es\/wp-json\/wp\/v2\/comments?post=528581"}],"version-history":[{"count":0,"href":"https:\/\/www.europesays.com\/es\/wp-json\/wp\/v2\/posts\/528581\/revisions"}],"wp:featuredmedia":[{"embeddable":true,"href":"https:\/\/www.europesays.com\/es\/wp-json\/wp\/v2\/media\/528582"}],"wp:attachment":[{"href":"https:\/\/www.europesays.com\/es\/wp-json\/wp\/v2\/media?parent=528581"}],"wp:term":[{"taxonomy":"category","embeddable":true,"href":"https:\/\/www.europesays.com\/es\/wp-json\/wp\/v2\/categories?post=528581"},{"taxonomy":"post_tag","embeddable":true,"href":"https:\/\/www.europesays.com\/es\/wp-json\/wp\/v2\/tags?post=528581"}],"curies":[{"name":"wp","href":"https:\/\/api.w.org\/{rel}","templated":true}]}}