{"id":529308,"date":"2026-05-02T15:07:10","date_gmt":"2026-05-02T15:07:10","guid":{"rendered":"https:\/\/www.europesays.com\/es\/529308\/"},"modified":"2026-05-02T15:07:10","modified_gmt":"2026-05-02T15:07:10","slug":"se-lo-habra-permitido-ella","status":"publish","type":"post","link":"https:\/\/www.europesays.com\/es\/529308\/","title":{"rendered":"Se lo habr\u00e1 permitido ella"},"content":{"rendered":"<p class=\"c-paragraph\">Despu\u00e9s de la emisi\u00f3n de su scoop la semana pasada, <a href=\"https:\/\/www.20minutos.es\/tags\/personas\/makoke.html\" title=\"Makoke\" rel=\"nofollow noopener\" target=\"_blank\">Makoke <\/a>se sent\u00f3 este viernes en el plat\u00f3 de \u00a1De viernes! para conceder una dolorosa entrevista den la que sac\u00f3 a la luz los pormenores de su matrimonio con <a href=\"https:\/\/www.20minutos.es\/tags\/personas\/kiko-matamoros.html\" title=\"Kiko Matamoros\" rel=\"nofollow noopener\" target=\"_blank\">Kiko Matamoros<\/a>.\u00a0<\/p>\n<p class=\"c-paragraph\">\u00abMe da mucha pena todo. He pasado por todas las emociones, pero<b> cuando veo las im\u00e1genes me da pena, no lo puedo evitar<\/b>\u00ab, analiz\u00f3 la invitada sobre lo que iba a ser el devenir de su entrevista.\u00a0<\/p>\n<p class=\"c-paragraph\">\u00abDesde que se emiti\u00f3 la primera parte de la entrevista<b> he recibido mensajes en tono amenazante, de que me iba a enterar<\/b>. No s\u00e9 de quienes son, pero est\u00e1n en manos de mi abogada. Yo sab\u00eda la repercusi\u00f3n que iba a tener y s\u00e9 que la persona que tengo ah\u00ed es capaz de hacerme mucho da\u00f1o\u00bb, denunci\u00f3 nada m\u00e1s comenzarla.<\/p>\n<p class=\"c-paragraph\">En ella volvi\u00f3 a incidir en un episodio de supuesta violencia en la pareja en el que revel\u00f3 que, en alg\u00fan momento, lleg\u00f3 a temer por su vida. \u00ab<b>Me puso el pie en la cara<\/b>\u00ab, asegur\u00f3 la entrevistada.<\/p>\n<p class=\"c-paragraph\">Unas declaraciones que derivaron en <b>la conducta de Matamoros en los plat\u00f3s de televisi\u00f3n, en concreto S\u00e1lvame<\/b>, narradas por una de sus excompa\u00f1eras, Carmele Marchante: \u00abRealmente,<b> su conducta en el plat\u00f3 era delictiva<\/b>. Ahora estar\u00eda encarcelado y empapelado, porque era un mis\u00f3gino, una persona con talante violento y totalmente machista\u00bb, se\u00f1alaba la periodista.<\/p>\n<p class=\"c-paragraph\">En esos momentos, <a href=\"https:\/\/www.20minutos.es\/tags\/personas\/terelu-campos.html\" title=\"Terelu Campos\" rel=\"nofollow noopener\" target=\"_blank\">Terelu Campos<\/a> interven\u00eda. \u00abBueno, <b>se le ha permitido<\/b>. No s\u00e9 si se le ha permitido, si se le ha azuzado, c\u00f3mo \u00e9l dice&#8230;\u00bb, analizaba la colaboradora, antes de ser cortada por el presentador: \u00abYa no se permite m\u00e1s\u00bb.<\/p>\n<p class=\"c-paragraph\">Unas palabras a las que ha reaccionado <a href=\"https:\/\/www.20minutos.es\/tags\/personas\/maria-patino.html\" title=\"Mar\u00eda Pati\u00f1o\" rel=\"nofollow noopener\" target=\"_blank\">Mar\u00eda Pati\u00f1o<\/a>, que, a trav\u00e9s de X, no se muestra muy a favor de las mismas. \u00ab<b>Se lo habr\u00e1 permitido ella<\/b>\u00ab, ha escrito tajante la presentadora.<\/p>\n","protected":false},"excerpt":{"rendered":"Despu\u00e9s de la emisi\u00f3n de su scoop la semana pasada, Makoke se sent\u00f3 este viernes en el plat\u00f3&hellip;\n","protected":false},"author":2,"featured_media":529309,"comment_status":"","ping_status":"","sticky":false,"template":"","format":"standard","meta":{"footnotes":""},"categories":[171],"tags":[5615,19913,146,147,25,24,1932,8014,23,5522,214],"class_list":["post-529308","post","type-post","status-publish","format-standard","has-post-thumbnail","category-tv","tag-campos","tag-contra","tag-entertainment","tag-entretenimiento","tag-es","tag-espana","tag-maria","tag-patino","tag-spain","tag-terelu","tag-tv"],"share_on_mastodon":{"url":"https:\/\/pubeurope.com\/@es\/116505611382468163","error":""},"_links":{"self":[{"href":"https:\/\/www.europesays.com\/es\/wp-json\/wp\/v2\/posts\/529308","targetHints":{"allow":["GET"]}}],"collection":[{"href":"https:\/\/www.europesays.com\/es\/wp-json\/wp\/v2\/posts"}],"about":[{"href":"https:\/\/www.europesays.com\/es\/wp-json\/wp\/v2\/types\/post"}],"author":[{"embeddable":true,"href":"https:\/\/www.europesays.com\/es\/wp-json\/wp\/v2\/users\/2"}],"replies":[{"embeddable":true,"href":"https:\/\/www.europesays.com\/es\/wp-json\/wp\/v2\/comments?post=529308"}],"version-history":[{"count":0,"href":"https:\/\/www.europesays.com\/es\/wp-json\/wp\/v2\/posts\/529308\/revisions"}],"wp:featuredmedia":[{"embeddable":true,"href":"https:\/\/www.europesays.com\/es\/wp-json\/wp\/v2\/media\/529309"}],"wp:attachment":[{"href":"https:\/\/www.europesays.com\/es\/wp-json\/wp\/v2\/media?parent=529308"}],"wp:term":[{"taxonomy":"category","embeddable":true,"href":"https:\/\/www.europesays.com\/es\/wp-json\/wp\/v2\/categories?post=529308"},{"taxonomy":"post_tag","embeddable":true,"href":"https:\/\/www.europesays.com\/es\/wp-json\/wp\/v2\/tags?post=529308"}],"curies":[{"name":"wp","href":"https:\/\/api.w.org\/{rel}","templated":true}]}}