{"id":52937,"date":"2025-08-17T06:00:36","date_gmt":"2025-08-17T06:00:36","guid":{"rendered":"https:\/\/www.europesays.com\/es\/52937\/"},"modified":"2025-08-17T06:00:36","modified_gmt":"2025-08-17T06:00:36","slug":"laliga-inscribe-in-extremis-a-rashford-y-a-joan-garcia-que-estaran-ante-el-mallorca-futbol-deportes","status":"publish","type":"post","link":"https:\/\/www.europesays.com\/es\/52937\/","title":{"rendered":"LaLiga inscribe \u2018in extremis\u2019 a Rashford y a Joan Garc\u00eda, que estar\u00e1n ante el Mallorca | F\u00fatbol | Deportes"},"content":{"rendered":"<p class=\"\">Joan Garc\u00eda y Marcus Rashford podr\u00e1n estrenarse con la camiseta del Barcelona frente al Mallorca esta tarde en Son Moix (19.30 horas, Movistar). Esta madrugada LaLiga inscribi\u00f3 al portero azulgrana, mientras que la del delantero ingl\u00e9s se certific\u00f3 durante la ma\u00f1ana de este s\u00e1bado. Las inscripciones estuvieron pendientes de que la patronal le diera el visto bueno a la lesi\u00f3n <a href=\"https:\/\/elpais.com\/deportes\/futbol\/2025-08-10\/ter-stegen-en-el-gamper-ha-sido-importante-solucionar-el-tema-entre-el-club-y-yo-y-es-momento-de-mirar-hacia-adelante.html\" target=\"_blank\" rel=\"noreferrer nofollow noopener\" title=\"https:\/\/elpais.com\/deportes\/futbol\/2025-08-10\/ter-stegen-en-el-gamper-ha-sido-importante-solucionar-el-tema-entre-el-club-y-yo-y-es-momento-de-mirar-hacia-adelante.html\">de larga duraci\u00f3n de Ter Stegen, en cuyo lugar se inscribe el nuevo guardameta azulgrana, Joan Garc\u00eda<\/a>, y al aval de siete millones que present\u00f3 la junta de Laporta (lo que permiti\u00f3 hacer la ficha de Rashford) para presentar unas cuentas ajustadas. El club azulgrana todav\u00eda tiene pendiente resolver la situaci\u00f3n de Gerard Mart\u00edn, Bardghji, Marc Bernal, H\u00e9ctor Fort y Szcz\u0119sny. Es decir, el \u00faltimo de los tres refuerzos del verano, tres canteranos, m\u00e1s la renovaci\u00f3n del guardameta polaco.<\/p>\n<p class=\"\">El Barcelona confiaba resolver su situaci\u00f3n con el fair play financiero una vez que la auditora validara como activo los asientos VIP del <a href=\"https:\/\/elpais.com\/deportes\/futbol\/2025-08-10\/el-camp-nou-de-nunca-acabar.html#?rel=mas\" target=\"_blank\" rel=\"noreferrer nofollow noopener\" title=\"https:\/\/elpais.com\/deportes\/futbol\/2025-08-10\/el-camp-nou-de-nunca-acabar.html#?rel=mas\">Camp Nou que la entidad azulgrana hab\u00eda vendido el pasado diciembre<\/a>. Sin embargo, con la inauguraci\u00f3n del nuevo estadio en la sala de espera, el club no pudo solucionar su prolongado desajuste con el control financiero, un problema que arrastra desde el verano de 2021. Fuera de la regla del 1:1 de LaLiga, el Barcelona ha tenido que buscar v\u00edas alternativas para inscribir a sus jugadores.<\/p>\n<p>M\u00e1s informaci\u00f3n<\/p>\n<p class=\"\"><a href=\"https:\/\/elpais.com\/deportes\/futbol\/2025-06-18\/joan-garcia-se-despide-del-espanyol-antes-de-fichar-por-el-barca-me-llevo-mucho-mas-que-futbol.html\" target=\"_blank\" rel=\"noreferrer nofollow noopener\" title=\"https:\/\/elpais.com\/deportes\/futbol\/2025-06-18\/joan-garcia-se-despide-del-espanyol-antes-de-fichar-por-el-barca-me-llevo-mucho-mas-que-futbol.html\">La inscripci\u00f3n de Joan Garc\u00eda<\/a>, que lleg\u00f3 al club despu\u00e9s de que le pagara al Espanyol los 25 millones de euros de su cl\u00e1usula de rescisi\u00f3n, la consigui\u00f3 gracias a la lesi\u00f3n de larga duraci\u00f3n de Ter Stegen. No fue, sin embargo, una situaci\u00f3n f\u00e1cil de resolver. El portero alem\u00e1n, dolido con el club, de entrada no quer\u00eda firmar el parte m\u00e9dico que el Bar\u00e7a deb\u00eda enviar a la patronal. Pero el pulso lo gan\u00f3 el club y Ter Stegen recul\u00f3. LaLiga, entonces, aprob\u00f3 la baja prolongada del guardameta (cinco meses) que le permiti\u00f3 al club inscribir a Joan Garc\u00eda por toda la temporada.<\/p>\n<p class=\"\">\u201cPara m\u00ed es una situaci\u00f3n que no me hace estar demasiado contento. Conf\u00edo en el club, pero tenemos que esperar. La temporada pasada ya fue as\u00ed y sali\u00f3 bien. Nos centramos en lo que est\u00e1 en nuestras manos\u201d, expuso Flick este viernes, cuando ya sab\u00eda que la situaci\u00f3n de Joan Garc\u00eda se resolver\u00eda, pero todav\u00eda estaba pendiente la inscripci\u00f3n de Rashford.<\/p>\n<p class=\"\">Seg\u00fan fuentes del club, la presi\u00f3n del entrenador alem\u00e1n fue clave para que se gestionara de manera expr\u00e9s un aval de siete millones de la junta. Algunos directivos, por ejemplo, eran partidarios de esperar a que el club volviera a la regla del 1:1 del control financiero despu\u00e9s de que se validaran los asientos VIP. Pero Flick no quer\u00eda saber nada. Con Lewandowski en la enfermer\u00eda y Ferran Torres sin ritmo tras superar un problema muscular, el t\u00e9cnico quer\u00eda contar con Rashford. El aval, sumado a la renovaci\u00f3n de Kound\u00e9 \u2014el Bar\u00e7a la hizo oficial este viernes\u2014 y a \u201cotros detalles\u201d, seg\u00fan el club, facilitaron la inscripci\u00f3n del delantero ingl\u00e9s.<\/p>\n","protected":false},"excerpt":{"rendered":"Joan Garc\u00eda y Marcus Rashford podr\u00e1n estrenarse con la camiseta del Barcelona frente al Mallorca esta tarde en&hellip;\n","protected":false},"author":2,"featured_media":52938,"comment_status":"","ping_status":"","sticky":false,"template":"","format":"standard","meta":{"footnotes":""},"categories":[93],"tags":[1540,168,1539,25,24,881,282,1538,883,4467,1210,3254,23,167,8251],"class_list":{"0":"post-52937","1":"post","2":"type-post","3":"status-publish","4":"format-standard","5":"has-post-thumbnail","7":"category-deportes","8":"tag-competiciones","9":"tag-deportes","10":"tag-entrenadores","11":"tag-es","12":"tag-espana","13":"tag-fc-barcelona","14":"tag-futbol","15":"tag-futbolistas","16":"tag-joan-garcia","17":"tag-joan-laporta","18":"tag-laliga-ea-sports","19":"tag-marcus-rashford","20":"tag-spain","21":"tag-sports","22":"tag-ter-stegen"},"share_on_mastodon":{"url":"","error":""},"_links":{"self":[{"href":"https:\/\/www.europesays.com\/es\/wp-json\/wp\/v2\/posts\/52937","targetHints":{"allow":["GET"]}}],"collection":[{"href":"https:\/\/www.europesays.com\/es\/wp-json\/wp\/v2\/posts"}],"about":[{"href":"https:\/\/www.europesays.com\/es\/wp-json\/wp\/v2\/types\/post"}],"author":[{"embeddable":true,"href":"https:\/\/www.europesays.com\/es\/wp-json\/wp\/v2\/users\/2"}],"replies":[{"embeddable":true,"href":"https:\/\/www.europesays.com\/es\/wp-json\/wp\/v2\/comments?post=52937"}],"version-history":[{"count":0,"href":"https:\/\/www.europesays.com\/es\/wp-json\/wp\/v2\/posts\/52937\/revisions"}],"wp:featuredmedia":[{"embeddable":true,"href":"https:\/\/www.europesays.com\/es\/wp-json\/wp\/v2\/media\/52938"}],"wp:attachment":[{"href":"https:\/\/www.europesays.com\/es\/wp-json\/wp\/v2\/media?parent=52937"}],"wp:term":[{"taxonomy":"category","embeddable":true,"href":"https:\/\/www.europesays.com\/es\/wp-json\/wp\/v2\/categories?post=52937"},{"taxonomy":"post_tag","embeddable":true,"href":"https:\/\/www.europesays.com\/es\/wp-json\/wp\/v2\/tags?post=52937"}],"curies":[{"name":"wp","href":"https:\/\/api.w.org\/{rel}","templated":true}]}}