{"id":529804,"date":"2026-05-02T21:18:20","date_gmt":"2026-05-02T21:18:20","guid":{"rendered":"https:\/\/www.europesays.com\/es\/529804\/"},"modified":"2026-05-02T21:18:20","modified_gmt":"2026-05-02T21:18:20","slug":"el-diablo-viste-de-prada-encabeza-los-estrenos-de-la-cartelera","status":"publish","type":"post","link":"https:\/\/www.europesays.com\/es\/529804\/","title":{"rendered":"&#8216;El diablo viste de Prada&#8217; encabeza los estrenos de la cartelera"},"content":{"rendered":"<p>\n        La cartelera se renueva con una semana que apuesta por historias personales, conflictos morales y relatos que transitan entre la intimidad y el espect\u00e1culo. Del drama al cine de g\u00e9nero, pasando por la comedia, la ciencia ficci\u00f3n y la animaci\u00f3n, los <a href=\"https:\/\/www.noticiasdenavarra.com\/tags\/estrenos-de-cine\/\" title=\"estrenos\" rel=\"nofollow noopener\" target=\"_blank\" class=\"link copy\"><strong>estrenos<\/strong><\/a><strong> <\/strong>ofrecen propuestas variadas para todos los p\u00fablicos.\n<\/p>\n<p class=\"article-body__text \">\n        <strong>DRAMA. <\/strong>Hechos reales, pasiones intensas y decisiones irreversibles.\n<\/p>\n<p>  As\u00ed llego la noche (122 min, ES)<\/p>\n<p class=\"article-body__text \">\n        <strong>Dir. <\/strong>\u00c1ngel Santos. <strong>|| Reparto destacado: <\/strong>Den\u00eds G\u00f3mez, Violeta Gil y Miquel Insua.\n<\/p>\n<p class=\"article-body__text \">\n        Un escultor decide retirarse a una zona aislada de la costa gallega para centrarse en su trabajo y alejarse de todo. Su progresivo distanciamiento del mundo exterior se ver\u00e1 alterado cuando una mujer de su pasado reaparece, oblig\u00e1ndole a replantearse su necesidad de huida.\n<\/p>\n<ul class=\"article-body__text article-list article-list--unordered\">\n<li>\n                <strong>Premios: <\/strong>Festival de Gij\u00f3n &#8211; Mejor direcci\u00f3n. (nom. Mejor Pel\u00edcula &#8211; secci\u00f3n Albar)\n            <\/li>\n<\/ul>\n<p>  Los justos (90 min, ES)<\/p>\n<p class=\"article-body__text \">\n        <strong>Dirs. <\/strong>Jorge A. Lara y Fer P\u00e9rez. <strong>|| Reparto destacado: <\/strong>Carmen Machi, Vito Sanz, Pilar Castro, Marcelo Subiotto, Ane Gabarain, Bruna Cus\u00ed, Hugo Welzel, Marina Guerola y Aimar Vega.\n<\/p>\n<p class=\"article-body__text \">\n        Un jurado popular de 9 miembros se enfrenta a un caso aparentemente claro hasta que una propuesta inesperada lo cambia todo. La posibilidad de alterar el veredicto a cambio de dinero desatar\u00e1 tensiones y sacar\u00e1 a la luz los conflictos personales de cada miembro.\n<\/p>\n<ul class=\"article-body__text article-list article-list--unordered\">\n<li>\n                <strong>Preestreno: <\/strong>Festiva de M\u00e1laga 2026.\n            <\/li>\n<li>\n                <strong>Subg\u00e9nero:<\/strong> comedia de suspense.\n            <\/li>\n<\/ul>\n<p>  La isla de Amrum (93 min, GER)<\/p>\n<p class=\"article-body__text \">\n        <strong>Dir. <\/strong>Faith Akin. <strong>|| Reparto destacado: <\/strong>Diane Kruger, Laura Tonke, Jasper Billerbeck, Detlev Buck, Lisa Hagmeister y Matthias Schweigh\u00f6fer.\n<\/p>\n<p class=\"article-body__text \">\n        Isla de Amrum, primavera de 1945. Nanning, un ni\u00f1o de 12 a\u00f1os asume responsabilidades que superan su edad en los \u00faltimos d\u00edas de la guerra. Sin la presencia de su padre, se esfuerza por ayudar a su familia trabajando en el mar y en el campo, apoy\u00e1ndose en la amistad de un compa\u00f1ero. Con la llegada de la paz, tendr\u00e1 que enfrentarse a nuevos retos que marcar\u00e1n su paso hacia la vida adulta.\n<\/p>\n<ul class=\"article-body__text article-list article-list--unordered\">\n<li>\n                <strong>Basada en <\/strong>la infancia del director, guionista y actor Hark Bohm.\n            <\/li>\n<li>\n                <strong>Subg\u00e9nero: <\/strong>drama hist\u00f3rico.\n            <\/li>\n<li>\n                <strong>Estreno: <\/strong>Festival de Cannes 2025 &#8211; secci\u00f3n estreno.\n            <\/li>\n<\/ul>\n<p>  La plaga (95 min, AUS)<\/p>\n<p class=\"article-body__text \">\n        <strong>Dir. <\/strong>Charlie Polinger. <strong>|| Reparto destacado: <\/strong>Everett Blunck, Kayo Martin, Kenny Rasmussen y Joel Edgerton.\n<\/p>\n<p class=\"article-body__text \">\n        En un campamento de waterpolo, un chico de 12 a\u00f1os con dificultades para relacionarse se ve envuelto en una tradici\u00f3n que castiga a quienes no encajan, conocida como \u201cLa Plaga\u201d. Lo que comienza como un juego inquietante ir\u00e1 volvi\u00e9ndose cada vez m\u00e1s ambiguo, hasta hacerle dudar de si se trata solo de una broma\u2026 o de algo mucho m\u00e1s real.\n<\/p>\n<ul class=\"article-body__text article-list article-list--unordered\">\n<li>\n                <strong>Subg\u00e9nero: <\/strong>drama psicol\u00f3gico de suspense.\n            <\/li>\n<li>\n                <strong>Estreno:<\/strong> Festival de Cannes 2025 &#8211; Un Certain Regard.\n            <\/li>\n<\/ul>\n<p>  Enzo (102 min, FR)<\/p>\n<p class=\"article-body__text \">\n        <strong>Dir.<\/strong> Robin Campillo. <strong>|| Reparto destacado: <\/strong>Eloy Pohu, Maksym Slivinskyi, Pierfrancesco Favino y \u00c9lodie Bouchez.\n<\/p>\n<p class=\"article-body__text \">\n        Enzo, un adolescente, decide alejarse del camino que su familia ha trazado para \u00e9l y busca su lugar en el mundo a trav\u00e9s del trabajo manual. El encuentro con un compa\u00f1ero cambiar\u00e1 su forma de ver la vida y sus propias aspiraciones.\n<\/p>\n<p>  Todo lo que fuimos (145 min, PAL)<\/p>\n<p class=\"article-body__text \">\n        <strong>Dir.\u00aa <\/strong>Cherien Dabis. <strong>|| Reparto destacado: <\/strong>Cherien Dabis, Saleh Bakri, Mohammad Bakri, Adam Bakri, Maria Zreik, Muhammad Abed Elrahman, Sanad Alkabareti y Salah El Din.\n<\/p>\n<p class=\"article-body__text \">\n        Durante una protesta en Cisjordania, un joven palestino se ve envuelto en un suceso que marcar\u00e1 el destino de su familia. A partir de ese momento, su madre reconstruye la historia familiar a lo largo de varias d\u00e9cadas, repasando las vivencias y conflictos que han definido a tres generaciones.\n<\/p>\n<ul class=\"article-body__text article-list article-list--unordered\">\n<li>\n                <strong>Estreno: <\/strong>Festival de Cine de Sundance 2025.\n            <\/li>\n<\/ul>\n<p class=\"article-body__text \">\n        <strong>COMEDIA. <\/strong>Situaciones inesperadas y personajes en busca de su lugar.\n<\/p>\n<p>  El diablo viste de Prada 2 (120 min, EE.UU)<\/p>\n<p class=\"article-body__text \">\n        <strong>Dir. <\/strong>David Frankel. <strong>|| Reparto destacado: <\/strong>Meryl Streep, Anne Hathaway, Emily Blunt y Stanley Tucci.\n<\/p>\n<p class=\"article-body__text \">\n        Miranda Priestly vuelve a escena en un contexto marcado por la transformaci\u00f3n del sector editorial. Enfrentada ahora a Emily Charlton, su exasistente convertida en rival, deber\u00e1 adaptarse a un entorno cambiante mientras lidia con su propio futuro.\n<\/p>\n<ul class=\"article-body__text article-list article-list--unordered\">\n<li>\n                <strong>Subg\u00e9nero: <\/strong>comedia dram\u00e1tica.\n            <\/li>\n<li>\n                <strong>Incorporaciones: <\/strong>Justin Theroux y Kenneth Branagh.\n            <\/li>\n<\/ul>\n<p>  \u00bfC\u00f3mo hemos llegado a esto? (75 min, ES)<\/p>\n<p class=\"article-body__text \">\n        <strong>Dir. <\/strong>Gorka M\u00ednguez. <strong>|| Reparto destacado: <\/strong>Macarena G\u00f3mez, Kira Mir\u00f3, Yeyo Bayeyo, Xanti Korkostegi.\n<\/p>\n<p class=\"article-body__text \">\n        Un enredo sentimental pone en jaque la amistad entre varias personas cuando se rompe una de sus normas b\u00e1sicas. A trav\u00e9s de distintas versiones de la historia, la pel\u00edcula juega con los puntos de vista y cuestiona qui\u00e9n tiene realmente la raz\u00f3n.\n<\/p>\n<ul class=\"article-body__text article-list article-list--unordered\">\n<li>\n                <strong>Colaboraciones especiales: <\/strong>Antonia San Juan, Lola Baldrich y Rozal\u00e9n.\n            <\/li>\n<\/ul>\n<p class=\"article-body__text \">\n        <strong>CIENCIA FICCI\u00d3N.<\/strong> Universos imaginados y preguntas sobre la realidad.\n<\/p>\n<p>  Resurrection (160 min, CHN)<\/p>\n<p class=\"article-body__text \">\n        <strong>Dir. <\/strong>Bi Gan. <strong>|| Reparto destacado: <\/strong>Shu Qi, Jackson Yee, Mark Chao, Li Gengxi, Hao Lei, Zhang Yi y Dong Zijian.\n<\/p>\n<p class=\"article-body__text \">\n        En un mundo donde los sue\u00f1os han desaparecido, una mujer con la capacidad de percibir lo que otros no ven se adentra en la mente de una extra\u00f1a criatura. Su viaje la llevar\u00e1 a explorar un territorio donde lo real y lo imaginado se confunden.\n<\/p>\n<p class=\"article-body__text \">\n        <strong>TERROR.<\/strong> Relatos inquietantes donde el pasado no descansa.\n<\/p>\n<p>  Strangers: Capitulo final (135 min, EE.UU)<\/p>\n<p class=\"article-body__text \">\n        <strong>Dir. <\/strong>Renny Harlin. <strong>|| Reparto destacado: <\/strong>Madelaine Petsch, Ema Horvath, Gabriel Basso y Richard Brake.\n<\/p>\n<p class=\"article-body__text \">\n        El enfrentamiento definitivo entre Maya, una superviviente, y sus perseguidores pone fin a la historia. En un escenario marcado por la violencia y los secretos, la protagonista deber\u00e1 decidir hasta d\u00f3nde est\u00e1 dispuesta a llegar.\n<\/p>\n<ul class=\"article-body__text article-list article-list--unordered\">\n<li>\n                Final de la nueva trilog\u00eda (Chapter 3).\n            <\/li>\n<\/ul>\n<p class=\"article-body__text \">\n        <strong>ANIMACI\u00d3N. <\/strong>Aventuras llenas de imaginaci\u00f3n y aprendizaje.\n<\/p>\n<p>  David: Una aventura gigante (115 min, ZA)<\/p>\n<p class=\"article-body__text \">\n        <strong>Dirs. <\/strong>Phil Cunningham y Brent Dawes.\n<\/p>\n<p class=\"article-body__text \">\n        Un joven pastor decide enfrentarse a una amenaza que atemoriza a todo un pueblo. Su valent\u00eda se convierte en un ejemplo que demuestra que la fuerza no siempre depende del tama\u00f1o.\n<\/p>\n<p>  That Time I Got Reincarnated as a Slime. La pel\u00edcula: L\u00e1grimas del mar celeste (105 min, JPN)<\/p>\n<p class=\"article-body__text \">\n        <strong>Dir. <\/strong>Yasuhito Kikuchi.\n<\/p>\n<p class=\"article-body__text \">\n        Rimuru y sus compa\u00f1eros viajan a una isla para celebrar un evento especial, pero lo que comienza como una escapada pronto se complica con la aparici\u00f3n de una misteriosa figura que desencadena nuevos conflictos.\n<\/p>\n<p class=\"article-body__text \">\n        Los estrenos de la semana ofrecen un abanico de historias que combinan emoci\u00f3n, tensi\u00f3n y entretenimiento, con propuestas pensadas para todo tipo de espectadores.<\/p>\n","protected":false},"excerpt":{"rendered":"La cartelera se renueva con una semana que apuesta por historias personales, conflictos morales y relatos que transitan&hellip;\n","protected":false},"author":2,"featured_media":529805,"comment_status":"","ping_status":"","sticky":false,"template":"","format":"standard","meta":{"footnotes":""},"categories":[169],"tags":[177,7562,3567,146,147,25,24,6750,176,175,5107,23,15818],"class_list":["post-529804","post","type-post","status-publish","format-standard","has-post-thumbnail","category-cine","tag-cine","tag-diablo","tag-encabeza","tag-entertainment","tag-entretenimiento","tag-es","tag-espana","tag-estrenos","tag-film","tag-movies","tag-prada","tag-spain","tag-viste"],"share_on_mastodon":{"url":"https:\/\/pubeurope.com\/@es\/116507070085127789","error":""},"_links":{"self":[{"href":"https:\/\/www.europesays.com\/es\/wp-json\/wp\/v2\/posts\/529804","targetHints":{"allow":["GET"]}}],"collection":[{"href":"https:\/\/www.europesays.com\/es\/wp-json\/wp\/v2\/posts"}],"about":[{"href":"https:\/\/www.europesays.com\/es\/wp-json\/wp\/v2\/types\/post"}],"author":[{"embeddable":true,"href":"https:\/\/www.europesays.com\/es\/wp-json\/wp\/v2\/users\/2"}],"replies":[{"embeddable":true,"href":"https:\/\/www.europesays.com\/es\/wp-json\/wp\/v2\/comments?post=529804"}],"version-history":[{"count":0,"href":"https:\/\/www.europesays.com\/es\/wp-json\/wp\/v2\/posts\/529804\/revisions"}],"wp:featuredmedia":[{"embeddable":true,"href":"https:\/\/www.europesays.com\/es\/wp-json\/wp\/v2\/media\/529805"}],"wp:attachment":[{"href":"https:\/\/www.europesays.com\/es\/wp-json\/wp\/v2\/media?parent=529804"}],"wp:term":[{"taxonomy":"category","embeddable":true,"href":"https:\/\/www.europesays.com\/es\/wp-json\/wp\/v2\/categories?post=529804"},{"taxonomy":"post_tag","embeddable":true,"href":"https:\/\/www.europesays.com\/es\/wp-json\/wp\/v2\/tags?post=529804"}],"curies":[{"name":"wp","href":"https:\/\/api.w.org\/{rel}","templated":true}]}}