{"id":52996,"date":"2025-08-17T06:40:09","date_gmt":"2025-08-17T06:40:09","guid":{"rendered":"https:\/\/www.europesays.com\/es\/52996\/"},"modified":"2025-08-17T06:40:09","modified_gmt":"2025-08-17T06:40:09","slug":"amina-la-discreta-hija-de-cayetano-martinez-de-irujo-que-tendra-un-rol-especial-en-la-boda-de-su-padre-sus-redes-secretas","status":"publish","type":"post","link":"https:\/\/www.europesays.com\/es\/52996\/","title":{"rendered":"Amina, la discreta hija de Cayetano Mart\u00ednez de Irujo que tendr\u00e1 un rol especial en la boda de su padre: sus redes &#8216;secretas&#8217;"},"content":{"rendered":"<p class=\"paragraph\" id=\"paragraph_1\">Quedan 48 d\u00edas para la que ser\u00e1 una de las grandes bodas del a\u00f1o en Espa\u00f1a: el &#8216;s\u00ed, quiero&#8217; de <a href=\"https:\/\/www.elespanol.com\/personajes\/cayetano_martinez_de_irujo\/?utm_cmp_rs=linksinline\" rel=\"nofollow noopener\" target=\"_blank\"><strong>Cayetano Mart\u00ednez de Irujo<\/strong><\/a> (62 a\u00f1os) y <strong>B\u00e1rbara Mirjan<\/strong> (29) tras 10 a\u00f1os de noviazgo.<\/p>\n<p class=\"paragraph\" id=\"paragraph_2\">La pareja contraer\u00e1 matrimonio en la iglesia del Cristo de los Gitanos, un templo especialmente significativo para los Alba. Tras la<strong> ceremonia religiosa<\/strong>, continuar\u00e1n la celebraci\u00f3n en Las Arroyuelas, la finca que el duque de Arjona posee en Sevilla y en la que vive desde hace cinco a\u00f1os.<\/p>\n<p class=\"paragraph\" id=\"paragraph_3\">En plena cuenta atr\u00e1s, ya han trascendido algunos detalles. Otros, sin embargo, se mantendr\u00e1n en secreto hasta el &#8216;d\u00eda de&#8217;. En los preparativos tambi\u00e9n est\u00e1 implicada <strong>Eugenia Mart\u00ednez de Irujo<\/strong> (56), seg\u00fan informa la revista \u00a1HOLA! en su edici\u00f3n de este pasado mi\u00e9rcoles, 13 de agosto.<\/p>\n<p><img loading=\"lazy\" decoding=\"async\" alt=\"La finca Las Arroyuelas, en la vega de Carmona, pertenece a la Casa de Alba desde finales del siglo XIX.\" height=\"180\" src=\"https:\/\/www.europesays.com\/es\/wp-content\/uploads\/2025\/08\/1003743860260_257510359_320x180.jpg\" width=\"320\" data-lazy-status=\"processed\" data-lazy-info=\"remove loading item 1\"\/><\/p>\n<p><img decoding=\"async\" alt=\"Amina junto a sus padres, su hermano y B\u00e1rbara Mirjan en Sevilla. Semana Santa 2023.\" data-imgm=\"true\" height=\"180\" loading=\"lazy\"  src=\"https:\/\/www.europesays.com\/es\/wp-content\/uploads\/2025\/08\/1003743886535_257987124_1024x576.jpg\"  width=\"320\"\/><\/p>\n<p>                                                            Amina junto a sus padres, su hermano y B\u00e1rbara Mirjan en Sevilla. Semana Santa 2023.<\/p>\n<p>                    Gtres<\/p>\n<p class=\"paragraph\" id=\"paragraph_4\">\u00ab<strong>Est\u00e1 volcad\u00edsima desde el minuto uno<\/strong>\u00ab, indica la cabecera rosa en un breve reportaje que confirma el acercamiento entre los hermanos.<\/p>\n<p class=\"paragraph\" id=\"paragraph_5\">Ese estar\u00eda siendo su rol principal. Pues si bien se baraj\u00f3 la posibilidad de que Eugenia ejerciera de <strong>madrina<\/strong> en el enlace de su hermano, <strong>todo apunta a que ser\u00e1 Amina<\/strong> (24), la<strong> hija de Cayetano Mart\u00ednez de Irujo<\/strong>, <strong>fruto de su relaci\u00f3n con<\/strong> <strong>Genoveva Casanova<\/strong> (48), quien tendr\u00e1 este significativo rol<\/p>\n<p class=\"paragraph\" id=\"paragraph_6\">\u00abNo, obviamente no, <strong>lo l\u00f3gico es que sea Amina<\/strong>, su hija\u00bb, expres\u00f3 Eugenia Mart\u00ednez de Irujo hace unos meses, ante los micr\u00f3fonos de Europa Press, cuando se cre\u00eda que podr\u00eda ser ella la madrina de la boda.<\/p>\n<p class=\"paragraph\" id=\"paragraph_7\">El tema ha vuelto a ser noticia esta semana en la citada revista, donde los hermanos posan en exclusiva y de manera cari\u00f1osa durante un festival de flamenco en Sotogrande, en el que actu\u00f3 <strong>Antonio Carmona<\/strong> (60). \u00abFinalmente parece que va a ser la hija que el duque de Arjona tuvo con Genoveva Casanova la que ejerza de madrina\u00bb, indica la revista.<\/p>\n<p class=\"paragraph\" id=\"paragraph_8\"><strong>Amina es la ni\u00f1a de sus ojos<\/strong>. Como \u00e9l mismo confes\u00f3 en un reciente reportaje con la citada cabecera en la que abr\u00eda las puertas de la finca en la que congregar\u00e1 a familiares y amigos para celebrar su enlace con B\u00e1rbara Mirjan. La joven <strong>tiene 24 a\u00f1os<\/strong>. Naci\u00f3 de la relaci\u00f3n de su padre con Genoveva Casanova y <strong>es melliza de Luis Mart\u00ednez de Irujo<\/strong> (24).<\/p>\n<p class=\"paragraph\" id=\"paragraph_9\"><strong>Ambos han optado por un perfil discreto<\/strong>. Aunque pertenecen a la ilustre Casa de Alba, han intentado mantenerse en un discreto segundo plano. No obstante, en los \u00faltimos a\u00f1os han sido vistos en varias ocasiones. Generalmente en encuentros familiares que, por ser qui\u00e9nes son, se han convertido en noticia.<\/p>\n<p class=\"paragraph\" id=\"paragraph_10\"><strong>Amina<\/strong>, eso s\u00ed <strong>ha tenido mucha m\u00e1s proyecci\u00f3n p\u00fablica que su hermano<\/strong>. Recientemente, de hecho, estuvo junto a su padre y a su t\u00eda Eugenia, a su vez acompa\u00f1ada por su hija, <strong>Tana Rivera<\/strong> (25), en el festival flamenco de Sotogrande en el que se produjo la imagen definitiva de la reconciliaci\u00f3n de los hijos de la duquesa de Alba.<\/p>\n<p><img decoding=\"async\" alt=\"Las fotograf\u00edas del cumplea\u00f1os y las vacaciones de Amina en Menorca.\" data-imgm=\"true\" height=\"180\" loading=\"lazy\"  src=\"https:\/\/www.europesays.com\/es\/wp-content\/uploads\/2025\/08\/1003743886578_257988027_1024x576.jpg\"  width=\"320\"\/><\/p>\n<p>                                                            Las fotograf\u00edas del cumplea\u00f1os y las vacaciones de Amina en Menorca.<\/p>\n<p>                    Instagram<\/p>\n<p class=\"paragraph\" id=\"paragraph_11\">Pero antes, Amina tambi\u00e9n fue noticia por el plan que llev\u00f3 a cabo en su 24 cumplea\u00f1os, celebrado el pasado 25 de julio. Por aquellas fechas trascendieron unas <strong>fotograf\u00edas<\/strong> de la hija de Cayetano Mart\u00ednez de Irujo y Genoveva Casanova rodeada de su c\u00edrculo de amigas <strong>en un beach club de<\/strong> <strong>Menorca<\/strong>, cuya carta ofrece platos mediterr\u00e1neos, sushi y c\u00f3cteles en un ambiente relajado, con terraza y vistas del atardecer.<\/p>\n<p class=\"paragraph\" id=\"paragraph_12\">Las im\u00e1genes las comparti\u00f3 la joven modelo Laura Cord\u00f3n y fueron reposteadas por Katia Gutie\u0301rrez-Colomer, novia del influencer Daniel Illescas. Ambas, con un perfil caracter\u00edstico de una it girl, forman parte del <strong>selecto c\u00edrculo de amigas<\/strong> de Amina. A este se suma la joven modelo In\u00e9s Mora Font y Olivia Monjard\u00edn, hija de una conocida interiorista y un agente de bolsa.<\/p>\n<p class=\"paragraph\" id=\"paragraph_13\">Gracias a ellas pudo conocerse algunos detalles de las vacaciones de la hija de Cayetano Mart\u00ednez de Irujo en Menorca, de la celebraci\u00f3n de su 24 cumplea\u00f1os y de su entorno. Amina, si bien cuenta con un perfil p\u00fablico de Instagram, en el que suma casi 10.000 seguidores, no comparte post desde agosto de 2020. La joven arist\u00f3crata, eso s\u00ed, mostrar\u00eda su vida privada a trav\u00e9s de <strong>una cuenta <\/strong>&#8216;<strong>secreta<\/strong>&#8216;.<\/p>\n<p class=\"paragraph\" id=\"paragraph_14\">Un perfil cerrado a 1.328 followers, entre los que destaca su padre, su t\u00eda Eugenia o <strong>Sof\u00eda Palazuelo<\/strong> (33). Asimismo, conocidas figuras de la sociedad patria, como <strong>Victoria Federica de Marichalar<\/strong> (24), <strong>Daniela Figo<\/strong> (26), <strong>Andr\u00e9s Roca Rey<\/strong> (28), <strong>Manuela Sanz<\/strong> (24) o<strong>\u00a0\u00cd\u00f1igo Onieva<\/strong> (36).<\/p>\n<p><img decoding=\"async\" alt=\"Amina y Cayetano Mart\u00ednez de Irujo en la h\u00edpica. A\u00f1o 2023.\" data-imgm=\"true\" height=\"180\" loading=\"lazy\"  src=\"https:\/\/www.europesays.com\/es\/wp-content\/uploads\/2025\/08\/1003743886559_257987595_1024x576.jpg\"  width=\"320\"\/><\/p>\n<p>                                                            Amina y Cayetano Mart\u00ednez de Irujo en la h\u00edpica. A\u00f1o 2023.<\/p>\n<p>                    Gtres<\/p>\n<p class=\"paragraph\" id=\"paragraph_15\">Fiel a su discreci\u00f3n, Amina no desvela detalles en la biograf\u00eda de su perfil. \u00danicamente deja el nombre Ami, como le llamar\u00edan en sus entorno. La imagen destacada es un selfie que protagoniza con su madre, Genoveva Casanova.<\/p>\n<p>La boda<\/p>\n<p class=\"paragraph\" id=\"paragraph_16\">Cayetano Mart\u00ednez de Irujo y B\u00e1rbara Mirjan contraer\u00e1n matrimonio <strong>despu\u00e9s de una d\u00e9cada juntos<\/strong>. Se dar\u00e1n el &#8216;s\u00ed, quiero&#8217; en la iglesia de los Gitanos, de Sevilla, por la que la duquesa de Alba sent\u00eda devoci\u00f3n. Tras la misa, oficiada por Ignacio S\u00e1nchez-Dalp, confesor de la arist\u00f3crata, los novios y los invitados se trasladar\u00e1n a la finca Las Arroyuelas, en el t\u00e9rmino municipal de Carmona.<\/p>\n<p class=\"paragraph\" id=\"paragraph_17\"><strong>El conde de Salvatierra contraer\u00e1 matrimonio por segunda vez<\/strong>, pues en 2001 se cas\u00f3 con Genoveva Casanova, con quien tiene dos hijos, los mellizos Luis y Amina. Cayetano Mart\u00ednez de Irujo y la mexicana pusieron fin a su historia de amor en 2007.<\/p>\n<p class=\"paragraph\" id=\"paragraph_18\">El que fuera quinto hijo de la duquesa de Alba, fallecida el 20 de noviembre de 2014,<strong> conoci\u00f3 a B\u00e1rbara cuando ella apenas alcanzaba la mayor\u00eda de edad<\/strong>. Su romance empez\u00f3 en 2015, pero no fue hasta un a\u00f1o despu\u00e9s cuando su historia salt\u00f3 a la luz p\u00fablica.<\/p>\n<p><img decoding=\"async\" alt=\"Cayetano  Mart\u00ednez de Irujo y su pareja, B\u00e1rbara Mirjan, llevan una d\u00e9cada juntos.\" data-imgm=\"true\" height=\"180\" loading=\"lazy\"  src=\"https:\/\/www.europesays.com\/es\/wp-content\/uploads\/2025\/08\/932416838_254471518_1024x576.jpg\"  width=\"320\"\/><\/p>\n<p>                                                            Cayetano  Mart\u00ednez de Irujo y su pareja, B\u00e1rbara Mirjan, llevan una d\u00e9cada juntos.<\/p>\n<p>                    GTRES<\/p>\n<p class=\"paragraph\" id=\"paragraph_19\">En 2016, cuando B\u00e1rbara ten\u00eda 20 a\u00f1os y Cayetano Mart\u00ednez de Irujo, 53, el arist\u00f3crata present\u00f3 a la madrile\u00f1a como su pareja. Aquello tuvo lugar en el Concurso H\u00edpico Nacional de Saltos de Obst\u00e1culos, en el Campo de Tiro y Deportes de Salamanca. Entonces, ya llevaban saliendo un a\u00f1o.<\/p>\n<p class=\"paragraph\" id=\"paragraph_20\"><strong>Desde ese momento<\/strong> Cayetano Mart\u00ednez de Irujo y B\u00e1rbara Mirjan <strong>no se han separado<\/strong>. Solo est\u00e1n a 48 d\u00edas de darse el &#8216;s\u00ed, quiero&#8217;, en el que Amina, la hija del duque de Arjona, tendr\u00e1 un rol especial.<\/p>\n","protected":false},"excerpt":{"rendered":"Quedan 48 d\u00edas para la que ser\u00e1 una de las grandes bodas del a\u00f1o en Espa\u00f1a: el &#8216;s\u00ed,&hellip;\n","protected":false},"author":2,"featured_media":52997,"comment_status":"","ping_status":"","sticky":false,"template":"","format":"standard","meta":{"footnotes":""},"categories":[174],"tags":[23288,261,255,146,147,25,24,256,23],"class_list":{"0":"post-52996","1":"post","2":"type-post","3":"status-publish","4":"format-standard","5":"has-post-thumbnail","7":"category-famosos","8":"tag-casa-de-alba","9":"tag-cayetano-martinez-de-irujo","10":"tag-celebrities","11":"tag-entertainment","12":"tag-entretenimiento","13":"tag-es","14":"tag-espana","15":"tag-famosos","16":"tag-spain"},"share_on_mastodon":{"url":"","error":""},"_links":{"self":[{"href":"https:\/\/www.europesays.com\/es\/wp-json\/wp\/v2\/posts\/52996","targetHints":{"allow":["GET"]}}],"collection":[{"href":"https:\/\/www.europesays.com\/es\/wp-json\/wp\/v2\/posts"}],"about":[{"href":"https:\/\/www.europesays.com\/es\/wp-json\/wp\/v2\/types\/post"}],"author":[{"embeddable":true,"href":"https:\/\/www.europesays.com\/es\/wp-json\/wp\/v2\/users\/2"}],"replies":[{"embeddable":true,"href":"https:\/\/www.europesays.com\/es\/wp-json\/wp\/v2\/comments?post=52996"}],"version-history":[{"count":0,"href":"https:\/\/www.europesays.com\/es\/wp-json\/wp\/v2\/posts\/52996\/revisions"}],"wp:featuredmedia":[{"embeddable":true,"href":"https:\/\/www.europesays.com\/es\/wp-json\/wp\/v2\/media\/52997"}],"wp:attachment":[{"href":"https:\/\/www.europesays.com\/es\/wp-json\/wp\/v2\/media?parent=52996"}],"wp:term":[{"taxonomy":"category","embeddable":true,"href":"https:\/\/www.europesays.com\/es\/wp-json\/wp\/v2\/categories?post=52996"},{"taxonomy":"post_tag","embeddable":true,"href":"https:\/\/www.europesays.com\/es\/wp-json\/wp\/v2\/tags?post=52996"}],"curies":[{"name":"wp","href":"https:\/\/api.w.org\/{rel}","templated":true}]}}