{"id":529987,"date":"2026-05-02T23:51:14","date_gmt":"2026-05-02T23:51:14","guid":{"rendered":"https:\/\/www.europesays.com\/es\/529987\/"},"modified":"2026-05-02T23:51:14","modified_gmt":"2026-05-02T23:51:14","slug":"adrian-benedito-confirma-su-solidez-y-se-impone-en-la-gigante-de-piedra-small-esciclismo","status":"publish","type":"post","link":"https:\/\/www.europesays.com\/es\/529987\/","title":{"rendered":"Adri\u00e1n Benedito confirma su solidez y se impone en la Gigante de Piedra Small &#8211; Esciclismo"},"content":{"rendered":"<ol>\n<li><a href=\"https:\/\/news.google.com\/rss\/articles\/CBMib0FVX3lxTE5SMTJYTzNSemp6XzZ0Tmt5VW0xcEwzZ2JyaW12U0txa3VqbkVTSUt0dHdYMTAzMWVodjYtVlp0UG1IZ2w5WnhtNHQydjBZYWlKa0h5VFJseVd1b0J4djBHd0ZzeTFoNFpQSktPRW1iSQ?oc=5\" target=\"_blank\" rel=\"nofollow noopener\">Adri\u00e1n Benedito confirma su solidez y se impone en la Gigante de Piedra Small<\/a>&nbsp;&nbsp;Esciclismo<\/li>\n<li><a href=\"https:\/\/news.google.com\/rss\/articles\/CBMimwFBVV95cUxNdzdDcDBONU1BV2VfZ0lIOTBPVFhfMzM5aV9jRWctRnpzVTZLM2ZOY1B5TW1MUXdTbkhvLU90UVM3eE5XckFNNDRzbFc1OWQ5TDRSZDhGRUFWcEl0Y29rSmpqY3RDQnVTVkVnRy1CNEhnR1YyQjFueTh4bGxLMlc2al9nRTM4aTVKWXZZdHdBYk44OUdBNjBTaERRUQ?oc=5\" target=\"_blank\" rel=\"nofollow noopener\">Adri\u00e1n Benedito se impone en la Gigante de Piedra Small 2026<\/a>&nbsp;&nbsp;MARCA<\/li>\n<li><a href=\"https:\/\/news.google.com\/rss\/articles\/CBMi4gFBVV95cUxNblEyT2tTRnpIYzh4Nko4UjBKUFJJRUduM0hTOWNDNG9sQndsN3BtOGNFVVVVMlM1OWptaFlBc0xqUkltWEpzMEtUdTVzdkl6QVNINk04TGREWkVoZ3FaWEJTTVJKUXYzQVZWWlJvendWR25DbHdxOU14N1RCQlZBTjVXbUNieXFmd08yOVk5LVNfalItWFFMWWNHMHlHTlBkSjdWUnhiRzJFNmJMazNMelNjWTNFd29jdnVzQmFGeW12a19YdzNTcFpXOFlRaElxZHJ3d2pOeDg4TTgyRW9uS3dn0gH2AUFVX3lxTE0zekowejZ5ZEJUWDFvMHdFYlBpalk5OGlSQUNFVFl2UXVISE9SYWtPVlBTVmkwWWdCN2ZsNl9vSWQ5Z1dIZkNwTDA1VkxxUlJKa2pFajh1cVRCdWRrRzE4QkxwUDBINWlGaVdRX1V1ck1uUUlpMDNOd2JaSG1FcWJ4c2tBWDdQTkl6SGRFNG1BTXNlczQ3dzYzN1Z5VmlpSzFWck1zYURiczQtbWkxZkh5Tko0Mms4S0hKUG1hTDVTUDc4TmsyMnJ1bjV2d0VDUWl4ejJFdUhwUWd6NGNNeldLRG12Uk5UbWdjU052OFFvMFhUdFhCUQ?oc=5\" target=\"_blank\" rel=\"nofollow noopener\">Roberto Bou regresa a la competici\u00f3n en el marat\u00f3n de Mountain Bike m\u00e1s duro de Espa\u00f1a: la Gigante de Piedra S<\/a>&nbsp;&nbsp;Diario AS<\/li>\n<li><a href=\"https:\/\/news.google.com\/rss\/articles\/CBMiqgFBVV95cUxQTWdZWUtDZFFqMVl1OFlENy13TDVGQ2dOUVh3a2k4NTZjRWo1dEFIRHFOdUs0OUE0dW9zWWZmMmg5elFBMzRxV2hNanJtc3ZEMmRlSDlodzVvRzh5cmZJMTJkOWNPMVUtWnFQWFZ4eEdxbkptdGJLdUdnLTNhVTZlYWc2UmxXRWllOTU4NE1GYmhReHVHOW9PY21PNHdhMEY3WFg4ZURGeHBlUdIBrwFBVV95cUxPYlVOR1FkRjNtSDZ0SWR3RXBHcWFlTHVheHA4UzNkaXlSS2RUZE5LcXJzdVQ0U0JDcXpHNEQ1WEpoYXVFU25HeVgzVWFWZ2JBVXBFYUpTdHc4TUJLckZLeFNfTEhnOFVkYXJueGgycFROX3pTa3pNc1RpdVcyTU9tTVJ2dHhBbVNpUE9PaDh1bFBBeDlyVHlVdGI2a1R5TUc2WjFMWGVUZVhkdTAtYnRn?oc=5\" target=\"_blank\" rel=\"nofollow noopener\">Lluvia, barro y dureza extrema: Estos han sido los ganadores de la Gegant de Pedra Small 2026<\/a>&nbsp;&nbsp;El Peri\u00f3dico Mediterr\u00e1neo<\/li>\n<li><a href=\"https:\/\/news.google.com\/rss\/articles\/CBMimAFBVV95cUxPakJNYW1KV1NxeGVrbHJtOUJnVnByUFFEUldZV1VQaDZWejVCQmRKLU1Nb2FkbGdaaXF3UzM0eGkxSHpQQkl5aXdSVHlsYWsydHlhRV9DalpkcXN5R3JOU2U1NEdfNmZsOERfeHVzMDZNbjVaTkRRd053bDJUTDFHM0tlQUxxak45NUpFU2t5RjUybjY0bURJaw?oc=5\" target=\"_blank\" rel=\"nofollow noopener\">Roberto Bou vuelve a rodar tras su ca\u00edda en el Nacional de XCM<\/a>&nbsp;&nbsp;Diario de Teruel<\/li>\n<\/ol>\n","protected":false},"excerpt":{"rendered":"Adri\u00e1n Benedito confirma su solidez y se impone en la Gigante de Piedra Small&nbsp;&nbsp;Esciclismo Adri\u00e1n Benedito se impone&hellip;\n","protected":false},"author":2,"featured_media":529988,"comment_status":"","ping_status":"","sticky":false,"template":"","format":"standard","meta":{"footnotes":""},"categories":[273],"tags":[3586,2722,56155,7560,67402,5773,3965,313,12509,312,168,2562,158,4150,25,24,33853,14409,13056,15112,44051,1179,138,5329,12893,47655,9,13655,104261,92233,3397,9133,5153,40487,8155,23,167,159,706,8943,26369],"class_list":["post-529987","post","type-post","status-publish","format-standard","has-post-thumbnail","category-ciclismo","tag-actual","tag-adrian","tag-benedito","tag-bicicleta","tag-by","tag-campeon","tag-castellon","tag-ciclismo","tag-considerado","tag-cycling","tag-deportes","tag-duro","tag-el","tag-entro","tag-es","tag-espana","tag-fly","tag-gigante","tag-h","tag-impuso","tag-maratones","tag-mas","tag-meta","tag-montana","tag-monte","tag-nevado","tag-news","tag-piedra","tag-pijuan","tag-repitio","tag-sabado","tag-scott","tag-segun","tag-small","tag-solitario","tag-spain","tag-sports","tag-tiempo","tag-valenciano","tag-xavier","tag-xcm"],"share_on_mastodon":{"url":"https:\/\/pubeurope.com\/@es\/116507671615180523","error":""},"_links":{"self":[{"href":"https:\/\/www.europesays.com\/es\/wp-json\/wp\/v2\/posts\/529987","targetHints":{"allow":["GET"]}}],"collection":[{"href":"https:\/\/www.europesays.com\/es\/wp-json\/wp\/v2\/posts"}],"about":[{"href":"https:\/\/www.europesays.com\/es\/wp-json\/wp\/v2\/types\/post"}],"author":[{"embeddable":true,"href":"https:\/\/www.europesays.com\/es\/wp-json\/wp\/v2\/users\/2"}],"replies":[{"embeddable":true,"href":"https:\/\/www.europesays.com\/es\/wp-json\/wp\/v2\/comments?post=529987"}],"version-history":[{"count":0,"href":"https:\/\/www.europesays.com\/es\/wp-json\/wp\/v2\/posts\/529987\/revisions"}],"wp:featuredmedia":[{"embeddable":true,"href":"https:\/\/www.europesays.com\/es\/wp-json\/wp\/v2\/media\/529988"}],"wp:attachment":[{"href":"https:\/\/www.europesays.com\/es\/wp-json\/wp\/v2\/media?parent=529987"}],"wp:term":[{"taxonomy":"category","embeddable":true,"href":"https:\/\/www.europesays.com\/es\/wp-json\/wp\/v2\/categories?post=529987"},{"taxonomy":"post_tag","embeddable":true,"href":"https:\/\/www.europesays.com\/es\/wp-json\/wp\/v2\/tags?post=529987"}],"curies":[{"name":"wp","href":"https:\/\/api.w.org\/{rel}","templated":true}]}}