{"id":530,"date":"2025-07-24T20:50:09","date_gmt":"2025-07-24T20:50:09","guid":{"rendered":"https:\/\/www.europesays.com\/es\/530\/"},"modified":"2025-07-24T20:50:09","modified_gmt":"2025-07-24T20:50:09","slug":"el-arte-de-rafael-delceggio","status":"publish","type":"post","link":"https:\/\/www.europesays.com\/es\/530\/","title":{"rendered":"el arte de Rafael Delceggio"},"content":{"rendered":"<p>La b\u00fasqueda expresiva de <strong>Rafael Delceggio<\/strong> comenz\u00f3 hace m\u00e1s de dos d\u00e9cadas y desde entonces transit\u00f3 por diferentes terrenos, siempre utilizando a la fotograf\u00eda como veh\u00edculo. En sus inicios, como reportero, desarroll\u00f3 la avidez por el testimonio movilizado por fuerza de su juventud. Luego, incursion\u00f3 en la fotograf\u00eda de moda, que lo expuso a un nuevo mundo con c\u00f3digos est\u00e9ticos propios y le permitieron desarrollar su plasticidad gr\u00e1fica. El mundo fashion le dio paso a la fotograf\u00eda publicitaria, donde pudo captar con fineza la complejidad de productos como los perfumes o los autom\u00f3viles. Y los autom\u00f3viles lo llevaron a ser parte de <strong>MiuraMag<\/strong>, como uno de sus socios fundadores, y desde entonces como <strong>Editor de Arte\u00a0<\/strong>de la revista de autos.<\/p>\n<p>Hoy, radicado en <strong>Miami<\/strong>, Rafa ha dado un promisorio giro hacia la fotograf\u00eda art\u00edstica.\u00a0Su \u00fatimos trabajos, que esta revista tiene el honor de publicar, son un paso m\u00e1s en esa b\u00fasqueda. Se trata de la serie <strong>\u201cVanitas\u201d<\/strong>, inspirada en la corriente pict\u00f3rica holandesa, que tom\u00f3 justamente ese nombre en los <strong>Siglos XVI<\/strong> y <strong>XVII<\/strong>. Encuadrada en el estilo barroco, y como una variante del g\u00e9nero <strong>\u00abNaturaleza Muerta\u00bb<\/strong> (tambi\u00e9n llamado \u201cBodeg\u00f3n\u201d), Vanitas naci\u00f3 con el prop\u00f3sito recordar la fugacidad de la vida, la inevitabilidad de la muerte y la inutilidad de los placeres y logros materiales. El t\u00e9rmino \u00abVanitas\u00bb justamente refiere al concepto filos\u00f3fico y religioso de la \u201cvanidad\u201d (del lat\u00edn, vanitas).<\/p>\n<p>Delceggio encontr\u00f3 en esa corriente una inspiraci\u00f3n est\u00e9tica y conceptual para esta nueva serie de obras. Motores cl\u00e1sicos y diversos objetos relacionados, configuran intrigantes naturalezas muertas, que recuerdan a los trabajos de los maestros holandeses: s\u00f3lo que, en lugar de tintas y pinceles, est\u00e1 la lente de Rafa, y su talento para la composici\u00f3n y la iluminaci\u00f3n. Lo dice hasta la <strong>Biblia<\/strong>:\u00a0\u201cVanidad de vanidades, todo es vanidad\u201d.<\/p>\n<p>\u00abVanitas\u00bb (por Rafael Delceggio)<\/p>\n<p> <a class=\"lightzoom\" href=\"https:\/\/cdn.motor1.com\/images\/custom\/mortadella-y-countach.jpg\" rel=\"nofollow noopener\" target=\"_blank\"> <img decoding=\"async\" class=\"custom-image\" draggable=\"false\" src=\"https:\/\/www.europesays.com\/es\/wp-content\/uploads\/2025\/07\/mortadella-y-countach.jpg\" alt=\"mortadella-y-countach\" width=\"2000\" height=\"1333\" loading=\"lazy\"\/> <\/a> <\/p>\n<p>\u00abMortadella y Countach\u00bb (Rafael Delceggio &#8211; MiuraMag).<\/p>\n<p>Foto: Motor1.com<\/p>\n<p>Cada vez que visito talleres para fotografiar, los mec\u00e1nicos tratan de ordenar, limpiar, y dejar todo prolijito. Pero a m\u00ed siempre me pareci\u00f3 mucho m\u00e1s interesante representar la situaci\u00f3n real de trabajo, con sus objetos circundantes, sus detalles costumbristas e incluso sus imperfecciones.<\/p>\n<p>Tal vez haya sido mi amor por la pintura renacentista y, sobre todo, por el g\u00e9nero del Bodeg\u00f3n, lo que me empuj\u00f3 a tratar de hacer algo con esas escenas. Ah\u00ed apareci\u00f3 como inspiraci\u00f3n el movimiento holand\u00e9s <strong>\u00abVanitas\u00bb<\/strong>, que reflexiona sobre lo ef\u00edmero de las cosas y cuestiona la vanidad con que las vivimos. Me gust\u00f3 eso: la idea de convertir a estos motores poderosos y legendarios en objetos bien terrenales, como si fuesen naturalezas muertas.<\/p>\n<p>Justamente, hace un tiempo me toc\u00f3 exponer con <strong>Manu Campa<\/strong>, un artista amigo que hace pintura hiperrealista, con una t\u00e9cnica y un detalle formidables. El resultado es como si fuese una foto. Entonces a m\u00ed, que soy fot\u00f3grafo, me pareci\u00f3 divertido y desafiante lograr que una foto quedara como una pintura cl\u00e1sica.<\/p>\n<p><strong>R.D. (<a href=\"https:\/\/www.instagram.com\/delceggio.rafa\/\" rel=\"nofollow noopener\" target=\"_blank\">@Delceggio.Rafa<\/a>)<\/strong><\/p>\n<p><strong>* Nota publicada originalmente en <a href=\"https:\/\/miuramag.com\/\" rel=\"nofollow noopener\" target=\"_blank\">MiuraMag<\/a>.<\/strong><\/p>\n<p> <a class=\"lightzoom\" href=\"https:\/\/cdn.motor1.com\/images\/custom\/ferrari-vanitas00050boceto-1.jpg\" rel=\"nofollow noopener\" target=\"_blank\"> <img decoding=\"async\" class=\"custom-image\" draggable=\"false\" src=\"https:\/\/www.europesays.com\/es\/wp-content\/uploads\/2025\/07\/ferrari-vanitas00050boceto-1.jpg\" alt=\"ferrari-vanitas00050boceto-1\" width=\"2000\" height=\"1334\" loading=\"lazy\"\/> <\/a> <\/p>\n<p>\u00abFerrari\u00bb (Rafael Delceggio &#8211; MiuraMag).<\/p>\n<p>Foto: Motor1.com<\/p>\n<p> <a class=\"lightzoom\" href=\"https:\/\/cdn.motor1.com\/images\/custom\/47x34-cavas.jpg\" rel=\"nofollow noopener\" target=\"_blank\"> <img decoding=\"async\" class=\"custom-image\" draggable=\"false\" src=\"https:\/\/www.europesays.com\/es\/wp-content\/uploads\/2025\/07\/47x34-cavas.jpg\" alt=\"47x34-cavas\" width=\"2000\" height=\"1447\" loading=\"lazy\"\/> <\/a> <\/p>\n<p>\u00abCavas\u00bb (Rafael Delceggio &#8211; MiuraMag).<\/p>\n<p>Foto: Motor1.com<\/p>\n<p> <a class=\"lightzoom\" href=\"https:\/\/cdn.motor1.com\/images\/custom\/turbo-117-x-78-alta-printvert.jpg\" rel=\"nofollow noopener\" target=\"_blank\"> <img decoding=\"async\" class=\"custom-image\" draggable=\"false\" src=\"https:\/\/www.europesays.com\/es\/wp-content\/uploads\/2025\/07\/turbo-117-x-78-alta-printvert.jpg\" alt=\"turbo-117-x-78-alta-printvert\" width=\"2000\" height=\"2221\" loading=\"lazy\"\/> <\/a> <\/p>\n<p>\u00abTurbo\u00bb (Rafael Delceggio &#8211; MiuraMag).<\/p>\n<p>Foto: Motor1.com<\/p>\n<p> <a class=\"lightzoom\" href=\"https:\/\/cdn.motor1.com\/images\/custom\/img-3763.JPG\" rel=\"nofollow noopener\" target=\"_blank\"> <img decoding=\"async\" class=\"custom-image\" draggable=\"false\" src=\"https:\/\/www.europesays.com\/es\/wp-content\/uploads\/2025\/07\/img-3763.JPG\" alt=\"img-3763\" width=\"4160\" height=\"2769\" loading=\"lazy\"\/> <\/a> <\/p>\n<p>\u00abAlfa y Romero\u00bb (Rafael Delceggio &#8211; MiuraMag).<\/p>\n<p>Foto: Motor1.com<\/p>\n<p> <a class=\"lightzoom\" href=\"https:\/\/cdn.motor1.com\/images\/custom\/img-3767.JPG\" rel=\"nofollow noopener\" target=\"_blank\"> <img decoding=\"async\" class=\"custom-image\" draggable=\"false\" src=\"https:\/\/www.europesays.com\/es\/wp-content\/uploads\/2025\/07\/img-3767.JPG\" alt=\"img-3767\" width=\"4160\" height=\"2773\" loading=\"lazy\"\/> <\/a> <\/p>\n<p>\u00abFord Burger\u00bb (Rafael Delceggio &#8211; MiuraMag).<\/p>\n<p>Foto: Motor1.com<\/p>\n<p> <a class=\"lightzoom\" href=\"https:\/\/cdn.motor1.com\/images\/custom\/img-3274lambo-2.jpg\" rel=\"nofollow noopener\" target=\"_blank\"> <img decoding=\"async\" class=\"custom-image\" draggable=\"false\" src=\"https:\/\/www.europesays.com\/es\/wp-content\/uploads\/2025\/07\/img-3274lambo-2.jpg\" alt=\"img-3274lambo-2\" width=\"2362\" height=\"4200\" loading=\"lazy\"\/> <\/a> <\/p>\n<p>Backstage de \u00abVanitas\u00bb (Rafael Delceggio &#8211; MiuraMag).<\/p>\n<p>Foto: Motor1.com<\/p>\n<p>                            <a href=\"http:\/\/ar.motor1.com\/photos\/908963\/vanitas-rafael-delceggio\/#8198990_arte-vanitas---rafael-delceggio\" class=\"msnt-photo-thumb-gallery-main-photo-box\" rel=\"nofollow noopener\" target=\"_blank\"><\/p>\n<p>                                    <img decoding=\"async\" src=\"https:\/\/www.europesays.com\/es\/wp-content\/uploads\/2025\/07\/16x9-tr.png\" loading=\"lazy\" alt=\"\" arte=\"\" vanitas=\"\" rafael=\"\" delceggio=\"\" width=\"16\" height=\"9\"\/><\/p>\n<p>                            <\/a><\/p>\n<p>                                    16                                <\/p>\n<p>\n                            Fuente: MiuraMag                        <\/p>\n<p><a href=\"https:\/\/ar.motor1.com\/news\/category\/diseno-argentino\/\" data-inline-widget=\"internal-links\" data-type-id=\"8\" data-params=\"%7B%22section_route%22%3A%22news%22%2C%22alias%22%3A%22diseno-argentino%22%7D\" rel=\"nofollow noopener\" target=\"_blank\">Dise\u00f1o argentino<\/a>, <a href=\"https:\/\/ar.motor1.com\/news\/category\/curiosidad\/\" data-inline-widget=\"internal-links\" data-type-id=\"8\" data-params=\"%7B%22section_route%22%3A%22news%22%2C%22alias%22%3A%22curiosidad%22%7D\" rel=\"nofollow noopener\" target=\"_blank\">Curiosidad<\/a><\/p>\n<p>                                            <script async src=\"\/\/www.instagram.com\/embed.js\"><\/script><\/p>\n","protected":false},"excerpt":{"rendered":"La b\u00fasqueda expresiva de Rafael Delceggio comenz\u00f3 hace m\u00e1s de dos d\u00e9cadas y desde entonces transit\u00f3 por diferentes&hellip;\n","protected":false},"author":2,"featured_media":531,"comment_status":"","ping_status":"","sticky":false,"template":"","format":"standard","meta":{"footnotes":""},"categories":[173],"tags":[229,233,231,230,666,232,234,146,147,25,24,667,668,23],"class_list":{"0":"post-530","1":"post","2":"type-post","3":"status-publish","4":"format-standard","5":"has-post-thumbnail","7":"category-arte-y-diseno","8":"tag-arte","9":"tag-arte-y-diseno","10":"tag-arts","11":"tag-arts-and-design","12":"tag-curiosidad","13":"tag-design","14":"tag-diseno","15":"tag-entertainment","16":"tag-entretenimiento","17":"tag-es","18":"tag-espana","19":"tag-miuramag","20":"tag-rafael-delceggio","21":"tag-spain"},"share_on_mastodon":{"url":"","error":""},"_links":{"self":[{"href":"https:\/\/www.europesays.com\/es\/wp-json\/wp\/v2\/posts\/530","targetHints":{"allow":["GET"]}}],"collection":[{"href":"https:\/\/www.europesays.com\/es\/wp-json\/wp\/v2\/posts"}],"about":[{"href":"https:\/\/www.europesays.com\/es\/wp-json\/wp\/v2\/types\/post"}],"author":[{"embeddable":true,"href":"https:\/\/www.europesays.com\/es\/wp-json\/wp\/v2\/users\/2"}],"replies":[{"embeddable":true,"href":"https:\/\/www.europesays.com\/es\/wp-json\/wp\/v2\/comments?post=530"}],"version-history":[{"count":0,"href":"https:\/\/www.europesays.com\/es\/wp-json\/wp\/v2\/posts\/530\/revisions"}],"wp:featuredmedia":[{"embeddable":true,"href":"https:\/\/www.europesays.com\/es\/wp-json\/wp\/v2\/media\/531"}],"wp:attachment":[{"href":"https:\/\/www.europesays.com\/es\/wp-json\/wp\/v2\/media?parent=530"}],"wp:term":[{"taxonomy":"category","embeddable":true,"href":"https:\/\/www.europesays.com\/es\/wp-json\/wp\/v2\/categories?post=530"},{"taxonomy":"post_tag","embeddable":true,"href":"https:\/\/www.europesays.com\/es\/wp-json\/wp\/v2\/tags?post=530"}],"curies":[{"name":"wp","href":"https:\/\/api.w.org\/{rel}","templated":true}]}}