{"id":530146,"date":"2026-05-03T02:05:18","date_gmt":"2026-05-03T02:05:18","guid":{"rendered":"https:\/\/www.europesays.com\/es\/530146\/"},"modified":"2026-05-03T02:05:18","modified_gmt":"2026-05-03T02:05:18","slug":"sabadell-cierra-la-venta-de-tsb-a-santander-por-3-300-millones-2","status":"publish","type":"post","link":"https:\/\/www.europesays.com\/es\/530146\/","title":{"rendered":"Sabadell cierra la venta de TSB a Santander por 3.300 millones"},"content":{"rendered":"<p><strong>Banco Sabadell ha formalizado la venta del brit\u00e1nico TSB a Banco Santander por 2.863 millones de libras (3.319 millones de euros)<\/strong>, una vez que se han recibido todas las autorizaciones pertinentes por parte de los supervisores y reguladores, seg\u00fan ha informado el banco catal\u00e1n.<\/p>\n<p>\u00a0<\/p>\n<p>\u00abHemos cerrado una operaci\u00f3n muy relevante para el sector financiero brit\u00e1nico. TSB es hoy una historia de \u00e9xito en Reino Unido gracias al excelente trabajo que ha desarrollado todo el equipo en los \u00faltimos a\u00f1os\u00bb, ha afirmado el hasta ahora <strong>consejero delegado de TSB y pr\u00f3ximo consejero delegado de Banco Sabadell, Marc Armengol.<\/strong><\/p>\n<p>\u00a0<\/p>\n<p>En los \u00faltimos d\u00edas, Santander ya hab\u00eda indicado que hab\u00eda recibido el visto bueno de los reguladores para la autorizaci\u00f3n y que se iba a cerrar pr\u00f3ximamente. <strong>La otra gran operaci\u00f3n pendiente, que es la compra de Webster en Estados Unidos, est\u00e1 previsto que se cierre en el tercer trimestre del a\u00f1o.<\/strong><\/p>\n<p>\u00a0<\/p>\n<p>Al haberse cerrado ya la operaci\u00f3n, el banco catal\u00e1n ha anunciado que distribuir\u00e1 entre sus accionistas el <strong>&#8216;macrodividendo&#8217; <\/strong>vinculado a la venta que prometi\u00f3 en su momento. El abono ser\u00e1 de 50 c\u00e9ntimos por acci\u00f3n y se pagar\u00e1 el pr\u00f3ximo 29 de mayo.<\/p>\n<p>\u00a0<\/p>\n<p>Este dividendo extraordinario, sumado a los dividendos que repartir\u00e1 la entidad y los programas de recompra y amortizaci\u00f3n de acciones, situar\u00e1 la retribuci\u00f3n total a los accionistas en 6.450 millones de euros para el periodo 2025-2027.<\/p>\n<p>\u00a0<\/p>\n<p><strong>La operaci\u00f3n le genera a Sabadell una plusval\u00eda de 400 puntos b\u00e1sicos de capital<\/strong>, aunque se acabar\u00e1 reduciendo una vez se abone el dividendo. Asimismo, se ha generado una plusval\u00eda a nivel contable de 300 millones de euros, una vez considerados todos los impactos de la operaci\u00f3n.<\/p>\n<p>\u00a0<\/p>\n<p>En la transacci\u00f3n, tambi\u00e9n se han traspasado a Santander UK otros instrumentos de capital y valores no vencidos, emitidos por TSB y suscritos por Banco Sabadell, por un importe de 1.217 millones de libras (1.411 millones de euros).<\/p>\n","protected":false},"excerpt":{"rendered":"Banco Sabadell ha formalizado la venta del brit\u00e1nico TSB a Banco Santander por 2.863 millones de libras (3.319&hellip;\n","protected":false},"author":2,"featured_media":529232,"comment_status":"","ping_status":"","sticky":false,"template":"","format":"standard","meta":{"footnotes":""},"categories":[80],"tags":[104130,3288,82,95,94,2308,25,24,813,1457,964,23,16315],"class_list":["post-530146","post","type-post","status-publish","format-standard","has-post-thumbnail","category-economia","tag-3-300-millones","tag-bancos","tag-business","tag-economia","tag-economy","tag-empresas","tag-es","tag-espana","tag-nacional","tag-sabadell","tag-santander","tag-spain","tag-tsb"],"share_on_mastodon":{"url":"https:\/\/pubeurope.com\/@es\/116508198758876005","error":""},"_links":{"self":[{"href":"https:\/\/www.europesays.com\/es\/wp-json\/wp\/v2\/posts\/530146","targetHints":{"allow":["GET"]}}],"collection":[{"href":"https:\/\/www.europesays.com\/es\/wp-json\/wp\/v2\/posts"}],"about":[{"href":"https:\/\/www.europesays.com\/es\/wp-json\/wp\/v2\/types\/post"}],"author":[{"embeddable":true,"href":"https:\/\/www.europesays.com\/es\/wp-json\/wp\/v2\/users\/2"}],"replies":[{"embeddable":true,"href":"https:\/\/www.europesays.com\/es\/wp-json\/wp\/v2\/comments?post=530146"}],"version-history":[{"count":0,"href":"https:\/\/www.europesays.com\/es\/wp-json\/wp\/v2\/posts\/530146\/revisions"}],"wp:featuredmedia":[{"embeddable":true,"href":"https:\/\/www.europesays.com\/es\/wp-json\/wp\/v2\/media\/529232"}],"wp:attachment":[{"href":"https:\/\/www.europesays.com\/es\/wp-json\/wp\/v2\/media?parent=530146"}],"wp:term":[{"taxonomy":"category","embeddable":true,"href":"https:\/\/www.europesays.com\/es\/wp-json\/wp\/v2\/categories?post=530146"},{"taxonomy":"post_tag","embeddable":true,"href":"https:\/\/www.europesays.com\/es\/wp-json\/wp\/v2\/tags?post=530146"}],"curies":[{"name":"wp","href":"https:\/\/api.w.org\/{rel}","templated":true}]}}