{"id":53017,"date":"2025-08-17T06:52:08","date_gmt":"2025-08-17T06:52:08","guid":{"rendered":"https:\/\/www.europesays.com\/es\/53017\/"},"modified":"2025-08-17T06:52:08","modified_gmt":"2025-08-17T06:52:08","slug":"beatriz-gutierrez-muller-un-verso-sin-rima-con-sheimbaum-abc","status":"publish","type":"post","link":"https:\/\/www.europesays.com\/es\/53017\/","title":{"rendered":"Beatriz Guti\u00e9rrez M\u00fcller: un verso sin rima con Sheimbaum &#8211; ABC"},"content":{"rendered":"<ol>\n<li><a href=\"https:\/\/news.google.com\/rss\/articles\/CBMimgFBVV95cUxQdUVUekNtZ05HcWRwazVXSUxDbGl2S2R0REpEdDVxQko4YV9kOHpZTEtxMmxUUmdDX0ctUmJleWdHNF9Yc25LM2Y3RTZVMW44M0tOZS1NRlVMcVZHYjdMU1poMkxaN3BsLUxseFUtT1AtblUyd2l3TU1vTHlfd1p6VndKdzFULVVyRGdnTGMxdlF5QTY3TDhkNGRn?oc=5\" target=\"_blank\" rel=\"nofollow noopener\">Beatriz Guti\u00e9rrez M\u00fcller: un verso sin rima con Sheimbaum<\/a>&nbsp;&nbsp;ABC<\/li>\n<li><a href=\"https:\/\/news.google.com\/rss\/articles\/CBMimgFBVV95cUxPX2RUZFl1aTVrNjdsZ3FfeWxQWnZLdkhkR2ZiaHlISUxhUncxT2tFWW1EdVo2c3FuYWVFLXJnYk9hdlQ2RXVpQjdORkpYZTZBRjhSZG9ZWmk3bFdyYlBpd3pvNERleXlVdjBsQXU3TVlsX0xXUDkxS0ZBOWN3T2tmckJxNmJBSnFSN2w3M1ItdEhCUUZwQmxMRGpn?oc=5\" target=\"_blank\" rel=\"nofollow noopener\">La esposa de L\u00f3pez Obrador y azote de Espa\u00f1a se muda a Madrid<\/a>&nbsp;&nbsp;ABC<\/li>\n<li><a href=\"https:\/\/news.google.com\/rss\/articles\/CBMi9AFBVV95cUxNZlVVMXcxc2djRnlPT2pzaFlJNUVybzZVeF9BNkFmOGtnc2RVSFVrSlRqa0dHelJJYXgzdms2YjNHZDItZ09ZLVdzR19GaTQ3NndCdmR1TjZQT0Z5WGU0Ml81TEcwbV9qSWZJdEZWTlh3Slk1azZ3aFBsd1B3TFJfc29GVV9zcWh3NXlGVHB0Qk1walhzTV9GVDBSUjNRTm90dHJnT0syTDIwN1JLUUFuWERDMDAzbjNlX3pHWkhqekl4dVh6U1QyWW5jVWhMZjhURWVsZFkzMGhlUlByN2hUaVp2ZzYzUmY1Q2FXNG14U214RDZ10gGPAkFVX3lxTE1odkRBemRDc0UxbkNxRVJqNk10UTlveFRKQm5uRDNFUFNxU3Q1d3hZM2tsQVE3MU9ZVUxfWl92dG1fdUJtbURoYnM1Q2hIX05CZzB1LVBKNmhVQ3BKUUt0cU80dGg2MUdJeHRyb0FDZHQ2TTVVNDhrME9MOWNZNDF4eUsxR1VpbmtkUktOdWJnNERKU0ZqSnNYRGoyUmdhWlByaUF6R0JtSl9WY3NObHdLbGplV1JRUk9qajZPX1Z0eFpoMnNUWGlZMEtQNnNKbGw3VVA5WURucHZSU3U4WXQwWWZkaTdreld2ay1uX2FjR0dTOGV2Q0Y2dWY1S0dUcElLWGdHd3ZYVk11VjhCQnc?oc=5\" target=\"_blank\" rel=\"nofollow noopener\">De exigir disculpas a Espa\u00f1a a vivir en Madrid: reportan mudanza de Beatriz Guti\u00e9rrez M\u00fcller en exclusivo barrio espa\u00f1ol<\/a>&nbsp;&nbsp;Infobae<\/li>\n<li><a href=\"https:\/\/news.google.com\/rss\/articles\/CBMi8wFBVV95cUxPX09YTlltSUNpVk1FSmhEMjVMSTYwd1RGaGVYMEZHUVowZXBvZVhLVERZRnE0bHFwWWdKZ2N4Sjk4RXRoOXVuWHZkZ0lGcm1jVWJkR3ZXcGdCMWljdVh5X21GRDBaY3ItaThwbUFRb0MzUXc5dmVfOVFLM256WGRPNlctQVpybVJxUG9xOUNVMXhTQklqU1M0SXdjUkpjN0xPamJmSHh5WUZJM1FTcjA2ODdnOTh6RDdlUzVITGJQVzdwMGdWWjdoSVJFcG1zUzlKSmpvUmRZaTZiMVgybmRYQnAzREFTNnp5ZVZ3X2lWd2N6UFHSAfMBQVVfeXFMTjA1RlczbHNwYU5JT2d6NE8xd3lUR29MbkVlV0lrREFjLXY1VHcxanhaLVlFczIxanJvaU0zUVRCNlRLNFl6ZWNSaEZsb1RKMlBGQTZud0VvYjdjbXo0U0FvYng2ajQ3clN6Ymp1OFlTTFI2OUhnbWxMaEFLQXZETTBtdU4xckFvZ0ZKYlZTYmk0Skt5eVQxTC0waFlJZlpxcmNickw1SjZOS19GUmNhSVRuUFA5b25BWTh3SzRZQ2l6VWVNUlUzZ19UT2JTVE9pRUtVZ1BxWm9Vb2xIbEp5d25vMDhNSEVwZE9BdkZXZGJMTGIw?oc=5\" target=\"_blank\" rel=\"nofollow noopener\">Reverte tira de iron\u00eda ante la repentina estancia en Madrid de la esposa del expresidente de M\u00e9xico: \u00abViolentando su honrada conciencia\u201d<\/a>&nbsp;&nbsp;MARCA<\/li>\n<li><a href=\"https:\/\/news.google.com\/rss\/articles\/CBMigAJBVV95cUxNMzR3SDZVRVVhaVUtRVBSQjlkeWJ5SW82MXE5cm1hejRtWklyUmIySDhzenFCT2JiX0xUN3BpRTFsSGllMHNxejdvd3p5WWZxRFQwSUxQbVpvLURoQmhGTk5PaUxjemlQRkFzRHdrOGwwdDVYS2ZPcXhwd1ctRFRzdDI4SXhnY0RoWTZ2TnEwWmpQZzhmaXJ6VTAzNXMzY2t4WEhjWmJGbHpBemt1WW9TbmpjVXlxRC1ZT3ZabVhSbzF6Q1B4YU53WlM0cjRkSHRoX0h0SzVhX1Z3MEtPMGN2TGpxdnREVmNFUEloLXhTR1pqT3FtbUpTcTdaUl9DVzJ50gGGAkFVX3lxTFBUZ0VZNHByWkdRLXBTN3ZmUWJsNEMzamI3NFRuOE1FS2NsbW1KcXhRRTFUajFOSmZjWUZmc0NQdnpET05nY2QxNnZINXVHbmd5Y3FoRVpIUXZsSVk1SDNyazRxYkhUY0dBNGpBT0FwUkVkZWJYNko3TVJ2RTJuWVJ0WFNrTUw4UmtlU3Q5blEzOGVpQUNMcTlOMmtRY1RQWTF6Q1BnNWhJUFhMS2dFbGxDUUlVVU1YSUN2bU4wanRfbG9nU19ncVhzREdLTWIyWjdzYjBRME9fSV82aVNYcFNsN0FtajVhR2NHOENTRUI1dGVXU3ItRlNUTk1aMkNCekVUOWFQUUE?oc=5\" target=\"_blank\" rel=\"nofollow noopener\">La esposa de L\u00f3pez Obrador fija residencia en La Moraleja (Madrid) despu\u00e9s de haber exigido a Espa\u00f1a \u00abpedir&#8230;<\/a>&nbsp;&nbsp;gaceta.es<\/li>\n<\/ol>\n","protected":false},"excerpt":{"rendered":"Beatriz Guti\u00e9rrez M\u00fcller: un verso sin rima con Sheimbaum&nbsp;&nbsp;ABC La esposa de L\u00f3pez Obrador y azote de Espa\u00f1a&hellip;\n","protected":false},"author":2,"featured_media":53018,"comment_status":"","ping_status":"","sticky":false,"template":"","format":"standard","meta":{"footnotes":""},"categories":[8],"tags":[22296,17,18,25,24,13,14,8218,11,19,20,23297,9,10,15,16,23299,23300,23,12,21,22,23298],"class_list":["post-53017","post","type-post","status-publish","format-standard","has-post-thumbnail","category-espana","tag-beatriz","tag-breaking-news","tag-breakingnews","tag-es","tag-espana","tag-featured-news","tag-featurednews","tag-gutierrez","tag-headlines","tag-latest-news","tag-latestnews","tag-muller","tag-news","tag-noticias","tag-noticias-destacadas","tag-noticiasdestacadas","tag-rima","tag-sheimbaum","tag-spain","tag-titulares","tag-ultimas-noticias","tag-ultimasnoticias","tag-verso"],"share_on_mastodon":{"url":"","error":""},"_links":{"self":[{"href":"https:\/\/www.europesays.com\/es\/wp-json\/wp\/v2\/posts\/53017","targetHints":{"allow":["GET"]}}],"collection":[{"href":"https:\/\/www.europesays.com\/es\/wp-json\/wp\/v2\/posts"}],"about":[{"href":"https:\/\/www.europesays.com\/es\/wp-json\/wp\/v2\/types\/post"}],"author":[{"embeddable":true,"href":"https:\/\/www.europesays.com\/es\/wp-json\/wp\/v2\/users\/2"}],"replies":[{"embeddable":true,"href":"https:\/\/www.europesays.com\/es\/wp-json\/wp\/v2\/comments?post=53017"}],"version-history":[{"count":0,"href":"https:\/\/www.europesays.com\/es\/wp-json\/wp\/v2\/posts\/53017\/revisions"}],"wp:featuredmedia":[{"embeddable":true,"href":"https:\/\/www.europesays.com\/es\/wp-json\/wp\/v2\/media\/53018"}],"wp:attachment":[{"href":"https:\/\/www.europesays.com\/es\/wp-json\/wp\/v2\/media?parent=53017"}],"wp:term":[{"taxonomy":"category","embeddable":true,"href":"https:\/\/www.europesays.com\/es\/wp-json\/wp\/v2\/categories?post=53017"},{"taxonomy":"post_tag","embeddable":true,"href":"https:\/\/www.europesays.com\/es\/wp-json\/wp\/v2\/tags?post=53017"}],"curies":[{"name":"wp","href":"https:\/\/api.w.org\/{rel}","templated":true}]}}