{"id":53028,"date":"2025-08-17T07:02:09","date_gmt":"2025-08-17T07:02:09","guid":{"rendered":"https:\/\/www.europesays.com\/es\/53028\/"},"modified":"2025-08-17T07:02:09","modified_gmt":"2025-08-17T07:02:09","slug":"cuando-juega-el-barcelona-su-proximo-partido-fecha-horario-y-donde-ver-por-tv-y-online","status":"publish","type":"post","link":"https:\/\/www.europesays.com\/es\/53028\/","title":{"rendered":"\u00bfCu\u00e1ndo juega el Barcelona su pr\u00f3ximo partido? Fecha, horario y d\u00f3nde ver por TV y online"},"content":{"rendered":"<p class=\"ft-text\">El <a href=\"https:\/\/www.sport.es\/es\/barca\/\" class=\"ft-link ft-link--decoration\" rel=\"nofollow noopener\" target=\"_blank\"><strong>FC Barcelona<\/strong><\/a> dio el pistoletazo de salida a la temporada 2025-26 con una c\u00f3moda victoria ante el <strong>Mallorca <\/strong>en Son Moix. Los tres puntos conseguidos en la primera visita del curso permiten a los azulgranas empezar de la mejor forma posible su defensa del t\u00edtulo de LaLiga EA Sports.<\/p>\n<p class=\"ft-text\">Los goles de <strong>Raphinha <\/strong>y <strong>Ferran Torres<\/strong> cuando apenas hab\u00edan transcurrido los primeros 20 minutos sellaron el destino de un Mallorca entreg\u00f3 la bandera antes de lo pensado tras <a href=\"https:\/\/www.sport.es\/es\/noticias\/mallorca\/jose-luis-munuera-montero-indigna-120687781\" class=\"ft-link ft-link--decoration\" rel=\"nofollow noopener\" target=\"_blank\">las expulsiones de <\/a><a href=\"https:\/\/www.sport.es\/es\/noticias\/mallorca\/jose-luis-munuera-montero-indigna-120687781\" class=\"ft-link ft-link--decoration\" rel=\"nofollow noopener\" target=\"_blank\"><strong>Manu Morlanes<\/strong><\/a><a href=\"https:\/\/www.sport.es\/es\/noticias\/mallorca\/jose-luis-munuera-montero-indigna-120687781\" class=\"ft-link ft-link--decoration\" rel=\"nofollow noopener\" target=\"_blank\"> y <\/a><a href=\"https:\/\/www.sport.es\/es\/noticias\/mallorca\/jose-luis-munuera-montero-indigna-120687781\" class=\"ft-link ft-link--decoration\" rel=\"nofollow noopener\" target=\"_blank\"><strong>Vedat Muriqi<\/strong><\/a>. Las circunstancias invitaban a pensar en goleada, pero la superioridad num\u00e9rica hizo bajar el ritmo a un Bar\u00e7a que no volvi\u00f3 a ver puerta hasta el descuento de la mano de <strong>Lamine Yamal<\/strong> (0-3).<\/p>\n<p class=\"ft-text\">Con los tres primeros puntos en el bolsillo, el <strong>FC Barcelona<\/strong> ya mira al horizonte y se prepara para sus pr\u00f3ximos compromisos. A los de <strong>Hansi Flick<\/strong> les esperan <strong>dos nuevos desplazamientos<\/strong> antes de acudir al par\u00f3n de selecciones.<\/p>\n<p class=\"ft-text\">El <strong>pr\u00f3ximo rival<\/strong> del <strong>Bar\u00e7a <\/strong>en LaLiga EA Sports ser\u00e1 el reci\u00e9n ascendido <strong>Levante<\/strong>, cuyo debut liguero tendr\u00e1 lugar esta misma noche. El conjunto &#8216;granota&#8217; visita el siempre dif\u00edcil Mendizorroza para medir sus fuerzas ante el Deprotivo Alav\u00e9s.<\/p>\n<p>\u00bfCu\u00e1ndo juega el Barcelona contra el Levante en la jornada 2 de LaLiga?<\/p>\n<p class=\"ft-text\">El partido entre FC Barcelona y Levante, correspondiente a la jornada 2 de LaLiga EA Sports, se celebrar\u00e1 en el Ciutat de Valencia el pr\u00f3ximo <strong>s\u00e1bado 23 de agosto <\/strong>a partir de las <strong>21:30 horas (CET)<\/strong>.<\/p>\n<p>\u00bfD\u00f3nde ver por TV y online el partido de LaLiga entre Barcelona y Levante?<\/p>\n<p class=\"ft-text\">En Espa\u00f1a, el partido entre FC Barcelona y Levante se podr\u00e1 ver por TV y online a trav\u00e9s de<strong> Movistar+<\/strong>, concretamente en el canal <strong>Movistar+ LaLiga<\/strong>.<\/p>\n<p class=\"ft-text\">Desde\u00a0<strong>SPORT<\/strong>, te contaremos todo lo que suceda en el partido entre Levante y FC Barcelona a trav\u00e9s de nuestra narraci\u00f3n en directo, as\u00ed como la cr\u00f3nica, las mejores declaraciones y la \u00faltima hora del encuentro.<\/p>\n","protected":false},"excerpt":{"rendered":"El FC Barcelona dio el pistoletazo de salida a la temporada 2025-26 con una c\u00f3moda victoria ante el&hellip;\n","protected":false},"author":2,"featured_media":53029,"comment_status":"","ping_status":"","sticky":false,"template":"","format":"standard","meta":{"footnotes":""},"categories":[268],"tags":[210,168,25,24,1151,280,282,319,1045,3444,281,23,167,214],"class_list":{"0":"post-53028","1":"post","2":"type-post","3":"status-publish","4":"format-standard","5":"has-post-thumbnail","7":"category-futbol","8":"tag-barcelona","9":"tag-deportes","10":"tag-es","11":"tag-espana","12":"tag-fecha","13":"tag-football","14":"tag-futbol","15":"tag-horario","16":"tag-partido","17":"tag-proximo","18":"tag-soccer","19":"tag-spain","20":"tag-sports","21":"tag-tv"},"share_on_mastodon":{"url":"","error":""},"_links":{"self":[{"href":"https:\/\/www.europesays.com\/es\/wp-json\/wp\/v2\/posts\/53028","targetHints":{"allow":["GET"]}}],"collection":[{"href":"https:\/\/www.europesays.com\/es\/wp-json\/wp\/v2\/posts"}],"about":[{"href":"https:\/\/www.europesays.com\/es\/wp-json\/wp\/v2\/types\/post"}],"author":[{"embeddable":true,"href":"https:\/\/www.europesays.com\/es\/wp-json\/wp\/v2\/users\/2"}],"replies":[{"embeddable":true,"href":"https:\/\/www.europesays.com\/es\/wp-json\/wp\/v2\/comments?post=53028"}],"version-history":[{"count":0,"href":"https:\/\/www.europesays.com\/es\/wp-json\/wp\/v2\/posts\/53028\/revisions"}],"wp:featuredmedia":[{"embeddable":true,"href":"https:\/\/www.europesays.com\/es\/wp-json\/wp\/v2\/media\/53029"}],"wp:attachment":[{"href":"https:\/\/www.europesays.com\/es\/wp-json\/wp\/v2\/media?parent=53028"}],"wp:term":[{"taxonomy":"category","embeddable":true,"href":"https:\/\/www.europesays.com\/es\/wp-json\/wp\/v2\/categories?post=53028"},{"taxonomy":"post_tag","embeddable":true,"href":"https:\/\/www.europesays.com\/es\/wp-json\/wp\/v2\/tags?post=53028"}],"curies":[{"name":"wp","href":"https:\/\/api.w.org\/{rel}","templated":true}]}}