{"id":53030,"date":"2025-08-17T07:03:15","date_gmt":"2025-08-17T07:03:15","guid":{"rendered":"https:\/\/www.europesays.com\/es\/53030\/"},"modified":"2025-08-17T07:03:15","modified_gmt":"2025-08-17T07:03:15","slug":"trump-y-yo-eramos-vecinos","status":"publish","type":"post","link":"https:\/\/www.europesays.com\/es\/53030\/","title":{"rendered":"Trump y yo \u00e9ramos vecinos"},"content":{"rendered":"<p class=\"HOLA-TEMAS_5--TEXTO-1er-PARRAFO\" id=\"eSxttbRII6B\" data-wc=\"35\">Ella\u00a0Fontanals-Cisneros<strong>\u00a0tiene una vida que parece una novela.\u00a0<\/strong><a class=\"hm-link\" href=\"https:\/\/www.hola.com\/us-es\/latinapowerhouse\/20200918fraseo3jeq\/ella-fontanals-cisneros\/\" data-mrf-recirculation=\"article-body-link\" rel=\"nofollow noopener\" target=\"_blank\">Considerada una de las mayores coleccionistas del mundo, naci\u00f3 en La Habana, en 1944, pero huy\u00f3 con su familia a Venezuela cuando estall\u00f3 la Revoluci\u00f3n Cubana.\u00a0<\/a><\/p>\n<p class=\"HOLA-TEMAS_5--TEXTO-1er-PARRAFO\" id=\"equin02m7yk\" data-wc=\"68\">En su pa\u00eds de acogida conocer\u00eda a su marido, <strong>el magnate petrolero y de telecomunicaciones Owaldo Cisneros<\/strong>, con quien <strong>tuvo tres hijas.<\/strong> A lo largo de sus 81 a\u00f1os reci\u00e9n cumplidos, Ella se ha codeado con todo tipo de personalidades: <strong>de Fidel Castro a los Reyes de Espa\u00f1a, pasando por Andy Warhol o Donald Trump<\/strong>, de quien fue vecina.<strong>\u00a0\u00abHe tenido una vida muy movida\u00bb, reconoce a \u00a1HOLA!<\/strong><\/p>\n<p>  <img src=\"https:\/\/www.europesays.com\/es\/wp-content\/uploads\/2025\/08\/0fed71e73818-66c71dbfeea0-6454beec3d92ce26c0be42ded54ca12319cut.jpg\"   width=\"1080\" height=\"1080\" loading=\"lazy\" decoding=\"async\" alt=\"En fotos principales, Ella Fontanals-Cisneros en su oficina\" fetchpriority=\"auto\" class=\"image ho-image\"\/>\u00a9 Mauricio DomnelliEn fotos principales, Ella Fontanals-Cisneros en su oficina<\/p>\n<p class=\"HOLA-TEMAS_5b--PREGUNTA-NEGRITA\" id=\"esRvH88bdR9\" data-wc=\"4\"><strong data-gid=\"eFQox2Nexd1m\">\u2014\u00bfC\u00f3mo fue su infancia?<\/strong><\/p>\n<p class=\"HOLA-TEMAS_5a--TEXTO-NORMAL\" id=\"eA5N7X9bcA3\" data-wc=\"60\">\u2014Superfeliz. <strong>Hasta los trece a\u00f1os, crec\u00ed en La Habana, que era muy alegre.<\/strong> Nos fuimos cuando vino la revoluci\u00f3n. \u00c9ramos cuatro hermanos, pero de dos generaciones distintas. Uno, 20 a\u00f1os mayor ,y la siguiente, 14. Luego, la menor es 14 meses m\u00e1s chica. <strong>Mis padres eran como mis abuelos y mis hermanos, como mi pap\u00e1.<\/strong> Fuimos las ni\u00f1as m\u00e1s mimadas.<\/p>\n<p class=\"HOLA-TEMAS_5b--PREGUNTA-NEGRITA\" id=\"eViES02bt7d\" data-wc=\"8\"><strong data-gid=\"e7tmbGiKJAmP\">\u2014\u00bfC\u00f3mo recuerda el estallido de la Revoluci\u00f3n Cubana?<\/strong><\/p>\n<p class=\"HOLA-TEMAS_5a--TEXTO-NORMAL\" id=\"ed5Cd7PrTKb\" data-wc=\"47\">\u2014Con doce a\u00f1os, me parec\u00eda una novela. Aunque mis pap\u00e1s siempre intentaban que no oy\u00e9ramos cosas tr\u00e1gicas, <strong>nos enter\u00e1bamos de que mataban a gente y los tiraban en una esquina\u2026<\/strong> <strong>Cuando ven\u00eda Fidel Castro, nos parec\u00eda una fiesta:<\/strong> la gente iba vestida de militar y cantando himnos\u2026<\/p>\n<blockquote class=\"ho-bl-1081603 -no-figcaption\" cite=\"\">\n<p>\u00abConoc\u00ed a Trump en el 89. \u00c9ramos vecinos en la Trump Tower. Ivana era simpatiqu\u00edsima. Ahora le oigo a \u00e9l hablar de los inmigrantes\u2026 \u00a1Si se ha casado con dos!\u00bb<\/p>\n<\/blockquote>\n<p> <img src=\"https:\/\/www.europesays.com\/es\/wp-content\/uploads\/2025\/08\/73d337b39be9-64158b2607e2e76a7362b608c271eadb12cut.jpg\"   width=\"1080\" height=\"1800\" loading=\"lazy\" decoding=\"async\" alt=\"ELLA FONTANALS-CISNEROS REPASA CON &quot;\u00a1HOLA!&quot; SU FASCINANTE VIDA: AMOR, ARTE Y\u00a0ENCUENTROS CON\u00a0PERSONAJES HIST\u00d3RICOS \" fetchpriority=\"auto\" class=\"image ho-image\"\/>\u00a9 Mauricio Domnelli<\/p>\n<p class=\"HOLA-TEMAS_5b--PREGUNTA-NEGRITA\" id=\"edX0OTEubGv\" data-wc=\"5\"><strong data-gid=\"eKheWvBWFRZk\">\u2014Pero era un desfile militar.<\/strong><\/p>\n<p class=\"HOLA-TEMAS_5a--TEXTO-NORMAL\" id=\"eVUvznKcECQ\" data-wc=\"86\">\u2014Un d\u00eda, las monjas de mi colegio, que eran americanas,<strong>\u00a0llamaron a mi pap\u00e1 para decirles que dejaban el pa\u00eds en ese momento, que les estaba esperando un avi\u00f3n.<\/strong> Al estar tomados los peri\u00f3dicos y las televisiones, nadie sab\u00eda nada. Pero, al salirse los americanos tan r\u00e1pido, mi pap\u00e1 entendi\u00f3 que pasaba algo y organiz\u00f3 su viaje para Venezuela. All\u00ed vio que era una cuesti\u00f3n comunista y que iba a crecer. Nos sac\u00f3 inmediatamente. <strong>Mis pap\u00e1s pensaban que ser\u00eda cosa de un a\u00f1o y volver\u00edamos despu\u00e9s\u2026<\/strong><\/p>\n<p class=\"HOLA-TEMAS_5b--PREGUNTA-NEGRITA\" id=\"e0vHsg7k-do\" data-wc=\"5\"><strong data-gid=\"eco55KY8j2y6\">\u2014Su padre falleci\u00f3 poco despu\u00e9s.<\/strong><\/p>\n<p class=\"HOLA-TEMAS_5a--TEXTO-NORMAL\" id=\"eij9R7m1YLP\" data-wc=\"15\">\u2014Casi<strong>\u00a0al a\u00f1o de llegar a Venezuela.<\/strong> Le dio un ACV (accidente cerebrovascular). Fue horrible.<\/p>\n<p class=\"HOLA-TEMAS_5b--PREGUNTA-NEGRITA\" id=\"eCeGyCH_PA-\" data-wc=\"5\"><strong data-gid=\"elIa5bt3artg\">\u2014\u00bfC\u00f3mo conoci\u00f3 a su marido?<\/strong><\/p>\n<p class=\"HOLA-TEMAS_5a--TEXTO-NORMAL\" id=\"e-voNM4-qh9q\" data-wc=\"56\">\u2014Oswaldo me vio en una comida de Pepsi-Cola International. Despu\u00e9s, sal\u00ed en una revista y<strong>\u00a0le pidi\u00f3 a un amigo m\u00edo que me llamara, que quer\u00eda una cita conmigo.\u00a0<\/strong>Yo no quer\u00eda, pero <strong>empez\u00f3 a llamarme todos los d\u00edas.\u00a0<\/strong>Finalmente, salimos una noche, pero<strong>\u00a0le quise hacer la vida imposible para que no me llamara m\u00e1s.<\/strong><\/p>\n<p>  <img src=\"https:\/\/www.europesays.com\/es\/wp-content\/uploads\/2025\/08\/fe83e4032d1d-dcfdcc63dbab-785f34318b403cfebe650036fb0f5ff7ellafontanals1522388392174624285791.jpg\"   width=\"1920\" height=\"1080\" loading=\"lazy\" decoding=\"async\" alt=\"Con Felipe VI y do\u00f1a Letizia, en ARCO\" fetchpriority=\"auto\" class=\"image ho-image\"\/>\u00a9 \u00a9ellafontanalsCon Felipe VI y do\u00f1a Letizia, en ARCO<\/p>\n<p class=\"HOLA-TEMAS_5b--PREGUNTA-NEGRITA\" id=\"e_Y7EuGWjvBi\" data-wc=\"7\"><strong data-gid=\"eZoeK7G-jPEU\">\u2014Pero fue el hombre de su vida.<\/strong><\/p>\n<p class=\"HOLA-TEMAS_5a--TEXTO-NORMAL\" id=\"eLAI6xK-wIoa\" data-wc=\"60\">\u2014Y yo<strong>\u00a0fui la mujer de su vida,\u00a0<\/strong>hasta el d\u00eda que se fue. Aunque nos separamos en el 2002, se refer\u00eda a m\u00ed como \u00abmi esposa\u00bb. <strong>Nos quer\u00edamos mucho, pero \u00e9l solo trabajaba, trabajaba\u2026\u00a0<\/strong>Yo soy aventurera, de viajes y cosas nuevas\u2026 Tras tantos a\u00f1os, nos empezamos a distanciar y <strong>otras personas encontraron hueco para meterse entre los dos.<\/strong><\/p>\n<p class=\"HOLA-TEMAS_5b--PREGUNTA-NEGRITA\" id=\"ezw6rh6E1W9E\" data-wc=\"15\"><strong data-gid=\"exG57lXITanN\">\u2014Se refiere a que alguien se acerc\u00f3 a su marido \u2014Oswaldo Cisneros volvi\u00f3 a casarse\u2014.<\/strong><\/p>\n<p class=\"HOLA-TEMAS_5a--TEXTO-NORMAL\" id=\"egM52LpphtbA\" data-wc=\"19\">\u2014Pero <strong>nunca nos peleamos<\/strong>. Ni cuando nos divorciamos.<strong>\u00a0Yo ten\u00eda mi negocio, pero fue supergeneroso y se lo agradec\u00ed.<\/strong><\/p>\n<p>Por amor al arte<\/p>\n<p class=\"HOLA-TEMAS_5b--PREGUNTA-NEGRITA\" id=\"ehFT63xMu3Ql\" data-wc=\"3\"><strong data-gid=\"eyDjwYu_dMMH\">\u2014\u00bfCu\u00e1ntas obras tiene?<\/strong><\/p>\n<p class=\"HOLA-TEMAS_5a--TEXTO-NORMAL\" id=\"ec0xToN1m0XK\" data-wc=\"27\">\u2014\u00bfSabes qu\u00e9 pasa? Llega un momento en el que uno pierde la cuenta\u2026 Est\u00e1n repartidas en mis casas, en el almac\u00e9n\u2026. Pero entre 2.800 o 3.000 obras.<\/p>\n<p class=\"HOLA-TEMAS_5b--PREGUNTA-NEGRITA\" id=\"eiZYxSOTIW4B\" data-wc=\"5\"><strong data-gid=\"eufu_WRHJxFt\">\u2014\u00bfC\u00f3mo empez\u00f3 en el arte?<\/strong><\/p>\n<p class=\"HOLA-TEMAS_5a--TEXTO-NORMAL\" id=\"e_9ox9gusNmp\" data-wc=\"32\">\u2014Desde chiquita, <strong>siempre hab\u00eda artistas en casa y yo quer\u00eda ser pintora\u2026<\/strong> Pero nos fuimos a Venezue\u00adla y cambi\u00f3 todo. <a class=\"hm-link\" href=\"https:\/\/www.hola.com\/decoracion\/20210623191936\/colgar-cuadros-laminas-para-crear-galeria-arte-pared-mc\/\" data-mrf-recirculation=\"article-body-link\" rel=\"nofollow noopener\" target=\"_blank\">Con 20 a\u00f1os, un amigo me propuso montar una galer\u00eda de arte.<\/a><\/p>\n<p> <img src=\"https:\/\/www.europesays.com\/es\/wp-content\/uploads\/2025\/08\/9e0c4db757d7-7df69d33df317556a15d20aa6ed9645dellafontanals1606917035245532051448330315522.jpg\"   width=\"1080\" height=\"1080\" loading=\"lazy\" decoding=\"async\" alt=\"ELLA FONTANALS-CISNEROS REPASA CON &quot;\u00a1HOLA!&quot; SU FASCINANTE VIDA: AMOR, ARTE Y\u00a0ENCUENTROS CON\u00a0PERSONAJES HIST\u00d3RICOS \" fetchpriority=\"auto\" class=\"image ho-image\"\/>\u00a9 \u00a9ellafontanalsLa protagonista con su marido, el magnate Oswaldo Cisneros, fallecido en noviembre de 2020,<\/p>\n<p> <img src=\"https:\/\/www.europesays.com\/es\/wp-content\/uploads\/2025\/08\/8763755b7a7b-25d4ae9128e456c5517bb8e4f9f6f34dellafontanals1739390548356658875983794971822.jpg\"   width=\"1080\" height=\"1080\" loading=\"lazy\" decoding=\"async\" alt=\"ELLA FONTANALS-CISNEROS REPASA CON &quot;\u00a1HOLA!&quot; SU FASCINANTE VIDA: AMOR, ARTE Y\u00a0ENCUENTROS CON\u00a0PERSONAJES HIST\u00d3RICOS \" fetchpriority=\"auto\" class=\"image ho-image\"\/>\u00a9 \u00a9ellafontanalsSu actual pareja, el m\u00e9dico cubano Ram\u00f3n Calder\u00edos<\/p>\n<p class=\"HOLA-TEMAS_5b--PREGUNTA-NEGRITA\" id=\"eYjxSdY2K_DF\" data-wc=\"9\"><strong data-gid=\"eE4KhfMvz6Sm\">\u2014\u00bfCu\u00e1l es la obra que m\u00e1s le ha costado?<\/strong><\/p>\n<p class=\"HOLA-TEMAS_5a--TEXTO-NORMAL\" id=\"eD36hPo-HuiJ\" data-wc=\"49\">\u2014\u00bfDe conseguir? Una de Gego, una artista alemana, hecha de alambrito. La consegu\u00ed en un \u00abauction\u00bb en los 80, aunque subi\u00f3 y subi\u00f3 el precio.<strong>\u00a0Pagu\u00e9 400.000 d\u00f3lares, que era mucho dinero para esa \u00e9poca.\u00a0<\/strong>Despu\u00e9s, me dijeron que estuve pujando contra el MoMA (r\u00ede). Hoy, vale cinco millones.<\/p>\n<p class=\"HOLA-TEMAS_5b--PREGUNTA-NEGRITA\" id=\"eJnDJ6AGthLj\" data-wc=\"5\"><strong data-gid=\"enBmv9Vwda93\">\u2014\u00bfPor cu\u00e1l ha pagado m\u00e1s?<\/strong><\/p>\n<p class=\"HOLA-TEMAS_5a--TEXTO-NORMAL\" id=\"eESaTfrewhHw\" data-wc=\"15\">\u2014He comprado obras de<strong>\u00a0dos, tres o cuatro millones, pero las necesitaba para la colecci\u00f3n.<\/strong><\/p>\n<p class=\"HOLA-TEMAS_5b--PREGUNTA-NEGRITA\" id=\"eSxVG2wmUv-3\" data-wc=\"8\"><strong data-gid=\"eb2XNoW5_R_w\">\u2014\u00bfPuedo preguntarle el nombre o es una indiscreci\u00f3n?<\/strong><\/p>\n<p class=\"HOLA-TEMAS_5a--TEXTO-NORMAL\" id=\"eG_J7APsUUK0\" data-wc=\"16\">\u2014\u00a1Es una indiscreci\u00f3n! (R\u00ede). Hace poco, compr\u00e9 una de Rashid Johnson y otra de Thomas Sch\u00fctte.<\/p>\n<p class=\"HOLA-TEMAS_5b--PREGUNTA-NEGRITA\" id=\"eo6QterwHp5i\" data-wc=\"4\"><strong data-gid=\"eyCZO0bfratv\">\u2014\u00bfD\u00f3nde guarda sus obras?<\/strong><\/p>\n<p class=\"HOLA-TEMAS_5a--TEXTO-NORMAL\" id=\"emqh4MJXpPfP\" data-wc=\"6\">\u2014En Miami, donde est\u00e1 la fundaci\u00f3n.<\/p>\n<blockquote class=\"ho-bl-1081603 -no-figcaption\" cite=\"\">\n<p id=\"e4QiyTa3_7H\">\u00abStudio 54 era como estar en una pel\u00edcula. Pasaban cosas tan extra\u00f1as\u2026 No todo el mundo estaba haciendo drogas ah\u00ed (en medio), pero t\u00fa lo sent\u00edas\u00bb<\/p>\n<\/blockquote>\n<p class=\"HOLA-TEMAS_5b--PREGUNTA-NEGRITA\" id=\"e4ItdJYZN-IV\" data-wc=\"17\"><strong data-gid=\"emNOiOP48UCg\">\u2014El arte le ha hecho conocer a gente fascinante. Como a los reyes de Espa\u00f1a, en ARCO.\u00a0<\/strong><\/p>\n<p class=\"HOLA-TEMAS_5a--TEXTO-NORMAL\" id=\"eXKNnBhwlxi0\" data-wc=\"58\">\u2014S\u00ed,<strong>\u00a0el a\u00f1o que me dieron un premio<\/strong>. Llegu\u00e9 tarde, pero el Rey se sali\u00f3 de la caminata para hablar conmigo. Es un caballero. Eso fue cuando ten\u00edamos firmado un acuerdo con el Gobierno de Espa\u00f1a para llevar la colecci\u00f3n a La Tabacalera, pero se dio al traste porque, <strong>desgraciadamente, los pol\u00edticos nunca piensan en el bien general.<\/strong><\/p>\n<p class=\"HOLA-TEMAS_5b--PREGUNTA-NEGRITA\" id=\"eM7PH2m3o3UX\" data-wc=\"4\"><strong data-gid=\"e5OV-v0ITSlK\">\u2014\u00bfAll\u00ed conoci\u00f3 al Rey?<\/strong><\/p>\n<p class=\"HOLA-TEMAS_5a--TEXTO-NORMAL\" id=\"eJcm7wOR0avi\" data-wc=\"29\">\u2014La primera vez fue hace siete a\u00f1os, <strong>en un concierto de Shakira, en Madrid<\/strong> (r\u00ede). Estaba con la Reina. Luego, le he visto m\u00e1s veces. Es especial, un se\u00f1or.<\/p>\n<p class=\"HOLA-TEMAS_5b--PREGUNTA-NEGRITA\" id=\"euC6mNCX0FiT\" data-wc=\"4\"><strong data-gid=\"esr8qmhLjUBb\">\u2014\u00bfC\u00f3mo conoci\u00f3 a Warhol?<\/strong><\/p>\n<p class=\"HOLA-TEMAS_5a--TEXTO-NORMAL\" id=\"e0yJ9VLHiSKd\" data-wc=\"50\">\u2014En el 78. Era la \u00e9poca del Studio 54 y de la locura de Nueva York con Bianca y Mick Jagger, Andy Warhol, Basquiat, Ru\u00adbell, Halston\u2026 No era mi pandilla, pero coincidimos en los mismos sitios.<strong>\u00a0La mayor\u00eda estaban en las drogas y yo no estaba en nada de eso.<\/strong><\/p>\n<p class=\"HOLA-TEMAS_5b--PREGUNTA-NEGRITA\" id=\"eYZQBTHMzLGP\" data-wc=\"4\"><strong data-gid=\"e4Ztn9aaU4UU\">\u2014\u00bfC\u00f3mo era desde fuera?<\/strong><\/p>\n<p class=\"HOLA-TEMAS_5a--TEXTO-NORMAL\" id=\"e6Voz_wnyk1W\" data-wc=\"20\">\u2014Studio 54 era como estar en una pel\u00edcula. <strong>Pasaban cosas tan extra\u00f1as\u2026\u00a0<\/strong>De pronto, aparec\u00eda un caballo entre el humo.<\/p>\n<p>  <img src=\"https:\/\/www.europesays.com\/es\/wp-content\/uploads\/2025\/08\/6285a436c4e7-168fbe934647-0f4ed5da588308737a5dfeaba9c7910e9cut.jpg\"   width=\"1080\" height=\"1800\" loading=\"lazy\" decoding=\"async\" alt=\"Media Image\" fetchpriority=\"auto\" class=\"image ho-image\"\/>\u00a9 Mauricio Domnelli<\/p>\n<p class=\"HOLA-TEMAS_5b--PREGUNTA-NEGRITA\" id=\"eWgflNn91n0G\" data-wc=\"11\"><strong data-gid=\"ejQf0N_ghA67\">\u2014S\u00ed, el m\u00edtico momento de Bianca Jagger entrando all\u00ed a caballo.<\/strong><\/p>\n<p class=\"HOLA-TEMAS_5a--TEXTO-NORMAL\" id=\"e5UnCGOYDGxg\" data-wc=\"20\">\u2014De pronto, hab\u00eda uno disfrazado\u2026. Otros con \u00abpoppers\u00bb.<strong>\u00a0No todo el mundo estaba haciendo drogas ah\u00ed, pero t\u00fa lo sent\u00edas.<\/strong><\/p>\n<p class=\"HOLA-TEMAS_5b--PREGUNTA-NEGRITA\" id=\"eJRewhQF-2lO\" data-wc=\"5\"><strong data-gid=\"eWoJQqTQW6Sr\">\u2014\u00bfQu\u00e9 le pareci\u00f3 Andy Warhol?<\/strong><\/p>\n<p class=\"HOLA-TEMAS_5a--TEXTO-NORMAL\" id=\"ePALUpRY2h6W\" data-wc=\"49\">\u2014Muy interesante. \u00cdbamos al mismo terapista en Nueva York, que hac\u00eda acupuntura y otros tratamientos. Warhol se sentaba frente a m\u00ed y no me levantaba la vista. Casi ni me hablaba. <strong>Era muy retra\u00eddo, pero, luego, no s\u00e9 si por drogas o qu\u00e9, le ve\u00eda animado en las fiestas<\/strong><\/p>\n<p class=\"HOLA-TEMAS_5b--PREGUNTA-NEGRITA\" id=\"eOcZmaIc2H_-\" data-wc=\"4\"><strong data-gid=\"e_7iZ9rh_aYT\">\u2014\u00bfLe compr\u00f3 alguna obra?<\/strong><\/p>\n<p class=\"HOLA-TEMAS_5a--TEXTO-NORMAL\" id=\"ezAjwWDdcjHA\" data-wc=\"86\">\u2014S\u00ed. Su pareja de entonces insist\u00eda para que me hiciera un retrato, pero esas caras me parec\u00edan tan extra\u00f1as que le dec\u00eda que me lo iba a pensar.<strong>\u00a0Un d\u00eda, me llev\u00f3 al estudio y sent\u00ed que ten\u00eda que comprar algo.<\/strong> Al final, me llev\u00e9 Sunrise Sunset, que son cuatro etapas del sol.<strong>\u00a0Me cost\u00f3 20.000 d\u00f3lares, que era mucho dinero en esa \u00e9poca.<\/strong> Pero un retrato costaba mucho m\u00e1s, como 50.000\u2026 <strong>Hoy valdr\u00eda 29 millones\u2026<\/strong> Ha sido el mayor arrepentimiento de mi vida\u2026 Qu\u00e9 tonta.<\/p>\n<blockquote class=\"ho-bl-1081603 -no-figcaption\" cite=\"\">\n<p id=\"edexVjZtBCL\">\u00abA Andy Warhol le compr\u00e9 una obra. Su pareja me insist\u00eda en que me hiciera un retrato, pero esas caras me parec\u00edan tan extra\u00f1as\u2026 Ha sido el mayor arrepentimiento de mi vida\u00bb<\/p>\n<\/blockquote>\n<p>De Fidel Castro a Trump<\/p>\n<p class=\"HOLA-TEMAS_5a--TEXTO-NORMAL\" id=\"eB8i2Q1RAXsM\" data-wc=\"51\">Mientras repasa su vida, Ella recuerda m\u00e1s y m\u00e1s an\u00e9cdotas con personalidades hist\u00f3ricos. Por ejemplo, fue bendecida por la<strong>\u00a0Madre Teresa de Calcuta en Nueva York: \u00abNos cruzamos en medio de una pista de aterrizaje, yo iba para mi avi\u00f3n. Le dije que la admiraba y me contest\u00f3: &#8216;Dios te bendice'\u00bb.\u00a0<\/strong><\/p>\n<p class=\"HOLA-TEMAS_5a--TEXTO-NORMAL\" id=\"eWtlgEniWoym\" data-wc=\"75\">O cuando llev\u00f3 en su jet\u00a0privado al presidente polaco Lech Wa\u0142esa a Caracas. \u00abEstuve en\u00a0Downing Street\u00a0con Tony Blair siendo primer ministro. Estaban sus hijos adolescentes. Uno era punk, con cresta, y la otra, igualita, tatuada\u00bb, nos relata. \u00abBlair me dijo: \u201c\u00bfQu\u00e9 hace uno cuando su hijo de trece a\u00f1os no se quiere ba\u00f1ar?\u201d. Le contest\u00e9 que pod\u00eda cogerlo por la oreja y meterlo en la ducha a la fuerza\u00bb, recuerda entre risas.<\/p>\n<p class=\"HOLA-TEMAS_5b--PREGUNTA-NEGRITA\" id=\"etEvMEABgVHP\" data-wc=\"4\"><strong data-gid=\"eh1hAiuh57h-\">\u2014Con Fidel Castro comi\u00f3.<\/strong><\/p>\n<p class=\"HOLA-TEMAS_5a--TEXTO-NORMAL\" id=\"efyQVxkR1DC6\" data-wc=\"101\">\u2014En el 89 o 90. Fue a trav\u00e9s de mi amiga Leyla Umar, que era una presentadora muy conocida de Turqu\u00eda y le entrevist\u00f3. Nos pele\u00e1bamos mucho, porque ella estaba fascinada. Un d\u00eda, <strong>Leyla me llam\u00f3 para invitarme a una comida con Fidel.<\/strong> Yo no quer\u00eda, pero mi marido me dijo:<strong>\u00a0\u00abEs interesante ver el otro lado del mundo opuesto al tuyo y ver c\u00f3mo la gente piensa\u00bb.\u00a0<\/strong>Al final, acept\u00e9\u2026 Llegu\u00e9 tarde al encuentro, porque el avi\u00f3n se retras\u00f3.<strong>\u00a0Fidel me dijo: \u00abNunca he esperado por nadie m\u00e1s de 15 minutos y por ti llevo 40. Pero vali\u00f3 la pena\u00bb.<\/strong><\/p>\n<p class=\"HOLA-TEMAS_5b--PREGUNTA-NEGRITA\" id=\"eRprGz99fJ1-\" data-wc=\"4\"><strong data-gid=\"eWiZZAfC7pSk\">\u2014\u00bfQu\u00e9 le pareci\u00f3 Fidel?<\/strong><\/p>\n<p class=\"HOLA-TEMAS_5a--TEXTO-NORMAL\" id=\"eI9Am2Q8GuNu\" data-wc=\"50\">\u2014Ten\u00ed<strong>a carisma y pod\u00eda convencerte hasta de comprar un zapato roto.<\/strong> Ten\u00eda ese control de las masas y de la gente. Era como una serpiente Luego, pens\u00e9: \u00ab\u00bfQu\u00e9 hago aqu\u00ed sentada, delante de este <strong>hombre que ha hecho tanto mal a tanta gente que yo quiero y a mi familia<\/strong>?\u00bb.<\/p>\n<p>  <img src=\"https:\/\/www.europesays.com\/es\/wp-content\/uploads\/2025\/08\/c4b7b81afff1-b4d576542c2d-32db220f7ef24f7be2d6df60a3ee20ce21cut-1.jpg\"   width=\"1080\" height=\"1800\" loading=\"lazy\" decoding=\"async\" alt=\"Nacida en Cuba, la coleccionista tambi\u00e9n tiene la nacionalidad espa\u00f1ola: &quot;Parte de mis abuelos eran de Tenerife. Otro naci\u00f3 en Camag\u00fcey, en Cuba, pero era hijo de catalanes, de cerca de Barcelona. De ah\u00ed el apellido Fontanals&quot;, nos explica antes de a\u00f1adir: &quot;La familia de mi abuela paterna era francesa. Mi bisabuelo, Julio Sanguily, fue un gran pr\u00f3cer de la independencia cubana&quot;\" fetchpriority=\"auto\" class=\"image ho-image\"\/>\u00a9 Mauricio DomnelliNacida en Cuba, la coleccionista tambi\u00e9n tiene la nacionalidad espa\u00f1ola: \u00abParte de mis abuelos eran de Tenerife. Otro naci\u00f3 en Camag\u00fcey, en Cuba, pero era hijo de catalanes, de cerca de Barcelona. De ah\u00ed el apellido Fontanals\u00bb, nos explica antes de a\u00f1adir: \u00abLa familia de mi abuela paterna era francesa. Mi bisabuelo, Julio Sanguily, fue un gran pr\u00f3cer de la independencia cubana\u00bb<\/p>\n<p class=\"HOLA-TEMAS_5b--PREGUNTA-NEGRITA\" id=\"ep-Nb33v6Zll\" data-wc=\"4\"><strong data-gid=\"e0ha7rtQ2C3R\">\u2014\u00bfC\u00f3mo conoci\u00f3 a Trump?<\/strong><\/p>\n<p class=\"HOLA-TEMAS_5a--TEXTO-NORMAL\" id=\"e6dPY0z4HEFS\" data-wc=\"61\">\u2014Ser\u00eda el a\u00f1o 89.<strong>\u00a0\u00c9ramos vecinos en la Trump Tower.\u00a0<\/strong>Yo ten\u00eda un d\u00faplex, en los pisos 62 y 63 y \u00e9l viv\u00eda encima, en el 64. Ivana era muy simp\u00e1tica y muy extravertida. Ten\u00eda un acento fort\u00edsimo, porque era checa. <strong>Ahora le oigo hablar a \u00e9l de los inmigrantes\u2026 \u00a1Si se ha casado con dos inmigrantes!\u00a0<\/strong>\u00a1Qu\u00e9 va a hablar!<\/p>\n<p class=\"HOLA-TEMAS_5b--PREGUNTA-NEGRITA\" id=\"eDGgan-g0QxE\" data-wc=\"10\"><strong data-gid=\"e-NEYQ7Ev6cK\">\u2014Tiene casas en Caracas, Miami, Madrid, Nueva York, La Habana\u2026<\/strong><\/p>\n<p class=\"HOLA-TEMAS_5a--TEXTO-NORMAL\" id=\"e6-mIukPx5Gs\" data-wc=\"116\">\u2014Tengo en Rep\u00fablica Dominicana, en Punta Cana, que es mi casa casa. Tambi\u00e9n tengo en Caracas, Miami y Madrid. En Caracas vivo en un penthouse.\u00a0Tengo otra casa all\u00ed, pero es enorme. \u00bfQuince mil metros de terreno para mi pareja y para m\u00ed? La de Nueva York la vend\u00ed despu\u00e9s de la pandemia porque casi no iba. Y la de La Habana la cerr\u00e9 hace como diez a\u00f1os. Era muy bonita y era lugar de reuni\u00f3n de artistas, pero eso me trajo consecuencias en 2017 o 2018. Empez\u00f3 toda esta revoluci\u00f3n de los artistas en Cuba, los disidentes, y las autoridades pensaron que yo les estaba ayudando. Como se puso la cosa muy tensa, decid\u00ed irme.<\/p>\n<p>  <img src=\"https:\/\/www.europesays.com\/es\/wp-content\/uploads\/2025\/08\/2a97136ea38d-0ed69f584d1bc8ee6c6371452a211edaellafontanals1732046417350498183947732103622.jpg\"   width=\"1080\" height=\"1080\" loading=\"lazy\" decoding=\"async\" alt=\"ELLA FONTANALS-CISNEROS REPASA CON &quot;\u00a1HOLA!&quot; SU FASCINANTE VIDA: AMOR, ARTE Y\u00a0ENCUENTROS CON\u00a0PERSONAJES HIST\u00d3RICOS \" fetchpriority=\"auto\" class=\"image ho-image\"\/>\u00a9 \u00a9ellafontanalsElla, en una imagen de archivo, tomada en Caracas, en la d\u00e9cada de los 70<\/p>\n<p>Su incidente con Lomana<\/p>\n<p class=\"HOLA-TEMAS_5b--PREGUNTA-NEGRITA\" id=\"edhmFJFyorDN\" data-wc=\"4\"><strong data-gid=\"e3nMJfvyaW6z\">\u2014\u00bfViene mucho a Espa\u00f1a?<\/strong><\/p>\n<p class=\"HOLA-TEMAS_5a--TEXTO-NORMAL\" id=\"eJ3ujotDCgRe\" data-wc=\"6\">\u2014Paso como<strong>\u00a0cuatro meses al a\u00f1o.<\/strong><\/p>\n<p class=\"HOLA-TEMAS_5b--PREGUNTA-NEGRITA\" id=\"eAZll9vZqQgw\" data-wc=\"12\"><strong data-gid=\"eabgcAFLUSQ5\">\u2014En Madrid, viv\u00eda en la casa que perteneci\u00f3 a la familia March.<\/strong><\/p>\n<p class=\"HOLA-TEMAS_5a--TEXTO-NORMAL\" id=\"eJaE3AsehvfN\" data-wc=\"46\">\u2014S\u00ed, en la calle Fortuny. <a class=\"hm-link\" href=\"https:\/\/www.hola.com\/actualidad\/20250416826797\/carmen-lomana-supervivientes\/\" data-mrf-recirculation=\"article-body-link\" rel=\"nofollow noopener\" target=\"_blank\">Tuve un problema con mi vecina, que ya sabe qui\u00e9n es\u2026 (Carmen Lomana). No la resist\u00eda.\u00a0<\/a>Me esperaba todos los d\u00edas en la puerta porque quer\u00eda que yo la invitara a mi casa. \u00bfEstamos locos?<strong>\u00a0\u00a1Con todo lo que me hizo!<\/strong><\/p>\n<p class=\"HOLA-TEMAS_5b--PREGUNTA-NEGRITA\" id=\"eqId7tHmqLP3\" data-wc=\"12\"><strong data-gid=\"eLIgtWhvV7g3\">\u2014\u00bfDespu\u00e9s de las obras en su casa, que inundaron la de ella?<\/strong><\/p>\n<p class=\"HOLA-TEMAS_5a--TEXTO-NORMAL\" id=\"eVysRr6d1KUR\" data-wc=\"74\">\u2014Se rompi\u00f3 una ca\u00f1er\u00eda y el agua lleg\u00f3 a su casa, pero no hubo tal inundaci\u00f3n.<strong>\u00a0Ella no estaba en ese momento, pero mi constructor entr\u00f3 a la casa y tom\u00f3 fotograf\u00edas de todo.<\/strong> Pudieron haberse mojado algunas carteras, pero que estaba todo flotando\u2026 <strong>Era todo mentira para sacar dinero. Le sacaron 250.000 a mi constructor.<\/strong> Como hicimos un arreglo de la decoraci\u00f3n sin permiso, se aprovech\u00f3. Empezaron a llamarme de todos los medios.\u00a0<\/p>\n<p class=\"HOLA-TEMAS_5a--TEXTO-NORMAL\" id=\"ehRuQ1Jdirm\" data-wc=\"66\">Un d\u00eda, me esper\u00f3 en la escalera y <strong>me dijo que le pidiera perd\u00f3n. \u00a1Ya se lo hab\u00eda pedido y enviado flores!\u00a0<\/strong>\u00bfQu\u00e9 m\u00e1s quer\u00eda? Empez\u00f3 a llamar al Ayuntamiento para que hicieran revisiones\u2026 <strong>Me cans\u00e9 y me cambi\u00e9 de casa.<\/strong> Quer\u00eda una con una terraza y me compr\u00e9 <strong>un piso en la calle Alcal\u00e1, que es el que estoy remodelando ahora. Tengo otra en Vel\u00e1zquez.<\/strong><\/p>\n<p>  <img src=\"https:\/\/www.europesays.com\/es\/wp-content\/uploads\/2025\/08\/6788c7469c11-6e2b87edd2a4-7b95a7a5a94315890c32be713837c4c4ellafontanals1620591270257002830470.jpg\"   width=\"2500\" height=\"2027\" loading=\"lazy\" decoding=\"async\" alt=\"Con las tres hijas que tuvo durante su matrimonio con Oswaldo Cisneros (de izquierda a derecha): Claudia \u2014que estuvo casada con un hijo de Cristina Macaya\u2014, Marisa y Mariela\" fetchpriority=\"auto\" class=\"image ho-image\"\/>\u00a9 \u00a9ellafontanalsCon las tres hijas que tuvo durante su matrimonio con Oswaldo Cisneros (de izquierda a derecha): Claudia \u2014que estuvo casada con un hijo de Cristina Macaya\u2014, Marisa y Mariela<\/p>\n<p class=\"HOLA-TEMAS_5b--PREGUNTA-NEGRITA\" id=\"egxgYdAlVt64\" data-wc=\"9\"><strong data-gid=\"ebJLOwiEuC9k\">\u2014Cristina Macaya fue gran amiga suya, adem\u00e1s de consuegra.<\/strong><\/p>\n<p class=\"HOLA-TEMAS_5a--TEXTO-NORMAL\" id=\"eM0IFZwJjKLJ\" data-wc=\"47\">\u2014<a class=\"hm-link\" href=\"https:\/\/www.hola.com\/actualidad\/20230303227481\/cristina-macaya-fallece-filantropa-expareja-placido-arango\/\" data-mrf-recirculation=\"article-body-link\" rel=\"nofollow noopener\" target=\"_blank\">Nos conocimos a trav\u00e9s Pl\u00e1cido Arango, expareja de Cristina, porque \u00e9l era coleccionista.<\/a> Despu\u00e9s, <strong>mi hija se cas\u00f3 con un hijo suyo, Javier Macaya.<\/strong> Los dos se reencontraron en Venezuela cuando mi marido estaba vendiendo la compa\u00f1\u00eda Pepsi-Cola. Javier trabajaba en el banco que hac\u00eda de mediador.<\/p>\n<p class=\"HOLA-TEMAS_5b--PREGUNTA-NEGRITA\" id=\"eBxb9W1v_mVT\" data-wc=\"6\"><strong data-gid=\"eFBRlMx1Uaek\">\u2014Antes me hablaba de su pareja.<\/strong><\/p>\n<p class=\"HOLA-TEMAS_5a--TEXTO-NORMAL\" id=\"ecq4UikZ9OF-\" data-wc=\"46\">\u2014S\u00ed, se llama <strong>Ram\u00f3n Calder\u00edos.<\/strong> Es cubano. Nos conocimos por su sobrina, la esposa de Marcos Castillo, que es una gran amiga m\u00eda.<strong>\u00a0\u00c9l es m\u00e9dico y me ayud\u00f3 much\u00edsimo cuando alguien que yo quer\u00eda mucho enferm\u00f3 y se muri\u00f3.\u00a0<\/strong>Poco a poco, empezamos a vernos.<\/p>\n<p class=\"HOLA-TEMAS_5b--PREGUNTA-NEGRITA\" id=\"eeJ8a1sUC0w_\" data-wc=\"4\"><strong data-gid=\"ewa62Kd95snf\">\u2014\u00bfCu\u00e1ndo surgi\u00f3 la relaci\u00f3n?<\/strong><\/p>\n<p class=\"HOLA-TEMAS_5a--TEXTO-NORMAL\" id=\"eankrM-lfhS2\" data-wc=\"45\">\u2014<strong>Va a hacer ocho a\u00f1os. Vivimos juntos en Rep\u00fablica Dominicana.<\/strong> Soy muy independiente, pero compartir la vida con alguien que t\u00fa quieres, que te quiere y que, adem\u00e1s, <strong>es persona buena, de buen coraz\u00f3n\u2026<\/strong> Eso es maravilloso. Adem\u00e1s, todo lo que haces, luego, sale mejor.<\/p>\n<p class=\"HOLA-TEMAS_5b--PREGUNTA-NEGRITA\" id=\"eyrXFKdoXoiy\" data-wc=\"8\"><strong data-gid=\"ezehIumubu8k\">\u2014Una \u00faltima pregunta: \u00bfel dinero da la felicidad?<\/strong><\/p>\n<p class=\"HOLA-TEMAS_5a--TEXTO-NORMAL\" id=\"e0ILzvDv6RFY\" data-wc=\"36\">\u2014Para nada.<strong>\u00a0El dinero no es la felicidad<\/strong>. La manera de ver la vida, que es algo interno,<strong>\u00a0es lo que te hace feliz o no.<\/strong> No depende de lo exterior, del dinero o de alguien\u2026<\/p>\n<p class=\"HOLA-TEMAS_5b--PREGUNTA-NEGRITA\" id=\"e2TSSr9ep8mD\" data-wc=\"13\"><strong data-gid=\"eEfjoY2em7A7\">\u2014El dinero no dar\u00e1 la felicidad, pero \u00bfno ayuda a acercarse a ella?<\/strong><\/p>\n<p class=\"HOLA-TEMAS_5a--TEXTO-NORMAL\" id=\"eUM29_HLA4Kd\" data-wc=\"21\">\u2014Eso s\u00ed es verdad. Pero tambi\u00e9n es<strong>\u00a0la manera en la que te posicionas.<\/strong> Hay gente muy feliz con muy poco.<\/p>\n","protected":false},"excerpt":{"rendered":"Ella\u00a0Fontanals-Cisneros\u00a0tiene una vida que parece una novela.\u00a0Considerada una de las mayores coleccionistas del mundo, naci\u00f3 en La Habana,&hellip;\n","protected":false},"author":2,"featured_media":53031,"comment_status":"","ping_status":"","sticky":false,"template":"","format":"standard","meta":{"footnotes":""},"categories":[174],"tags":[3900,517,255,3899,146,147,25,24,256,23],"class_list":{"0":"post-53030","1":"post","2":"type-post","3":"status-publish","4":"format-standard","5":"has-post-thumbnail","7":"category-famosos","8":"tag-hola","9":"tag-actualidad","10":"tag-celebrities","11":"tag-contenido-sensible","12":"tag-entertainment","13":"tag-entretenimiento","14":"tag-es","15":"tag-espana","16":"tag-famosos","17":"tag-spain"},"share_on_mastodon":{"url":"","error":""},"_links":{"self":[{"href":"https:\/\/www.europesays.com\/es\/wp-json\/wp\/v2\/posts\/53030","targetHints":{"allow":["GET"]}}],"collection":[{"href":"https:\/\/www.europesays.com\/es\/wp-json\/wp\/v2\/posts"}],"about":[{"href":"https:\/\/www.europesays.com\/es\/wp-json\/wp\/v2\/types\/post"}],"author":[{"embeddable":true,"href":"https:\/\/www.europesays.com\/es\/wp-json\/wp\/v2\/users\/2"}],"replies":[{"embeddable":true,"href":"https:\/\/www.europesays.com\/es\/wp-json\/wp\/v2\/comments?post=53030"}],"version-history":[{"count":0,"href":"https:\/\/www.europesays.com\/es\/wp-json\/wp\/v2\/posts\/53030\/revisions"}],"wp:featuredmedia":[{"embeddable":true,"href":"https:\/\/www.europesays.com\/es\/wp-json\/wp\/v2\/media\/53031"}],"wp:attachment":[{"href":"https:\/\/www.europesays.com\/es\/wp-json\/wp\/v2\/media?parent=53030"}],"wp:term":[{"taxonomy":"category","embeddable":true,"href":"https:\/\/www.europesays.com\/es\/wp-json\/wp\/v2\/categories?post=53030"},{"taxonomy":"post_tag","embeddable":true,"href":"https:\/\/www.europesays.com\/es\/wp-json\/wp\/v2\/tags?post=53030"}],"curies":[{"name":"wp","href":"https:\/\/api.w.org\/{rel}","templated":true}]}}