{"id":530310,"date":"2026-05-03T04:41:17","date_gmt":"2026-05-03T04:41:17","guid":{"rendered":"https:\/\/www.europesays.com\/es\/530310\/"},"modified":"2026-05-03T04:41:17","modified_gmt":"2026-05-03T04:41:17","slug":"la-descomunal-cantidad-de-gafas-que-uso-daniel-radcliffe-haciendo-las-ocho-peliculas-de-harry-potter-noticias-de-cine","status":"publish","type":"post","link":"https:\/\/www.europesays.com\/es\/530310\/","title":{"rendered":"La descomunal cantidad de gafas que us\u00f3 Daniel Radcliffe haciendo las ocho pel\u00edculas de &#8216;Harry Potter&#8217; &#8211; Noticias de cine"},"content":{"rendered":"<p>El actor dio vida al mago a lo largo de toda la franquicia y las lentes son un elemento muy caracter\u00edstico del personaje<\/p>\n<p class=\"bo-p\">La saga <b>Harry Potter<\/b> tiene muchos elementos caracter\u00edsticos. Desde las varitas hasta la snitch, el mundo de magia creado por <a href=\"https:\/\/www.sensacine.com\/actores\/actor-68219\/\" class=\"bo-link\" rel=\"nofollow noopener\" target=\"_blank\">J.K. Rowling<\/a> es tan amplio que parece inabarcable. Pero, en el desarrollo de las pel\u00edculas de la franquicia, hubo otro objeto clave en la apariencia del protagonista en el que igual no has pensado tanto: las<b> gafas<\/b>.<\/p>\n<p class=\"bo-p\"><a href=\"https:\/\/www.sensacine.com\/actores\/actor-61009\/\" class=\"bo-link\" rel=\"nofollow noopener\" target=\"_blank\">Daniel Radcliffe<\/a> dio vida al mago en las ocho entregas de la saga. Debut\u00f3 en <a href=\"https:\/\/www.sensacine.com\/peliculas\/pelicula-29276\/\" class=\"bo-link\" rel=\"nofollow noopener\" target=\"_blank\">La piedra filosofal<\/a> (2001) y termin\u00f3 su andadura en <a href=\"https:\/\/www.sensacine.com\/peliculas\/pelicula-134925\/\" class=\"bo-link\" rel=\"nofollow noopener\" target=\"_blank\">Las Reliquias de la Muerte: Parte 2<\/a> (2011). Uno de los datos m\u00e1s sorprendentes de la franquicia es la descomunal cantidad de gafas que llev\u00f3 en total a lo largo de toda la saga. Como recoge THR: nada m\u00e1s y nada menos que <b>160 pares<\/b>.<\/p>\n<p class=\"bo-p\">Si hacemos c\u00e1lculos, Radcliffe utiliz\u00f3 una <b>media de 20 pares por entrega<\/b>. Seguramente alguna pel\u00edcula necesit\u00f3 m\u00e1s, ya que, en ocasiones, las gafas no son solo una caracter\u00edstica del personaje, sino que tambi\u00e9n forman parte de la acci\u00f3n. En algunas escenas, se rompen o cambian por efecto de alg\u00fan hechizo. Adem\u00e1s, teniendo en cuenta las escenas de acci\u00f3n, es probable que algunas terminaran da\u00f1adas durante las grabaciones y hubiera que reemplazarlas.<\/p>\n<p>    <a class=\"cms-see-also\" data-title=\"Link relacionado\" href=\"https:\/\/www.sensacine.com\/noticias\/cine\/noticia-1000200326\/\" rel=\"nofollow noopener\" target=\"_blank\">Daniel Radcliffe se sorprende a s\u00ed mismo al elegir su pel\u00edcula favorita de &#8216;Harry Potter&#8217;: \u00abEstoy fascinado. No lo habr\u00eda dicho ahora si&#8230;\u00bb<\/a><br \/>\nAlergia a las gafas<\/p>\n<p>                                <img loading=\"lazy\" decoding=\"async\" class=\"article-figure-img\" daniel=\"\" rsdcliffe=\"\" como=\"\" harry=\"\" potter=\"\" src=\"https:\/\/www.europesays.com\/es\/wp-content\/uploads\/2026\/05\/420b447061f360991b729596237a5117.jpg\" width=\"640\" height=\"320\" alt=\"Daniel Rsdcliffe como Harry Potter\"\/><\/p>\n<p>                                    Warner Bros.<\/p>\n<p>                    Daniel Rsdcliffe como Harry Potter<\/p>\n<p class=\"bo-p\">Curiosamente, cuando Radcliffe empez\u00f3 a usar las gafas, result\u00f3 ser al\u00e9rgico a ellas. Bueno, en realidad, al <b>n\u00edquel <\/b>que conten\u00edan las primeras versiones. \u00abMe puse las gafas y, al final, nos dimos cuenta de que era al\u00e9rgico a ellas\u00bb, dijo en un encuentro con Rowling en 2011.<\/p>\n<p class=\"bo-p\">\u00abTen\u00eda alergia a las gafas de Harry Potter porque <b>me hab\u00edan salido dos anillos de puntos blancos y granitos alrededor de los ojos<\/b>. Tardamos aproximadamente una semana en darnos cuenta de que, en realidad, eran las gafas.\u00bb Tras darse cuenta del problema, fueron reemplazadas por unas hipoalerg\u00e9nicas. <\/p>\n<p class=\"bo-p\">Harry Potter vuelve 15 a\u00f1os despu\u00e9s de Las Reliquias de la Muerte: Parte 2 con una serie. <a href=\"https:\/\/www.sensacine.com\/series\/serie-28244\/\" class=\"bo-link\" rel=\"nofollow noopener\" target=\"_blank\">Harry Potter<\/a> se estrena esta Navidad en <a href=\"https:\/\/www.sensacine.com\/streaming\/hbo-max\/\" class=\"bo-link\" rel=\"nofollow noopener\" target=\"_blank\">HBO Max<\/a> y cuenta la misma historia que las pel\u00edculas, aunque en otro formato. <a href=\"https:\/\/www.sensacine.com\/actores\/actor-1000044413\/\" class=\"bo-link\" rel=\"nofollow noopener\" target=\"_blank\">Dominic McLaughlin<\/a> dar\u00e1 vida al protagonista, <a href=\"https:\/\/www.sensacine.com\/actores\/actor-1000044416\/\" class=\"bo-link\" rel=\"nofollow noopener\" target=\"_blank\">Alastair Stout<\/a> interpretar\u00e1 a <b>Ron Weasley<\/b> y <a href=\"https:\/\/www.sensacine.com\/actores\/actor-1000044414\/\" class=\"bo-link\" rel=\"nofollow noopener\" target=\"_blank\">Arabella Stanton<\/a> a<b> Hermione Granger<\/b>.<\/p>\n","protected":false},"excerpt":{"rendered":"El actor dio vida al mago a lo largo de toda la franquicia y las lentes son un&hellip;\n","protected":false},"author":2,"featured_media":530311,"comment_status":"","ping_status":"","sticky":false,"template":"","format":"standard","meta":{"footnotes":""},"categories":[169],"tags":[8289,177,146,147,25,24,10962,176,104288,101379,175,23],"class_list":["post-530310","post","type-post","status-publish","format-standard","has-post-thumbnail","category-cine","tag-aventuras","tag-cine","tag-entertainment","tag-entretenimiento","tag-es","tag-espana","tag-fantasia","tag-film","tag-gafas_daniel_radcliffe","tag-harry_potter","tag-movies","tag-spain"],"share_on_mastodon":{"url":"https:\/\/pubeurope.com\/@es\/116508812518051828","error":""},"_links":{"self":[{"href":"https:\/\/www.europesays.com\/es\/wp-json\/wp\/v2\/posts\/530310","targetHints":{"allow":["GET"]}}],"collection":[{"href":"https:\/\/www.europesays.com\/es\/wp-json\/wp\/v2\/posts"}],"about":[{"href":"https:\/\/www.europesays.com\/es\/wp-json\/wp\/v2\/types\/post"}],"author":[{"embeddable":true,"href":"https:\/\/www.europesays.com\/es\/wp-json\/wp\/v2\/users\/2"}],"replies":[{"embeddable":true,"href":"https:\/\/www.europesays.com\/es\/wp-json\/wp\/v2\/comments?post=530310"}],"version-history":[{"count":0,"href":"https:\/\/www.europesays.com\/es\/wp-json\/wp\/v2\/posts\/530310\/revisions"}],"wp:featuredmedia":[{"embeddable":true,"href":"https:\/\/www.europesays.com\/es\/wp-json\/wp\/v2\/media\/530311"}],"wp:attachment":[{"href":"https:\/\/www.europesays.com\/es\/wp-json\/wp\/v2\/media?parent=530310"}],"wp:term":[{"taxonomy":"category","embeddable":true,"href":"https:\/\/www.europesays.com\/es\/wp-json\/wp\/v2\/categories?post=530310"},{"taxonomy":"post_tag","embeddable":true,"href":"https:\/\/www.europesays.com\/es\/wp-json\/wp\/v2\/tags?post=530310"}],"curies":[{"name":"wp","href":"https:\/\/api.w.org\/{rel}","templated":true}]}}