{"id":53035,"date":"2025-08-17T07:08:10","date_gmt":"2025-08-17T07:08:10","guid":{"rendered":"https:\/\/www.europesays.com\/es\/53035\/"},"modified":"2025-08-17T07:08:10","modified_gmt":"2025-08-17T07:08:10","slug":"critica-de-la-pelicula-materialistas-el-mercado-del-amor","status":"publish","type":"post","link":"https:\/\/www.europesays.com\/es\/53035\/","title":{"rendered":"Cr\u00edtica de la pel\u00edcula &#8216;Materialistas&#8217;: el mercado del amor"},"content":{"rendered":"<p>            Cr\u00edtica de la pel\u00edcula &#8216;Materialistas&#8217;: el mercado del amor                <\/p>\n<p>Cr\u00edtica de la pel\u00edcula &#8216;Materialistas&#8217;: el mercado del amor<\/p>\n<p>                    Exclusivo suscriptoresOPINI\u00d3N<\/p>\n<p class=\"paragraph\">Celine Song debut\u00f3 con <b>\u2018Vidas pasadas\u2019<\/b> (2023), obra sobre los sentimientos que se reactivan y que siempre han estado ah\u00ed, lo que se deja atr\u00e1s, lo que cambia y avanza, el lugar al que llevan las metas vitales y lo que los reencuentros remueven en medio de los contextos que uno ha construido. Lleno de fluir emocional, con tono propio, simbolismo respecto al sentir de una inmigrante coreana en Estados Unidos y el componente de las historias neoyorkinas, el drama fue nominado a los \u00f3scar a mejor pel\u00edcula y mejor guion original. En <b>\u2018Materialistas\u2019, <\/b>su segundo filme, la directora se\u00f1ala que las expectativas y los requisitos f\u00edsicos y econ\u00f3micos que intervienen en las citas y al conocer a las personas han acabado por mercantilizar las relaciones y el amor. Su atractivo y sofisticaci\u00f3n conceptual, su intenci\u00f3n cr\u00edtica y reflexiva y la combinaci\u00f3n de esta base con los rasgos y elementos acordes a lo que se espera de una comedia rom\u00e1ntica con <b>Dakota Johnson, Chris Evans <\/b>y el omnipresente <a href=\"https:\/\/www.heraldo.es\/noticias\/opinion\/2025\/08\/02\/la-nueva-masculinidad-carmen-puyo-1844005.html\" title=\"La nueva masculinidad\" rel=\"nofollow noopener\" target=\"_blank\">Pedro Pascal<\/a> atestiguan su valor cinematogr\u00e1fico aunque su desarrollo posterior sea menos seductor y encierre imperfecciones.<\/p>\n<p>            Conforme a los criterios de<br \/>\n            <a class=\"trustproject_img\" id=\"trustproject_img\" href=\"https:\/\/thetrustproject.org\/\" target=\"_blank\" rel=\"nofollow noopener\" aria-label=\"Trust Project\"><img decoding=\"async\" loading=\"lazy\" src=\"https:\/\/www.heraldo.es\/images\/Trust-Logo-Horizontal.svg\" alt=\"Logo Trust Project\" width=\"200\" height=\"34\"\/><\/a><\/p>\n<p>        <a href=\"https:\/\/www.henneo.com\/\" title=\"Grupo Henneo\" class=\"logo\" rel=\"nofollow noopener\" target=\"_blank\"><br \/>\n            <img decoding=\"async\" src=\"https:\/\/www.heraldo.es\/images\/logo_henneo_gris.svg\" alt=\"Logo Henneo\" width=\"559\" height=\"389\" loading=\"lazy\"\/><br \/>\n        <\/a><\/p>\n<p>\u00a9 HERALDO DE ARAGON EDITORA, S.L.U.<br \/>Tel\u00e9fono 976 765 000 \/ &#8211; P\u00ba. Independencia, 29, 50001 Zaragoza &#8211; CIF: B99288763 &#8211; Inscrita en el Registro Mercantil de Zaragoza al Tomo 3796, Libro 0, Folio 177, Secci\u00f3n 8, Hoja Z-50564<br \/>Queda prohibida toda reproducci\u00f3n sin permiso escrito de la empresa a los efectos del art\u00edculo 32.1, p\u00e1rrafo segundo, de la Ley de Propiedad Intelectual<\/p>\n<p>\n                P\u00ba Independencia, 29, 50001 Zaragoza<br \/> Tel\u00e9fono 976 765 000\n            <\/p>\n<p>                    Actualmente tu navegador no permite ejecutar JavaScript. Para poder disfrutar de nuestro contenido es necesario que lo permita.<br \/>\n                                        <img decoding=\"async\" loading=\"lazy\" alt=\"Heraldo logo\" src=\"https:\/\/dkumiip2e9ary.cloudfront.net\/xalok\/heraldo\/especiales\/hola-de-nuevo\/logo-heraldo.svg\" width=\"215\" height=\"43\"\/><\/p>\n","protected":false},"excerpt":{"rendered":"Cr\u00edtica de la pel\u00edcula &#8216;Materialistas&#8217;: el mercado del amor Cr\u00edtica de la pel\u00edcula &#8216;Materialistas&#8217;: el mercado del amor&hellip;\n","protected":false},"author":2,"featured_media":53036,"comment_status":"","ping_status":"","sticky":false,"template":"","format":"standard","meta":{"footnotes":""},"categories":[169],"tags":[1733,177,1497,146,147,25,24,176,22751,1239,175,1257,23],"class_list":{"0":"post-53035","1":"post","2":"type-post","3":"status-publish","4":"format-standard","5":"has-post-thumbnail","7":"category-cine","8":"tag-amor","9":"tag-cine","10":"tag-critica","11":"tag-entertainment","12":"tag-entretenimiento","13":"tag-es","14":"tag-espana","15":"tag-film","16":"tag-materialistas","17":"tag-mercado","18":"tag-movies","19":"tag-pelicula","20":"tag-spain"},"share_on_mastodon":{"url":"","error":""},"_links":{"self":[{"href":"https:\/\/www.europesays.com\/es\/wp-json\/wp\/v2\/posts\/53035","targetHints":{"allow":["GET"]}}],"collection":[{"href":"https:\/\/www.europesays.com\/es\/wp-json\/wp\/v2\/posts"}],"about":[{"href":"https:\/\/www.europesays.com\/es\/wp-json\/wp\/v2\/types\/post"}],"author":[{"embeddable":true,"href":"https:\/\/www.europesays.com\/es\/wp-json\/wp\/v2\/users\/2"}],"replies":[{"embeddable":true,"href":"https:\/\/www.europesays.com\/es\/wp-json\/wp\/v2\/comments?post=53035"}],"version-history":[{"count":0,"href":"https:\/\/www.europesays.com\/es\/wp-json\/wp\/v2\/posts\/53035\/revisions"}],"wp:featuredmedia":[{"embeddable":true,"href":"https:\/\/www.europesays.com\/es\/wp-json\/wp\/v2\/media\/53036"}],"wp:attachment":[{"href":"https:\/\/www.europesays.com\/es\/wp-json\/wp\/v2\/media?parent=53035"}],"wp:term":[{"taxonomy":"category","embeddable":true,"href":"https:\/\/www.europesays.com\/es\/wp-json\/wp\/v2\/categories?post=53035"},{"taxonomy":"post_tag","embeddable":true,"href":"https:\/\/www.europesays.com\/es\/wp-json\/wp\/v2\/tags?post=53035"}],"curies":[{"name":"wp","href":"https:\/\/api.w.org\/{rel}","templated":true}]}}