{"id":53041,"date":"2025-08-17T07:11:09","date_gmt":"2025-08-17T07:11:09","guid":{"rendered":"https:\/\/www.europesays.com\/es\/53041\/"},"modified":"2025-08-17T07:11:09","modified_gmt":"2025-08-17T07:11:09","slug":"5-conjuntos-monocolor-de-zara-ideales-para-la-vuelta-a-la-oficina","status":"publish","type":"post","link":"https:\/\/www.europesays.com\/es\/53041\/","title":{"rendered":"5 conjuntos monocolor de Zara ideales para la vuelta a la oficina"},"content":{"rendered":"<p data-journey-content=\"true\" data-node-id=\"0\" class=\"css-i9p093 emevuu60\">Con el mes de septiembre a la vuelta de la esquina resulta imposible no pensar en la vuelta a la rutina. Para muchos, es el mes de los nuevos comienzos: estudios, trabajos, gimnasio, proyectos&#8230; Y, por lo tanto, tambi\u00e9n el momento perfecto para renovar nuestros armarios con todo lo necesario para la pr\u00f3xima temporada.<\/p>\n<p data-journey-content=\"true\" data-node-id=\"1\" class=\"css-i9p093 emevuu60\">\u00bfY qu\u00e9 hacemos sobre todo cuando volvemos a esa normalidad? Trabajar. Por desgracia. Pero ojo, porque esa vuelta al trabajo puede ser mucho m\u00e1s alegre de lo que imaginas. Tan solo tienes que comprarte un buen &#8216;outfit&#8217; \u2014o dos\u2014 para ver septiembre con ilusi\u00f3n y, de paso, ser <strong data-node-id=\"1.1\"><a href=\"https:\/\/www.elle.com\/es\/moda\/streetstyle\/a63302619\/como-vestir-vuelta-oficina\/\" data-vars-ga-outbound-link=\"https:\/\/www.elle.com\/es\/moda\/streetstyle\/a63302619\/como-vestir-vuelta-oficina\/\" data-vars-ga-ux-element=\"Hyperlink\" data-vars-ga-call-to-action=\"la mejor vestida de la oficina\" data-node-id=\"1.1.0\" class=\"body-link css-103hk4r emevuu60\" rel=\"nofollow noopener\" target=\"_blank\">la mejor vestida de la oficina<\/a>.<\/strong><\/p>\n<p data-journey-content=\"true\" data-node-id=\"2\" class=\"css-i9p093 emevuu60\">\u00bfD\u00f3nde podemos encontrar los mejores looks de oficina de la temporada? Por supuesto, en <strong data-node-id=\"2.1\"><a href=\"https:\/\/www.elle.com\/es\/moda\/noticias\/a65562638\/novedades-zara-vestidos-conjuntos-monocolor-tendencias-otono-2025\/\" data-vars-ga-outbound-link=\"https:\/\/www.elle.com\/es\/moda\/noticias\/a65562638\/novedades-zara-vestidos-conjuntos-monocolor-tendencias-otono-2025\/\" data-vars-ga-ux-element=\"Hyperlink\" data-vars-ga-call-to-action=\"las novedades de Zara\" data-node-id=\"2.1.0\" class=\"body-link css-103hk4r emevuu60\" rel=\"nofollow noopener\" target=\"_blank\">las novedades de Zara<\/a>.<\/strong> Y ojo, porque lo mejor es que est\u00e1n inspirados en las<strong data-node-id=\"2.3\"> <a href=\"https:\/\/www.elle.com\/es\/moda\/noticias\/a65487825\/tendencias-en-zapatillas-deportivas-de-otono-2025-adidas-nike-skechers-new-balance\/\" data-vars-ga-outbound-link=\"https:\/\/www.elle.com\/es\/moda\/noticias\/a65487825\/tendencias-en-zapatillas-deportivas-de-otono-2025-adidas-nike-skechers-new-balance\/\" data-vars-ga-ux-element=\"Hyperlink\" data-vars-ga-call-to-action=\"tendencias oto\u00f1o 2025\" data-node-id=\"2.3.1\" class=\"body-link css-103hk4r emevuu60\" rel=\"nofollow noopener\" target=\"_blank\">tendencias oto\u00f1o 2025<\/a><\/strong> m\u00e1s comentadas de las pasarelas. Desde los &#8216;total looks&#8217; denim que han conquistado las colecciones de importantes marcas de moda como<strong data-node-id=\"2.5\"> Chanel o Coperni<\/strong>, hasta los conjuntos de chaleco y pantalones de vestir que hemos visto en l\u00edneas como las de <strong data-node-id=\"2.7\">Nina Ricci o Max Mara.<\/strong><\/p>\n<p>5 &#8216;total looks&#8217; de Zara para vestir bien en la vuelta a la oficina<\/p>\n<p data-journey-content=\"true\" data-node-id=\"5\" class=\"css-i9p093 emevuu60\">Zara se ha adelantado al oto\u00f1o 2025 y nos ha tra\u00eddo en pleno mes de agosto los que, seguro, van a convertirse en<strong data-node-id=\"5.1\"> los <a href=\"https:\/\/www.elle.com\/es\/moda\/compras-elle\/a64564348\/conjuntos-coordinados-comodos-elegantes\/\" data-vars-ga-outbound-link=\"https:\/\/www.elle.com\/es\/moda\/compras-elle\/a64564348\/conjuntos-coordinados-comodos-elegantes\/\" data-vars-ga-ux-element=\"Hyperlink\" data-vars-ga-call-to-action=\"conjuntos monocolor\" data-node-id=\"5.1.1\" class=\"body-link css-103hk4r emevuu60\" rel=\"nofollow noopener\" target=\"_blank\">conjuntos monocolor<\/a> favoritos de las que m\u00e1s saben de moda para ir elegantes (y c\u00f3modas) a la oficina. <\/strong><\/p>\n<p data-journey-content=\"true\" data-node-id=\"6\" class=\"css-i9p093 emevuu60\">Conjuntos ideales que, apenas llevan unas horas en la grande de Inditex, pero que ya est\u00e1n arrasando en todas las tallas por sus dise\u00f1os muy elegantes y sus precios s\u00faper econ\u00f3micos. Estos son los m\u00e1s virales.<\/p>\n<p>Conjunto vaquero de top y pantal\u00f3n (35,95 \u20ac y 29,95 \u20ac)Conjunto denim de top halter y pantalones anchos (39,95 \u20ac y 39,95 \u20ac)Conjunto beige de chaleco y pantal\u00f3n (27,95 \u20ac y 29,95 \u20ac)Conjunto camisa safari y pantalones fluidos (17,99 \u20ac y 17,99 \u20ac)Conjunto chaleco y pantalones de vestir (17,99 \u20ac y 19,99 \u20ac)<img src=\"https:\/\/www.europesays.com\/es\/wp-content\/uploads\/2025\/08\/1755414669_351_5d174fc2-88a3-4418-a5b3-be884db3ec5f_1678984174.file\" alt=\"Headshot of Laura Soria\" title=\"Headshot of Laura Soria\" width=\"100%\" height=\"100%\" decoding=\"async\" loading=\"lazy\" class=\"css-o0wq4v ev8dhu53\"\/><\/p>\n<p>Laura Soria Onieva es experta en moda, tendencias, alfombras rojas y &#8216;celebrities&#8217;. Como apasionada del periodismo y la comunicaci\u00f3n, siempre est\u00e1 atenta a las \u00faltimas novedades del sector. Entiende la moda como una v\u00eda de expresi\u00f3n y siempre busca entender la filosof\u00eda que transmiten los estilismos de las famosas.<\/p>\n<p>La b\u00fasqueda constante de inspiraci\u00f3n la convierte en una prescriptora de futuras tendencias de temporada. As\u00ed, no hay prenda o estilo que se le escape en Instagram y TikTok. Experta en recrear los mejores looks de las famosas e influencers con prendas de las firmas &#8216;low cost&#8217; m\u00e1s exitosas como Zara, Mango, Stradivarius&#8230; As\u00ed como de las firmas espa\u00f1olas que debes tener s\u00ed o s\u00ed en tu radar para que puedas vestir a la \u00faltima. Para ella no hay tendencia imposible: transparencias, aberturas complicadas, brillos, lentejuelas&#8230; Buscar\u00e1 todos los trucos de la mano de las expertas para ense\u00f1ar c\u00f3mo lucirlas sin caer en el error.<\/p>\n<p>Laura Soria se gradu\u00f3 en el doble grado de Periodismo y Comunicaci\u00f3n Audiovisual en la Universidad Rey Juan Carlos y, desde el inicio, ha conseguido experiencia en distintos sectores: radio, televisi\u00f3n, peri\u00f3dico digital&#8230; Actualmente se dedica a la que es su verdadera pasi\u00f3n, el periodismo de moda, como colaboradora de moda y actualidad en la revista ELLE.<\/p>\n<p>Sus constantes ganas de aprender, y su alma inquieta, la han empujado a especializarse a\u00fan m\u00e1s en el mundillo con distintos cursos, destacando el de Marketing Digital y Comunicaci\u00f3n de Moda y Lujo. \u00a0\u00a0<\/p>\n","protected":false},"excerpt":{"rendered":"Con el mes de septiembre a la vuelta de la esquina resulta imposible no pensar en la vuelta&hellip;\n","protected":false},"author":2,"featured_media":53042,"comment_status":"","ping_status":"","sticky":false,"template":"","format":"standard","meta":{"footnotes":""},"categories":[91],"tags":[1655,253,146,147,25,24,23],"class_list":{"0":"post-53041","1":"post","2":"type-post","3":"status-publish","4":"format-standard","5":"has-post-thumbnail","7":"category-entretenimiento","8":"tag-afiliacion","9":"tag-discover","10":"tag-entertainment","11":"tag-entretenimiento","12":"tag-es","13":"tag-espana","14":"tag-spain"},"share_on_mastodon":{"url":"","error":""},"_links":{"self":[{"href":"https:\/\/www.europesays.com\/es\/wp-json\/wp\/v2\/posts\/53041","targetHints":{"allow":["GET"]}}],"collection":[{"href":"https:\/\/www.europesays.com\/es\/wp-json\/wp\/v2\/posts"}],"about":[{"href":"https:\/\/www.europesays.com\/es\/wp-json\/wp\/v2\/types\/post"}],"author":[{"embeddable":true,"href":"https:\/\/www.europesays.com\/es\/wp-json\/wp\/v2\/users\/2"}],"replies":[{"embeddable":true,"href":"https:\/\/www.europesays.com\/es\/wp-json\/wp\/v2\/comments?post=53041"}],"version-history":[{"count":0,"href":"https:\/\/www.europesays.com\/es\/wp-json\/wp\/v2\/posts\/53041\/revisions"}],"wp:featuredmedia":[{"embeddable":true,"href":"https:\/\/www.europesays.com\/es\/wp-json\/wp\/v2\/media\/53042"}],"wp:attachment":[{"href":"https:\/\/www.europesays.com\/es\/wp-json\/wp\/v2\/media?parent=53041"}],"wp:term":[{"taxonomy":"category","embeddable":true,"href":"https:\/\/www.europesays.com\/es\/wp-json\/wp\/v2\/categories?post=53041"},{"taxonomy":"post_tag","embeddable":true,"href":"https:\/\/www.europesays.com\/es\/wp-json\/wp\/v2\/tags?post=53041"}],"curies":[{"name":"wp","href":"https:\/\/api.w.org\/{rel}","templated":true}]}}