{"id":530411,"date":"2026-05-03T06:08:14","date_gmt":"2026-05-03T06:08:14","guid":{"rendered":"https:\/\/www.europesays.com\/es\/530411\/"},"modified":"2026-05-03T06:08:14","modified_gmt":"2026-05-03T06:08:14","slug":"rosalia-en-la-vida-hay-que-tener-guasa-y-sentido-del-humor-belleza-s-moda","status":"publish","type":"post","link":"https:\/\/www.europesays.com\/es\/530411\/","title":{"rendered":"Rosal\u00eda: \u201cEn la vida hay que tener guasa y sentido del humor\u201d | Belleza | S Moda"},"content":{"rendered":"<p class=\"\">Al otro lado de la pantalla del ordenador se conecta Rosal\u00eda (Sant Esteve Sesrovires, 33 a\u00f1os). Volcada en los preparativos de su Lux Tour, reflexiona sobre el \u201cprivilegio\u201d de ser la imagen del nuevo perfume <a href=\"https:\/\/www.calvinklein.es\/perfumes-mujeres?cmpid=ch:cpc|so:google|ca:calvin%20klein%20perfumes|cr:806405580364|lb:14332079914|ag:198848793590|pi:kwd-2470027375627&amp;gclsrc=aw.ds&amp;&amp;utm_source=google&amp;utm_medium=cpc&amp;utm_campaign=14332079914&amp;utm_id=14332079914&amp;utm_term=calvin%20klein%20perfumes&amp;utm_content=198848793590&amp;utm_source_platform=g&amp;gad_source=1&amp;gad_campaignid=14332079914&amp;gclid=CjwKCAjw-8vPBhBbEiwAoA39WragmvNaK2d94AifKE6MfRNw-HBinf0GPP5rAoE8ZCh6_6HzOcfHaBoClJcQAvD_BwE\" target=\"_self\" rel=\"nofollow noopener\" title=\"https:\/\/www.calvinklein.es\/perfumes-mujeres?cmpid=ch:cpc|so:google|ca:calvin%20klein%20perfumes|cr:806405580364|lb:14332079914|ag:198848793590|pi:kwd-2470027375627&amp;gclsrc=aw.ds&amp;&amp;utm_source=google&amp;utm_medium=cpc&amp;utm_campaign=14332079914&amp;utm_id=14332079914&amp;utm_term=calvin%20klein%20perfumes&amp;utm_content=198848793590&amp;utm_source_platform=g&amp;gad_source=1&amp;gad_campaignid=14332079914&amp;gclid=CjwKCAjw-8vPBhBbEiwAoA39WragmvNaK2d94AifKE6MfRNw-HBinf0GPP5rAoE8ZCh6_6HzOcfHaBoClJcQAvD_BwE\">Euphoria de Calvin Klein<\/a>. La marca lanz\u00f3 su ic\u00f3nica fragancia por primera vez en 2005. Entonces, <a href=\"https:\/\/www.youtube.com\/watch?v=H-rysrMMBlc\" target=\"_self\" rel=\"nofollow noopener\" title=\"https:\/\/www.youtube.com\/watch?v=H-rysrMMBlc\">Natalia Vodianova <\/a>fotografiada por Steven Meisel, el gran art\u00edfice del inconfundible sello visual \u2018Calvin\u2019, fue la estrella elegida para promocionarla. Ahora Rosal\u00eda toma el relevo y lo hace a su manera: baila sensualmente en el spot, al ritmo de su tema Dios es un stalker. <\/p>\n<p class=\"\"><b>Pregunta. <\/b>Me gustar\u00eda llevarla al Vida Festival de 2017. Cantaba ante muy pocas personas con <a href=\"https:\/\/elpais.com\/eps\/2026-01-23\/raul-refree-con-rosalia-me-puse-las-pilas-no-habia-otra-salida.html\" target=\"_self\" rel=\"nofollow noopener\" title=\"https:\/\/elpais.com\/eps\/2026-01-23\/raul-refree-con-rosalia-me-puse-las-pilas-no-habia-otra-salida.html\">Ra\u00fcl Refree<\/a> a la guitarra en medio de un bosque. \u00bfQu\u00e9 queda de esa Rosal\u00eda? <\/p>\n<p class=\"\"><b>Respuesta. <\/b>Es un recuerdo que me reconforta. Fue en mi primera gira con el disco Los \u00c1ngeles. Me sent\u00eda muy a gusto tocando con Refree. Est\u00e1bamos muy agradecidos por tocar en un festival y hacer lo que nos gustaba. Recuerdo que vest\u00eda un mono de una amiga dise\u00f1adora, Mar\u00eda Sim\u00f3n. Hay mucho que sigue estando ah\u00ed: mis gustos, mis ilusiones, mis ganas de seguir haciendo m\u00fasica y de subir a los escenarios. Este es un tour diferente, pero igual de ilusionante.<\/p>\n<p class=\"\"><b>P.<\/b> \u00bfQu\u00e9 representa para usted ser la imagen de un perfume tan ic\u00f3nico como Euphoria de Calvin Klein? <\/p>\n<p class=\"\"><b>R. <\/b>Imag\u00ednate\u2026 Es que Calvin Klein forma parte del imaginario colectivo. Es un honor formar parte de una campa\u00f1a as\u00ed. Me hace mucha ilusi\u00f3n.<\/p>\n<p class=\"\"><b>P. <\/b>En el making of de la campa\u00f1a comenta que uno de los elixires de Euphoria se lo pondr\u00eda para salir de fiesta. <\/p>\n<p class=\"\"><b>R.<\/b> S\u00ed, es el Bold. Es que cuando me lo puse pens\u00e9 que si sales de fiesta cuando vuelves sigue oliendo. Es ese tipo de fragancia que tiene fortaleza. Pero est\u00e1n tambi\u00e9n los otros dos. Es muy interesante que haya diferentes opciones. Respeto mucho a las personas que son solo de un perfume, pero a m\u00ed me gusta mucho jugar con los olores y decir: me levanto por la ma\u00f1ana y dependiendo del outfit o del mood uso este o el otro.<\/p>\n<p class=\"\"><b>P. <\/b>En otro momento dice que le hace mucha ilusi\u00f3n que la campa\u00f1a la vean \u201csus ex\u201d. Hay sentido del humor ah\u00ed\u2026<\/p>\n<p class=\"\"><b>R. <\/b>Yo creo que hay que tener guasa en la vida. Hay que mantener siempre el sentido del humor, \u00bfno?<\/p>\n<p class=\"\"><b>P. <\/b>Claro que s\u00ed. Su risa tiene algo de contagioso y creo que a trav\u00e9s de la m\u00fasica tambi\u00e9n ha tratado el desenga\u00f1o con humor\u2026<\/p>\n<p class=\"\"><b>R. <\/b>En el flamenco, si te fijas, muchas veces la tragedia se canta y se explica desde un lugar de celebraci\u00f3n. Los humoristas tambi\u00e9n le dan la vuelta a las cosas. Es muy bonito vivir desde ese lugar. <\/p>\n<p><img alt=\"\" decoding=\"auto\" class=\"_re lazyload a_m-v\" height=\"489\"  width=\"414\"  src=\"https:\/\/www.europesays.com\/es\/wp-content\/uploads\/2026\/05\/DPKUVGXK7FH7NFC6N4IDHX2GPM.jpg\" loading=\"lazy\" fetchpriority=\"low\"\/>OF BECOMING US \/ CORTES\u00cdA DE LA FIRMA<\/p>\n<p class=\"\"><b>P. <\/b>\u00bfEsperaba que La perla conectase tanto con la gente? <\/p>\n<p class=\"\"><b>R.<\/b> Es siempre una sorpresa. Pienso que lo \u00fanico que puedo hacer es intentar hacer canciones con las que realmente sienta que he dado lo mejor de m\u00ed y al final si los dem\u00e1s conectan es algo que agradezco much\u00edsimo. Quiz\u00e1 pens\u00e9 que la gente tardar\u00eda m\u00e1s tiempo en entrar en el disco, pero enseguida la gente ten\u00eda ganas de hacer su propio an\u00e1lisis e interpretar c\u00f3mo les hac\u00eda sentir. Eso me hace feliz. Le da sentido a lo que hago.<\/p>\n<p class=\"\"><b>P.<\/b> Puede que en La perla haya algo de despecho, pero en otros temas del \u00e1lbum, como Sauvignon blanc, hay mucha esperanza en el amor\u2026<\/p>\n<p class=\"\"><b>R.<\/b> Hab\u00eda esa b\u00fasqueda. He intentado construir desde el silencio, desde la contemplaci\u00f3n. Es un proyecto muy personal. Intent\u00e9 hablar muchas lenguas, aprender de otras culturas, de otras formas de pensar, de vivir. A veces se piensa que para la creatividad y para innovar hay que romper. Aqu\u00ed hay mucho amor por la tradici\u00f3n, por lo cl\u00e1sico, por volver hacia atr\u00e1s en el pasado y decir: \u201c\u00a1Ostras, que hay esta m\u00fasica que es incre\u00edble, la m\u00fasica cl\u00e1sica! Vamos a darle valor, a ponerla sobre la mesa\u201d.<\/p>\n<p><img alt=\"\" decoding=\"auto\" class=\"_re lazyload a_m-v\" height=\"491\"  width=\"414\"  src=\"https:\/\/www.europesays.com\/es\/wp-content\/uploads\/2026\/05\/BAKUNUARLVFKJITGAJYBOFTEAY.jpg\" loading=\"lazy\" fetchpriority=\"low\"\/>OF BECOMING US \/ CORTES\u00cdA DE LA FIRMA<\/p>\n<p class=\"\"><b>P. <\/b>Much\u00edsima gente se ha quedado sin entrada para verla. \u00bfSe plante\u00f3 m\u00e1s fechas?<\/p>\n<p class=\"\"><b>R.<\/b> Es un desaf\u00edo tan grande montar un espect\u00e1culo as\u00ed&#8230; Pero la verdad es que entiendo que mucha gente dijera: \u201cA lo mejor quer\u00edamos m\u00e1s fechas\u201d. Es un reto grande estar en tantos lugares de la mejor manera posible. Ojal\u00e1 que la vida me permita seguir haciendo muchos conciertos m\u00e1s. Sea con el proyecto que sea, estoy segura de que habr\u00e1 ocasi\u00f3n de hacer m\u00e1s actuaciones.<\/p>\n<p class=\"\"><b>P.<\/b> Aguantar tantas noches seguidas encima de un escenario es muy complicado. \u00bfC\u00f3mo se prepara?<\/p>\n<p class=\"\"><b>R.<\/b> Es verdad que es muy demandante f\u00edsica, emocional y psicol\u00f3gicamente. Preparar un tour as\u00ed requiere mucha disciplina, mucha entrega. Uno se tiene que rendir y comprometer, y realmente siempre hay una b\u00fasqueda de excelencia. Pero a la vez creo que poni\u00e9ndole amor y cari\u00f1o a peque\u00f1as cosas en el d\u00eda a d\u00eda puedo dar lo mejor de m\u00ed. Hago pilates, hago baile, y hago mucho canto.<\/p>\n<p class=\"\"><b>P.<\/b> \u00bfSigue con sus clases?<\/p>\n<p class=\"\"><b>R. <\/b>S\u00ed, sigo con las lecciones de canto y piano. Como persona que se sube al escenario, lo que quiero es que los dem\u00e1s lleguen, se lo disfruten, y ojal\u00e1 que se sientan diferente de como han llegado, se puedan llevar algo\u2026 La \u00fanica manera de lograrlo es siendo lo m\u00e1s libre posible para poder transmitir las emociones. <\/p>\n<p><img alt=\"\" decoding=\"auto\" class=\"_re lazyload a_m-v\" height=\"489\"  width=\"414\"  src=\"https:\/\/www.europesays.com\/es\/wp-content\/uploads\/2026\/05\/G6WQH7FXRRC4BKDYGVZMITZDXM.jpg\" loading=\"lazy\" fetchpriority=\"low\"\/>OF BECOMING US \/ CORTES\u00cdA DE LA FIRMA<\/p>\n<p class=\"\"><b>P. <\/b>\u00bfC\u00f3mo ha sido su experiencia como actriz en Euphoria? Es una serie con mucha diversidad entre los personajes (trans, racializados) y conecta muy bien con los j\u00f3venes.<\/p>\n<p class=\"\"><b>R.<\/b> Es una forma de expresi\u00f3n muy diferente, la de actuar, pero a la vez muy conectada con mi trabajo, que al final es hablar desde las emociones. Soy muy fan de la serie. Tengo muchas ganas de ver c\u00f3mo ha quedado, que no he visto nada a\u00fan. Me f\u00edo mucho de Sam [Levinson] y me he puesto completamente al servicio de su visi\u00f3n. Aprend\u00ed mucho de este cast, de ver a mi amiga Alexa Demie actuando. Y observar c\u00f3mo lo hac\u00eda Zendaya fue incre\u00edble. Ha sido francamente inspirador. <\/p>\n<p><img alt=\"\" decoding=\"auto\" class=\"_re lazyload a_m-v\" height=\"501\"  width=\"414\"  src=\"https:\/\/www.europesays.com\/es\/wp-content\/uploads\/2026\/05\/O362CCIGJZFS3BYIA56BLYGRB4.jpg\" loading=\"lazy\" fetchpriority=\"low\"\/>Los nuevos Euphoria Elixirs de CALVIN KLEIN: Solar, Bold y Magnetic.PLAT\u00d3 S MODA<\/p>\n","protected":false},"excerpt":{"rendered":"Al otro lado de la pantalla del ordenador se conecta Rosal\u00eda (Sant Esteve Sesrovires, 33 a\u00f1os). Volcada en&hellip;\n","protected":false},"author":2,"featured_media":530412,"comment_status":"","ping_status":"","sticky":false,"template":"","format":"standard","meta":{"footnotes":""},"categories":[174],"tags":[3451,47610,218,255,146,147,25,24,22164,256,11943,185,26267,104301,4147,23],"class_list":["post-530411","post","type-post","status-publish","format-standard","has-post-thumbnail","category-famosos","tag-belleza","tag-calvin-klein","tag-canciones","tag-celebrities","tag-entertainment","tag-entretenimiento","tag-es","tag-espana","tag-euphoria","tag-famosos","tag-hbo","tag-musica","tag-perfumes","tag-raul-refree","tag-rosalia","tag-spain"],"share_on_mastodon":{"url":"https:\/\/pubeurope.com\/@es\/116509154694873459","error":""},"_links":{"self":[{"href":"https:\/\/www.europesays.com\/es\/wp-json\/wp\/v2\/posts\/530411","targetHints":{"allow":["GET"]}}],"collection":[{"href":"https:\/\/www.europesays.com\/es\/wp-json\/wp\/v2\/posts"}],"about":[{"href":"https:\/\/www.europesays.com\/es\/wp-json\/wp\/v2\/types\/post"}],"author":[{"embeddable":true,"href":"https:\/\/www.europesays.com\/es\/wp-json\/wp\/v2\/users\/2"}],"replies":[{"embeddable":true,"href":"https:\/\/www.europesays.com\/es\/wp-json\/wp\/v2\/comments?post=530411"}],"version-history":[{"count":0,"href":"https:\/\/www.europesays.com\/es\/wp-json\/wp\/v2\/posts\/530411\/revisions"}],"wp:featuredmedia":[{"embeddable":true,"href":"https:\/\/www.europesays.com\/es\/wp-json\/wp\/v2\/media\/530412"}],"wp:attachment":[{"href":"https:\/\/www.europesays.com\/es\/wp-json\/wp\/v2\/media?parent=530411"}],"wp:term":[{"taxonomy":"category","embeddable":true,"href":"https:\/\/www.europesays.com\/es\/wp-json\/wp\/v2\/categories?post=530411"},{"taxonomy":"post_tag","embeddable":true,"href":"https:\/\/www.europesays.com\/es\/wp-json\/wp\/v2\/tags?post=530411"}],"curies":[{"name":"wp","href":"https:\/\/api.w.org\/{rel}","templated":true}]}}