{"id":53043,"date":"2025-08-17T07:12:10","date_gmt":"2025-08-17T07:12:10","guid":{"rendered":"https:\/\/www.europesays.com\/es\/53043\/"},"modified":"2025-08-17T07:12:10","modified_gmt":"2025-08-17T07:12:10","slug":"futuro-radical-del-diseno-corvette","status":"publish","type":"post","link":"https:\/\/www.europesays.com\/es\/53043\/","title":{"rendered":"futuro radical del dise\u00f1o Corvette"},"content":{"rendered":"<p><strong>Chevrolet presenta los conceptos Corvette CX y CX.R Vision Gran Turismo, superdeportivos el\u00e9ctricos y de carreras que marcar\u00e1n la pr\u00f3xima era del dise\u00f1o Corvette.<\/strong><\/p>\n<p>En un evento que encendi\u00f3 las c\u00e1maras y el pulso de los fan\u00e1ticos, <a title=\"Chevrolet\" href=\"https:\/\/chevrolet.com\" target=\"_blank\" rel=\"noopener nofollow\">Chevrolet<\/a> revel\u00f3 en The Quail, a Motorsports Gathering dos prototipos que no ver\u00e1n producci\u00f3n, pero s\u00ed marcar\u00e1n un antes y un despu\u00e9s en la historia de Corvette:\u00a0Los <strong style=\"font-size: 1.125rem;\">Corvette CX<\/strong> y <strong style=\"font-size: 1.125rem;\">CX.R Vision Gran Turismo<\/strong>.<\/p>\n<p>\u201c<strong>El CX y el CX.R VGT demuestran a nuestros equipos de dise\u00f1o liber\u00e1ndose de las restricciones de producci\u00f3n para dar rienda suelta a su creatividad<\/strong>\u201d, se\u00f1al\u00f3 Phil Zak, director ejecutivo de dise\u00f1o de Chevrolet.<\/p>\n<p><img fetchpriority=\"high\" decoding=\"async\" data-attachment-id=\"142477\" data-permalink=\"https:\/\/geeksroom.com\/2025\/08\/chevrolet-corvette-cx-ycx-vision-gran-turismo\/142476\/corvette-cx-y-cx-r-vision-gran-turismo-1\/\" data-orig-file=\"https:\/\/www.europesays.com\/es\/wp-content\/uploads\/2025\/08\/Corvette-CX-y-CX.R-Vision-Gran-Turismo-1.jpg\" data-orig-size=\"1000,667\" data-comments-opened=\"0\" data-image-meta=\"{&quot;aperture&quot;:&quot;0&quot;,&quot;credit&quot;:&quot;&quot;,&quot;camera&quot;:&quot;&quot;,&quot;caption&quot;:&quot;&quot;,&quot;created_timestamp&quot;:&quot;1754427033&quot;,&quot;copyright&quot;:&quot;&quot;,&quot;focal_length&quot;:&quot;0&quot;,&quot;iso&quot;:&quot;0&quot;,&quot;shutter_speed&quot;:&quot;0&quot;,&quot;title&quot;:&quot;&quot;,&quot;orientation&quot;:&quot;1&quot;}\" data-image-title=\"Corvette CX y CX.R Vision Gran Turismo \u2013 1\" data-image-description=\"\" data-image-caption=\"&lt;p&gt;Imagen Chevrolet&lt;\/p&gt;&#10;\" data-medium-file=\"https:\/\/www.europesays.com\/es\/wp-content\/uploads\/2025\/08\/Corvette-CX-y-CX.R-Vision-Gran-Turismo-1.jpg\" data-large-file=\"https:\/\/www.europesays.com\/es\/wp-content\/uploads\/2025\/08\/Corvette-CX-y-CX.R-Vision-Gran-Turismo-1.jpg\" class=\"size-full wp-image-142477\" src=\"https:\/\/www.europesays.com\/es\/wp-content\/uploads\/2025\/08\/Corvette-CX-y-CX.R-Vision-Gran-Turismo-1.jpg\" alt=\"Corvette CX y CX.R Vision Gran Turismo\" width=\"1000\" height=\"667\"  \/>Imagen Chevrolet<br \/>\nCorvette CX Concept: electrificaci\u00f3n sin concesiones<\/p>\n<p>El <strong>Corvette CX<\/strong> nace con una premisa clara: un superdeportivo el\u00e9ctrico sin compromisos, dise\u00f1ado tanto para carretera como para circuito. Su silueta baja (apenas 41 pulgadas de altura), el frente adelantado, las l\u00edneas \u201cchine\u201d horizontales y las ic\u00f3nicas luces traseras dobles son un gui\u00f1o a la herencia Corvette, pero con un enfoque futurista y agresivo.<\/p>\n<p>Bajo esa piel aerodin\u00e1mica, desarrollada junto al GM Motorsports Aero Group, late un sistema de <strong>ventiladores de vac\u00edo<\/strong> que canaliza aire a trav\u00e9s de la carrocer\u00eda para generar una fuerza descendente masiva y ajustar el equilibrio aerodin\u00e1mico en tiempo real. Difusores activos y un aler\u00f3n trasero adaptable trabajan en sincron\u00eda para maximizar el agarre.<\/p>\n<p>La mec\u00e1nica es tan impresionante como su est\u00e9tica: <strong>cuatro motores el\u00e9ctricos<\/strong>, uno por rueda, entregan m\u00e1s de <strong>2,000 caballos de fuerza<\/strong> con vectorizaci\u00f3n de par total y una bater\u00eda de 90 kWh montada en el chasis para optimizar el centro de gravedad.<\/p>\n<p><img loading=\"lazy\" decoding=\"async\" data-attachment-id=\"142479\" data-permalink=\"https:\/\/geeksroom.com\/2025\/08\/chevrolet-corvette-cx-ycx-vision-gran-turismo\/142476\/corvette-cx-concept\/\" data-orig-file=\"https:\/\/www.europesays.com\/es\/wp-content\/uploads\/2025\/08\/Corvette-CX-Concept.jpg\" data-orig-size=\"1000,563\" data-comments-opened=\"0\" data-image-meta=\"{&quot;aperture&quot;:&quot;0&quot;,&quot;credit&quot;:&quot;&quot;,&quot;camera&quot;:&quot;&quot;,&quot;caption&quot;:&quot;&quot;,&quot;created_timestamp&quot;:&quot;1753949616&quot;,&quot;copyright&quot;:&quot;&quot;,&quot;focal_length&quot;:&quot;0&quot;,&quot;iso&quot;:&quot;0&quot;,&quot;shutter_speed&quot;:&quot;0&quot;,&quot;title&quot;:&quot;&quot;,&quot;orientation&quot;:&quot;1&quot;}\" data-image-title=\"Corvette CX Concept\" data-image-description=\"\" data-image-caption=\"&lt;p&gt;Imagen Chevrolet&lt;\/p&gt;&#10;\" data-medium-file=\"https:\/\/www.europesays.com\/es\/wp-content\/uploads\/2025\/08\/Corvette-CX-Concept.jpg\" data-large-file=\"https:\/\/www.europesays.com\/es\/wp-content\/uploads\/2025\/08\/Corvette-CX-Concept.jpg\" class=\"size-full wp-image-142479\" src=\"https:\/\/www.europesays.com\/es\/wp-content\/uploads\/2025\/08\/Corvette-CX-Concept.jpg\" alt=\"Corvette CX Concept\" width=\"1000\" height=\"563\"  \/>Imagen Chevrolet<\/p>\n<p>El interior, accesible mediante una c\u00fapula tipo cabina de caza que se abre hacia adelante, combina <strong>textil bal\u00edstico rojo Inferno<\/strong>, cuero de silicona, aluminio fresado y fibra de carbono forjada. Un parabrisas digital proyecta datos de rendimiento en tiempo real, mientras que los controles esenciales se integran directamente en el volante.<\/p>\n<p>Corvette CX.R Vision Gran Turismo: ADN de competici\u00f3n, pensado para el futuro<\/p>\n<p>Inspirado en m\u00e1s de dos d\u00e9cadas de \u00e9xito en las pistas, el <strong>CX.R Vision Gran Turismo<\/strong> es la interpretaci\u00f3n extrema del CX para uso exclusivo en competici\u00f3n. La carrocer\u00eda amarilla y negra rinde homenaje a los Corvette GT de los \u00faltimos 25 a\u00f1os, pero aqu\u00ed la aerodin\u00e1mica activa es a\u00fan m\u00e1s prominente y la altura libre al suelo m\u00ednima para maximizar la carga.<\/p>\n<p>En su interior, todo es funcionalidad y ligereza: fibra de carbono sin recubrimiento, asientos con refuerzos para cabeza y hombros de alto impacto, y superficies pensadas para soportar fuerzas G intensas.<\/p>\n<p>Su tren motriz mezcla lo mejor de dos mundos: <strong>un V8 biturbo de 2.0 litros y 900 hp<\/strong> alimentado con e-fuel y capaz de girar a <strong>15,000 rpm<\/strong>, combinado con tres motores el\u00e9ctricos que elevan la potencia total tambi\u00e9n a 2,000 hp. Una transmisi\u00f3n de doble embrague y 8 velocidades canaliza el poder al asfalto.<\/p>\n<p><img loading=\"lazy\" decoding=\"async\" data-attachment-id=\"142478\" data-permalink=\"https:\/\/geeksroom.com\/2025\/08\/chevrolet-corvette-cx-ycx-vision-gran-turismo\/142476\/corvette-cx-y-cx-r-vision-gran-turismo-2\/\" data-orig-file=\"https:\/\/www.europesays.com\/es\/wp-content\/uploads\/2025\/08\/Corvette-CX-y-CX.R-Vision-Gran-Turismo-2.jpg\" data-orig-size=\"1000,563\" data-comments-opened=\"0\" data-image-meta=\"{&quot;aperture&quot;:&quot;0&quot;,&quot;credit&quot;:&quot;&quot;,&quot;camera&quot;:&quot;&quot;,&quot;caption&quot;:&quot;&quot;,&quot;created_timestamp&quot;:&quot;1754677556&quot;,&quot;copyright&quot;:&quot;&quot;,&quot;focal_length&quot;:&quot;0&quot;,&quot;iso&quot;:&quot;0&quot;,&quot;shutter_speed&quot;:&quot;0&quot;,&quot;title&quot;:&quot;&quot;,&quot;orientation&quot;:&quot;1&quot;}\" data-image-title=\"Corvette CX y CX.R Vision Gran Turismo \u2013 2\" data-image-description=\"\" data-image-caption=\"&lt;p&gt;Imagen Chevrolet&lt;\/p&gt;&#10;\" data-medium-file=\"https:\/\/www.europesays.com\/es\/wp-content\/uploads\/2025\/08\/Corvette-CX-y-CX.R-Vision-Gran-Turismo-2.jpg\" data-large-file=\"https:\/\/www.europesays.com\/es\/wp-content\/uploads\/2025\/08\/Corvette-CX-y-CX.R-Vision-Gran-Turismo-2.jpg\" class=\"size-full wp-image-142478\" src=\"https:\/\/www.europesays.com\/es\/wp-content\/uploads\/2025\/08\/Corvette-CX-y-CX.R-Vision-Gran-Turismo-2.jpg\" alt=\"Corvette CX y CX.R Vision Gran Turismo\" width=\"1000\" height=\"563\"  \/>Imagen Chevrolet<br \/>\nDel sal\u00f3n a la consola: experiencia virtual en Gran Turismo 7<\/p>\n<p>Ambos conceptos no se quedar\u00e1n como piezas de exhibici\u00f3n. Chevrolet, en colaboraci\u00f3n con <strong>Polyphony Digital<\/strong> (creadores de Gran Turismo), llevar\u00e1 el CX y el CX.R VGT a Gran Turismo 7 este mismo mes.\u00a0Los jugadores podr\u00e1n sentir de primera mano c\u00f3mo ser\u00eda pilotar estos superdeportivos de la pr\u00f3xima era.<\/p>\n<p>Estos conceptos marcan algo m\u00e1s que un ejercicio de dise\u00f1o, con estos veh\u00edculos <a title=\"Chevrolet\" href=\"https:\/\/geeksroom.com\/tag\/chevrolet\" target=\"_blank\" rel=\"noopener nofollow\">Chevrolet<\/a> visualiza el <a title=\"Chevrolet Corvette\" href=\"https:\/\/geeksroom.com\/tag\/corvette\" target=\"_blank\" rel=\"noopener nofollow\">Corvette<\/a> del futuro. El CX refleja la transici\u00f3n inevitable hacia la electrificaci\u00f3n total en el segmento de superdeportivos, mientras que el CX.R VGT sugiere que la emoci\u00f3n del motor de combusti\u00f3n puede sobrevivir, integrada en plataformas h\u00edbridas de alto rendimiento y con combustibles sint\u00e9ticos.<\/p>\n<p>En un mercado donde la aerodin\u00e1mica activa, la propulsi\u00f3n el\u00e9ctrica y la simulaci\u00f3n virtual se entrelazan, Corvette busca asegurarse un lugar en la cima tanto en las calles como en los circuitos\u2026 y ahora tambi\u00e9n en el mundo digital.<\/p>\n<p>Siguenos por Twitter a trav\u00e9s de  <a href=\"https:\/\/twitter.com\/geeksroom\" target=\"_Blank\" reel=\"nofollow\" rel=\"nofollow noopener\">@Geeksroom<\/a> y no te pierdas todas las noticias, cursos gratuitos y dem\u00e1s art\u00edculos.  Tambi\u00e9n puedes seguirnos a trav\u00e9s de nuestro <a href=\"https:\/\/youtube.com\/geeksroom\" target=\"_Blank\" reel=\"nofollow\" rel=\"nofollow noopener\">canal de Youtube<\/a> para ver nuestros v\u00eddeos, a trav\u00e9s de <a href=\"https:\/\/instagram.com\/geeksroom\" target=\"_Blank\" reel=\"nofollow\" rel=\"nofollow noopener\">Instagram<\/a> para ver nuestras im\u00e1genes! O v\u00eda <a href=\"https:\/\/bsky.app\/profile\/geeksroom.bsky.social\" target=\"_Blank\" reel=\"nofollow\" rel=\"nofollow noopener\">Bluesky<\/a> si ya est\u00e1s cansado de Twitter<\/p>\n<p>\t<script async src=\"https:\/\/platform.twitter.com\/widgets.js\" charset=\"utf-8\"><\/script><script async src=\"\/\/www.instagram.com\/embed.js\"><\/script><\/p>\n","protected":false},"excerpt":{"rendered":"Chevrolet presenta los conceptos Corvette CX y CX.R Vision Gran Turismo, superdeportivos el\u00e9ctricos y de carreras que marcar\u00e1n&hellip;\n","protected":false},"author":2,"featured_media":53044,"comment_status":"","ping_status":"","sticky":false,"template":"","format":"standard","meta":{"footnotes":""},"categories":[81],"tags":[23307,119,123,124,23310,23305,23306,25,24,117,121,122,23,23308,118,120,23309],"class_list":{"0":"post-53043","1":"post","2":"type-post","3":"status-publish","4":"format-standard","5":"has-post-thumbnail","7":"category-ciencia-y-tecnologia","8":"tag-chevrolet","9":"tag-ciencia","10":"tag-ciencia-y-tecnologia","11":"tag-cienciaytecnologia","12":"tag-corvette","13":"tag-corvette-cx","14":"tag-cx-r-vision-gran-turismo","15":"tag-es","16":"tag-espana","17":"tag-science","18":"tag-science-and-technology","19":"tag-scienceandtechnology","20":"tag-spain","21":"tag-superdeportivos-electricos","22":"tag-technology","23":"tag-tecnologia","24":"tag-vehiculos-electricos"},"share_on_mastodon":{"url":"","error":""},"_links":{"self":[{"href":"https:\/\/www.europesays.com\/es\/wp-json\/wp\/v2\/posts\/53043","targetHints":{"allow":["GET"]}}],"collection":[{"href":"https:\/\/www.europesays.com\/es\/wp-json\/wp\/v2\/posts"}],"about":[{"href":"https:\/\/www.europesays.com\/es\/wp-json\/wp\/v2\/types\/post"}],"author":[{"embeddable":true,"href":"https:\/\/www.europesays.com\/es\/wp-json\/wp\/v2\/users\/2"}],"replies":[{"embeddable":true,"href":"https:\/\/www.europesays.com\/es\/wp-json\/wp\/v2\/comments?post=53043"}],"version-history":[{"count":0,"href":"https:\/\/www.europesays.com\/es\/wp-json\/wp\/v2\/posts\/53043\/revisions"}],"wp:featuredmedia":[{"embeddable":true,"href":"https:\/\/www.europesays.com\/es\/wp-json\/wp\/v2\/media\/53044"}],"wp:attachment":[{"href":"https:\/\/www.europesays.com\/es\/wp-json\/wp\/v2\/media?parent=53043"}],"wp:term":[{"taxonomy":"category","embeddable":true,"href":"https:\/\/www.europesays.com\/es\/wp-json\/wp\/v2\/categories?post=53043"},{"taxonomy":"post_tag","embeddable":true,"href":"https:\/\/www.europesays.com\/es\/wp-json\/wp\/v2\/tags?post=53043"}],"curies":[{"name":"wp","href":"https:\/\/api.w.org\/{rel}","templated":true}]}}