{"id":53047,"date":"2025-08-17T07:14:08","date_gmt":"2025-08-17T07:14:08","guid":{"rendered":"https:\/\/www.europesays.com\/es\/53047\/"},"modified":"2025-08-17T07:14:08","modified_gmt":"2025-08-17T07:14:08","slug":"la-princesa-llamada-a-ser-la-futura-reina-de-tailandia-en-estado-vegetativo-desde-2022-sufre-un-preocupante-agravamiento-el-mundo","status":"publish","type":"post","link":"https:\/\/www.europesays.com\/es\/53047\/","title":{"rendered":"La princesa llamada a ser la futura reina de Tailandia, en estado vegetativo desde 2022, sufre un preocupante agravamiento &#8211; El Mundo"},"content":{"rendered":"<ol>\n<li><a href=\"https:\/\/news.google.com\/rss\/articles\/CBMigwFBVV95cUxOaVA5cEhkTkxiNUVtaWVhRUhHY3B3blQwTXhsb2JnS2lka3BuQ196T2ZWWUlFNl9XOXRGYV9aZ2N2WWlnOV9PTzQ0OEExUHBoMjhoaU5taTlsV19aWnFmdkMtNWMzbDh5QTlRMUI0WmxnRUtOTzFKcVc1SHo5UUhYRURGTdIBgwFBVV95cUxPcGx0QTRFNGdmMVVYczgwSUJuMmgzTzA3VUVlSGQ5c0tmUUZDOWEzOHBOZ1pxWDlBUUJKWTB3em55S2E4Y3Vpc284UGtDbXpLcnpabGNOYVRRWEl3bHVqeWdtTWRYQlV6MG5YV2V0NTF3VjNibFlkVFlzb0dSc3NaNW5TSQ?oc=5\" target=\"_blank\" rel=\"nofollow noopener\">La princesa llamada a ser la futura reina de Tailandia, en estado vegetativo desde 2022, sufre un preocupante agravamiento<\/a>&nbsp;&nbsp;El Mundo<\/li>\n<li><a href=\"https:\/\/news.google.com\/rss\/articles\/CBMi2wFBVV95cUxNaGkxeGZObzlUaDdXa1NwclRrZ1R5WWhjQUFCdV9ReVZzU0t3TWlkTlZ0VFVqaUZ5azZLYmlnYlQ0Mnd0d3h4RXlXdEg5TUhoTlFCMVlpcFFVMTh4NHZaQm4zY3VUa3NLWHE0LW5qbGxpXzE1U1lsUmtON0wtRFE0MFFoQVFZVmRqN1NqaE16UGJEczd4WDYzUmdtMmNkVXMzSmVoWEVKUDRzZHZTU0NCZnVRME5ZQTJBbmVKLU5WSVRlM3luRjNIeGdGTWlyOFMzU0NVSnlYbFlQWjjSAeABQVVfeXFMTWF3M25YaTVhVTlxVVdsbk5oSDRvaDM0TDB0b0lFRjRmZkxDTDRBWHd2WU1UUDVvNW5hdFFUenZpeklka2FPV3ptUjBqUHlxOHNaMzJWY2ctS2ZpLWFhUS04VU04YTJTb0MwallpcW01QkUwVmxwRWdxRlhaeVVlX2RCRXRnWDJObVU3aXVnMkpMdWFDc215SkkxSzgxSEpwUlN0MzgtbC13NzhlZ0Zuck96QVVYRFZSaGtfVVJpVXIyUHUydFRXYlg0X1V0c0pKdXdtR1hmWGRnNXRhTkFfQlo?oc=5\" target=\"_blank\" rel=\"nofollow noopener\">El estado cr\u00edtico de la hija mayor del rey de Tailandia: un nuevo parte m\u00e9dico, tras tres a\u00f1os conectada a un respirador<\/a>&nbsp;&nbsp;Vanitatis<\/li>\n<li><a href=\"https:\/\/news.google.com\/rss\/articles\/CBMiiAJBVV95cUxQdkdpdXIxcjJJNXd4YXdGMTlhWUNnbGNXSXdKMndvc0pkRHJTUEJQWUItYzdJMUM3Z0gwT2dXejZrSHlJdzdkX1VWQ0NWSkdwR0ZNVkpGRm5md2lDZ0RhZDdvS3d4RGNyQ0NCY3R4eHR3Vm8tU2lMc2I0ZEpsR1kzOFlQeFNRT1Q1SWJabUEwMEcyaThZM1JVYWJfQXRoVzNackZVX0FkTkVWV1dsenRZaEJnamxNcHdIVk1JUHExN3NQZnhYRURRSXkwMW95TElCa3BpU1Y2VWRwRTg0dURuWWZUbFg4amZkR0taSnBDYVhVVjFQYjQwcG9LOHUyenZkdks5aV85V2Q?oc=5\" target=\"_blank\" rel=\"nofollow noopener\">Novedades sobre el estado de salud de la princesa Bajrakitiyabha de Tailandia tras m\u00e1s de dos a\u00f1os de silencio: sufre una grave infecci\u00f3n<\/a>&nbsp;&nbsp;EL PA\u00cdS<\/li>\n<li><a href=\"https:\/\/news.google.com\/rss\/articles\/CBMi4AFBVV95cUxPUmVhZW5xLU9RV3FJQXliRHQ0ekk5NnhVY2MxX0hLM1d5YjhpT1JwY2R2b244X3pBYVFrWjFTRTBUaENCcEN2WUJBZDdlMVh4c09LOHdFLW51eHg1ZmROUTJwcFFTdHE4MmZEcFlYREk2WFRnMUZxM19sZ0dLQTJWendTT3loQ0t1UTRlblB3aWMzM1g0cWxiYTQwNEVuVmxhUXBsdTRpZHl6WDlDU3JGM3FXb2ozTm94b200R3Rlb01CenVzX2l4LV9iSlRQNzBvZ3RERndzWWFCNVROV2ZOcw?oc=5\" target=\"_blank\" rel=\"nofollow noopener\">Comunicado urgente de la familia real tailandesa, el primero desde 2022, por el grave estado de salud de la princesa<\/a>&nbsp;&nbsp;Lecturas<\/li>\n<li><a href=\"https:\/\/news.google.com\/rss\/articles\/CBMiqAFBVV95cUxPbDV4QUlyTk83S19tMktlSTJjQzBWLThQUnRiTjJTNGh2NmdhYTBzaGliZEZRRHRxTDFfbDZLaC1LS0pxSEVpX29tb2VWdjFaSTl5MFdhQVI5bE9vc3lkdUE5cEtBT21LY0N3TjZQM3gwVkZRaXFvX3dNNldLUkxfM01DaXlHRmpwbEVQNC1xU0V0R0o0ekFpUkxjMktOOGEtTDl6NEJVWU0?oc=5\" target=\"_blank\" rel=\"nofollow noopener\">Empeora el estado de salud de la princesa Bajrakitiyabha de Tailandia<\/a>&nbsp;&nbsp;La Vanguardia<\/li>\n<\/ol>\n","protected":false},"excerpt":{"rendered":"La princesa llamada a ser la futura reina de Tailandia, en estado vegetativo desde 2022, sufre un preocupante&hellip;\n","protected":false},"author":2,"featured_media":53048,"comment_status":"","ping_status":"","sticky":false,"template":"","format":"standard","meta":{"footnotes":""},"categories":[42],"tags":[17,18,13,14,11,61,62,63,64,19,20,9,10,15,16,2066,12,21,22,65,66,67],"class_list":{"0":"post-53047","1":"post","2":"type-post","3":"status-publish","4":"format-standard","5":"has-post-thumbnail","7":"category-internacional","8":"tag-breaking-news","9":"tag-breakingnews","10":"tag-featured-news","11":"tag-featurednews","12":"tag-headlines","13":"tag-internacional","14":"tag-international","15":"tag-international-news","16":"tag-internationalnews","17":"tag-latest-news","18":"tag-latestnews","19":"tag-news","20":"tag-noticias","21":"tag-noticias-destacadas","22":"tag-noticiasdestacadas","23":"tag-tailandia","24":"tag-titulares","25":"tag-ultimas-noticias","26":"tag-ultimasnoticias","27":"tag-world","28":"tag-world-news","29":"tag-worldnews"},"share_on_mastodon":{"url":"","error":""},"_links":{"self":[{"href":"https:\/\/www.europesays.com\/es\/wp-json\/wp\/v2\/posts\/53047","targetHints":{"allow":["GET"]}}],"collection":[{"href":"https:\/\/www.europesays.com\/es\/wp-json\/wp\/v2\/posts"}],"about":[{"href":"https:\/\/www.europesays.com\/es\/wp-json\/wp\/v2\/types\/post"}],"author":[{"embeddable":true,"href":"https:\/\/www.europesays.com\/es\/wp-json\/wp\/v2\/users\/2"}],"replies":[{"embeddable":true,"href":"https:\/\/www.europesays.com\/es\/wp-json\/wp\/v2\/comments?post=53047"}],"version-history":[{"count":0,"href":"https:\/\/www.europesays.com\/es\/wp-json\/wp\/v2\/posts\/53047\/revisions"}],"wp:featuredmedia":[{"embeddable":true,"href":"https:\/\/www.europesays.com\/es\/wp-json\/wp\/v2\/media\/53048"}],"wp:attachment":[{"href":"https:\/\/www.europesays.com\/es\/wp-json\/wp\/v2\/media?parent=53047"}],"wp:term":[{"taxonomy":"category","embeddable":true,"href":"https:\/\/www.europesays.com\/es\/wp-json\/wp\/v2\/categories?post=53047"},{"taxonomy":"post_tag","embeddable":true,"href":"https:\/\/www.europesays.com\/es\/wp-json\/wp\/v2\/tags?post=53047"}],"curies":[{"name":"wp","href":"https:\/\/api.w.org\/{rel}","templated":true}]}}