{"id":53053,"date":"2025-08-17T07:18:08","date_gmt":"2025-08-17T07:18:08","guid":{"rendered":"https:\/\/www.europesays.com\/es\/53053\/"},"modified":"2025-08-17T07:18:08","modified_gmt":"2025-08-17T07:18:08","slug":"fiestas-de-tafalla-desigual-corrida-de-palha-y-sendas-orejas-para-serna-y-pinar","status":"publish","type":"post","link":"https:\/\/www.europesays.com\/es\/53053\/","title":{"rendered":"FIESTAS DE TAFALLA Desigual corrida de Palha y sendas orejas para Serna y Pinar"},"content":{"rendered":"<p>\n        <strong>Mejor\u00f3 Palha<\/strong> respecto a la <a href=\"https:\/\/www.noticiasdenavarra.com\/navarra\/fiestas\/2025\/08\/16\/mala-corrida-conde-corte-oreja-9984287.html\" title=\"mansa corrida de Conde de la Corte\" class=\"link copy\" rel=\"nofollow noopener\" target=\"_blank\">mansa corrida de Conde de la Corte<\/a>. No mucho, la verdad, y teniendo que ser muy generosos para elevar la nota del hierro luso hasta el aprobado. Mal,  desigualmente presentado el encierro y con s\u00f3lo dos toros con posibilidades de manufacturar entonados saludos capoteros y faenas de muleta.\n<\/p>\n<p class=\"article-body__text \">\n        Mantuvo el inter\u00e9s de los buenos aficionados locales las intenciones en tres toros de hacer la suerte de varas luciendo a los animales. As\u00ed, se colocaron a distancia en uno y dos puyazos los toros primero, quinto y sexto. Los piqueros de turno fueron aplaudidos por la ejecuci\u00f3n de la suerte. En especial Ricardo Romero, de la cuadrilla de Rub\u00e9n Pinar, en el sexto. El torazo, de nombre Camarito y que en una balanza de peso hubiera competido por dar m\u00e1s kilos que los tres primeros juntos, galop\u00f3 de lejos al peto y se emple\u00f3 con enorme fuerza y clase.\n<\/p>\n<p class=\"article-body__text \">\n        El varilarguero se agarr\u00f3 espectacularmente en lo alto y aguant\u00f3 bien la colosal acometida. Parte del p\u00fablico pidi\u00f3 a voces que se le volviera a colocar en suerte: la l\u00f3gica petici\u00f3n fue respaldada por el palco en dos ocasiones a pesar de que Pinar ped\u00eda el cambio de tercio. Mas, a la tercera solicitud del torero albacete\u00f1o, se decidi\u00f3 privar de lo que se intu\u00eda que iba a ser lo mejor y la guinda final a un pastel tirando a poco apetecible por la desigual combinaci\u00f3n de ingredientes. Una pena.\n<\/p>\n<p class=\"article-photo__footer\">\n             Serna salud\u00f3 al 4\u00ba agarrado a tablas y le dio fin agarrado a los pitones.            Javier Bergasa        <\/p>\n<p class=\"article-body__text \">\n        Quiz\u00e1 fuera que el torero, que ya ten\u00eda una oreja del 3\u00ba tras una discreta faena, pero si una buena estocada, prefer\u00eda no lucir m\u00e1s al negro grandull\u00f3n para estructurar una faena que le pudiera asegurar la salida a hombros Camarito respondi\u00f3 bien en media docena de tandas, pero luego toc\u00f3 fondo y se aburri\u00f3. Pinar, el m\u00e1s puesto, tuvo momentos buenos, pero otros destemplados que mermaron la manufactura. Perdi\u00f3 la otra oreja con la espada. El toreo m\u00e1s pausado y de mayor gusto, aunque despegado, lo puso Serna ante el 4\u00ba. Joselillo tambi\u00e9n puso mucho: ganas y pundonor, pero estuvo resolutivo. Igual de despegado, pero menos agarrao al piso.<\/p>\n","protected":false},"excerpt":{"rendered":"Mejor\u00f3 Palha respecto a la mansa corrida de Conde de la Corte. No mucho, la verdad, y teniendo&hellip;\n","protected":false},"author":2,"featured_media":53054,"comment_status":"","ping_status":"","sticky":false,"template":"","format":"standard","meta":{"footnotes":""},"categories":[277],"tags":[373,1569,168,23313,25,24,11051,23314,11834,23,167,374],"class_list":{"0":"post-53053","1":"post","2":"type-post","3":"status-publish","4":"format-standard","5":"has-post-thumbnail","7":"category-toreo","8":"tag-bullfighting","9":"tag-corrida","10":"tag-deportes","11":"tag-desigual","12":"tag-es","13":"tag-espana","14":"tag-orejas","15":"tag-palha","16":"tag-sendas","17":"tag-spain","18":"tag-sports","19":"tag-toreo"},"share_on_mastodon":{"url":"","error":""},"_links":{"self":[{"href":"https:\/\/www.europesays.com\/es\/wp-json\/wp\/v2\/posts\/53053","targetHints":{"allow":["GET"]}}],"collection":[{"href":"https:\/\/www.europesays.com\/es\/wp-json\/wp\/v2\/posts"}],"about":[{"href":"https:\/\/www.europesays.com\/es\/wp-json\/wp\/v2\/types\/post"}],"author":[{"embeddable":true,"href":"https:\/\/www.europesays.com\/es\/wp-json\/wp\/v2\/users\/2"}],"replies":[{"embeddable":true,"href":"https:\/\/www.europesays.com\/es\/wp-json\/wp\/v2\/comments?post=53053"}],"version-history":[{"count":0,"href":"https:\/\/www.europesays.com\/es\/wp-json\/wp\/v2\/posts\/53053\/revisions"}],"wp:featuredmedia":[{"embeddable":true,"href":"https:\/\/www.europesays.com\/es\/wp-json\/wp\/v2\/media\/53054"}],"wp:attachment":[{"href":"https:\/\/www.europesays.com\/es\/wp-json\/wp\/v2\/media?parent=53053"}],"wp:term":[{"taxonomy":"category","embeddable":true,"href":"https:\/\/www.europesays.com\/es\/wp-json\/wp\/v2\/categories?post=53053"},{"taxonomy":"post_tag","embeddable":true,"href":"https:\/\/www.europesays.com\/es\/wp-json\/wp\/v2\/tags?post=53053"}],"curies":[{"name":"wp","href":"https:\/\/api.w.org\/{rel}","templated":true}]}}