{"id":53057,"date":"2025-08-17T07:21:07","date_gmt":"2025-08-17T07:21:07","guid":{"rendered":"https:\/\/www.europesays.com\/es\/53057\/"},"modified":"2025-08-17T07:21:07","modified_gmt":"2025-08-17T07:21:07","slug":"alcaraz-de-final-en-final-chocara-con-sinner-en-busca-del-titulo-en-cincinnati","status":"publish","type":"post","link":"https:\/\/www.europesays.com\/es\/53057\/","title":{"rendered":"Alcaraz, de final en final, chocar\u00e1 con Sinner en busca del t\u00edtulo en Cincinnati"},"content":{"rendered":"<p>Alcaraz resurgi\u00f3 como el ave f\u00e9nix despu\u00e9s de tocar fondo en Miami. Todo lo que ha venido despu\u00e9s de aquella sonrojante derrota ante Goffin ha  &#8230; sido de color de rosa. Una final tras otra, sin fallar en ninguno de los siete torneos que han seguido a aquella fat\u00eddica noche en el Hard Rock Stadium. Montecarlo, Roma, Par\u00eds, Queen&#8217;s, Wimbledon y ahora tambi\u00e9n Cincinnati, donde chocar\u00e1 este lunes con Sinner en busca del t\u00edtulo. Mucho se habl\u00f3 a comienzos de a\u00f1o sobre la supuesta inconsistencia del tenis de Alcaraz, pero su juego ha ido cogiendo calor y madurez hasta llevarlo a ser un fijo en la pelea por los trofeos.<\/p>\n<p class=\"v-p\">La de este lunes ser\u00e1 la octava final del a\u00f1o para Carlos Alcaraz, que iguala el mejor registro de su carrera teniendo a\u00fan m\u00e1s de tres meses de competici\u00f3n por delante. La de Cincinnati llega despu\u00e9s de un triunfo sobrio ante Zverev. El n\u00famero tres del mundo, que acab\u00f3 el choque con problemas importantes en la espalda, nunca tuvo opciones ante un Alcaraz majestuoso con el servicio. Hasta nueve saques directos conect\u00f3 el de El Palmar en el primer set. Un arma que cada vez controla mejor y que este lunes ser\u00e1 determinante contra uno de los mejores restadores del circuito. <\/p>\n<p class=\"v-p\">Solo un momento de apuro para Alcaraz en el primer set, cuando, en su ecuador, afront\u00f3 un 0-40 que hubiera puesto en ventaja al tenista alem\u00e1n. Sac\u00f3 su mejor repertorio con el servicio para remontar la situaci\u00f3n y encadenar punto tras punto a su favor hasta llevarse la primera manga. Ya en la segunda, los problemas en la espalda que hab\u00edan llevado a Zverev a detener su calentamiento previo a la semifinal, se hicieron m\u00e1s evidentes. <\/p>\n<p class=\"v-p\">No pod\u00eda esconder los signos de dolor el teut\u00f3n, que por momentos se recostaba en su banquillo en busca de algo de calma. Esta no lleg\u00f3, pero a\u00fan as\u00ed fue capaz de romper el servicio de Alcaraz al comienzo del segundo set. Insuficiente ante las tres roturas de saque que cosech\u00f3 el tenista murciano. Suficientes para firmar un 38-2 en sus \u00faltimos 40 partidos. El lunes (21.00 horas en Espa\u00f1a), oportunidad para ganar vengar la derrota en la final de Wimbledon y de paso recortarle puntos a Sinner en la carrera por el n\u00famero uno del ranking mundial. <\/p>\n","protected":false},"excerpt":{"rendered":"Alcaraz resurgi\u00f3 como el ave f\u00e9nix despu\u00e9s de tocar fondo en Miami. Todo lo que ha venido despu\u00e9s&hellip;\n","protected":false},"author":2,"featured_media":53058,"comment_status":"","ping_status":"","sticky":false,"template":"","format":"standard","meta":{"footnotes":""},"categories":[274],"tags":[4736,331,23315,2134,168,25,24,1058,4466,23,167,327,326,2349],"class_list":{"0":"post-53057","1":"post","2":"type-post","3":"status-publish","4":"format-standard","5":"has-post-thumbnail","7":"category-tenis","8":"tag-alcaraz","9":"tag-busca","10":"tag-chocara","11":"tag-cincinnati","12":"tag-deportes","13":"tag-es","14":"tag-espana","15":"tag-final","16":"tag-sinner","17":"tag-spain","18":"tag-sports","19":"tag-tenis","20":"tag-tennis","21":"tag-titulo"},"share_on_mastodon":{"url":"","error":""},"_links":{"self":[{"href":"https:\/\/www.europesays.com\/es\/wp-json\/wp\/v2\/posts\/53057","targetHints":{"allow":["GET"]}}],"collection":[{"href":"https:\/\/www.europesays.com\/es\/wp-json\/wp\/v2\/posts"}],"about":[{"href":"https:\/\/www.europesays.com\/es\/wp-json\/wp\/v2\/types\/post"}],"author":[{"embeddable":true,"href":"https:\/\/www.europesays.com\/es\/wp-json\/wp\/v2\/users\/2"}],"replies":[{"embeddable":true,"href":"https:\/\/www.europesays.com\/es\/wp-json\/wp\/v2\/comments?post=53057"}],"version-history":[{"count":0,"href":"https:\/\/www.europesays.com\/es\/wp-json\/wp\/v2\/posts\/53057\/revisions"}],"wp:featuredmedia":[{"embeddable":true,"href":"https:\/\/www.europesays.com\/es\/wp-json\/wp\/v2\/media\/53058"}],"wp:attachment":[{"href":"https:\/\/www.europesays.com\/es\/wp-json\/wp\/v2\/media?parent=53057"}],"wp:term":[{"taxonomy":"category","embeddable":true,"href":"https:\/\/www.europesays.com\/es\/wp-json\/wp\/v2\/categories?post=53057"},{"taxonomy":"post_tag","embeddable":true,"href":"https:\/\/www.europesays.com\/es\/wp-json\/wp\/v2\/tags?post=53057"}],"curies":[{"name":"wp","href":"https:\/\/api.w.org\/{rel}","templated":true}]}}