{"id":530640,"date":"2026-05-03T09:12:26","date_gmt":"2026-05-03T09:12:26","guid":{"rendered":"https:\/\/www.europesays.com\/es\/530640\/"},"modified":"2026-05-03T09:12:26","modified_gmt":"2026-05-03T09:12:26","slug":"el-elfo-de-origen-vasco-que-se-ha-convertido-en-una-estrella","status":"publish","type":"post","link":"https:\/\/www.europesays.com\/es\/530640\/","title":{"rendered":"El &#8216;elfo&#8217; de origen vasco que se ha convertido en una estrella"},"content":{"rendered":"<p style=\"\">Lo dio todo para ser &#8216;Incontrolable&#8217; y ahora tambi\u00e9n son incontrolables las cr\u00edticas que alaban su papel en la pel\u00edcula dirigida por Kirk Jones, que  &#8230; le han elevado a la categor\u00eda de estrella. Robert Aramayo, que se convirti\u00f3 en el atormentado Elrond, el elfo m\u00e1s popular del momento gracias a la exitosa serie &#8216;El se\u00f1or de los anillos: los anillos de poder&#8217;, es ahora la reencarnaci\u00f3n de John Davidson, el activista escoc\u00e9s al que diagnosticaron s\u00edndrome de Tourett a los 15 a\u00f1os. Dos premios Bafta han reconocido el trabajo del actor de moda, que comparte con Jacob Elordi sus or\u00edgenes vascos. <\/p>\n<p class=\"v-d-p\" style=\"\">Mientras el protagonista de &#8216;Frankenstein&#8217; hunde sus ra\u00edces en la localidad vizca\u00edna de Ondarroa, los Aramayo lo hacen en Gipuzkoa. \u00abMi abuelo se fue de San Sebasti\u00e1n y acab\u00f3 en Gales con mi abuela. Trabaj\u00f3 en Hull, donde yo nac\u00ed, que entonces era un puerto pesquero enorme. Quer\u00eda ser capit\u00e1n de uno de aquellos arrastreros gigantes\u00bb, recuerda. \u00abLleg\u00f3 a ser un hombre importante all\u00ed, con fama de estricto y algo intimidante. Muri\u00f3 en Hull, aunque siempre que pod\u00eda iba a San Sebasti\u00e1n. A m\u00ed tambi\u00e9n me encanta Donostia y esa regi\u00f3n\u00bb, apunta en referencia a Euskadi.<\/p>\n<p class=\"v-d-p\" style=\"\">Cuenta el actor de rostro anguloso y complicado que su padre \u00abhabla espa\u00f1ol\u00bb y que a \u00e9l le da \u00abun poco verg\u00fcenza no haberlo aprendido\u00bb. Seguro que, si se lo propone, no tardar\u00e1 en dominarlo porque Robert se ha revelado como un gran estudioso, concienzudo hasta el extremo. Dicen que su interpretaci\u00f3n en &#8216;Incontrolable (I Swear)&#8217; es de las que hacen carrera, de esas que \u00abenamoran\u00bb, como afirm\u00f3 Carlos Boyero, que pasa por ser uno de los cr\u00edticos de cine menos complacientes del pa\u00eds. Para lograrlo no escatim\u00f3 esfuerzos. <\/p>\n<p class=\"v-d-p\" style=\"\">Antes de meterse en la piel de Davidson, Aramayo se empap\u00f3 sobre el s\u00edndrome de Tourette, que para \u00e9l, como para casi todo el mundo, no era m\u00e1s que una suerte de tic que te hace soltar palabrotas de manera involuntaria. El documental de la BBC &#8216;John&#8217;s Not Mad&#8217;, rodado en 1989, fue una de las fuentes que le permiti\u00f3 descubrir que la enfermedad era algo \u00abmucho m\u00e1s complejo\u00bb. \u00abMe impresion\u00f3. \u00c9l ten\u00eda entonces 14 a\u00f1os y su padecimiento acababa de empezar\u00bb, explica el actor. Diez a\u00f1os despu\u00e9s el propio afectado hac\u00eda balance de su complicada existencia en otro especial. \u00ab\u00bfC\u00f3mo voy a salir con una chica si en cualquier momento le puedo escupir en la cara?, se preguntaba. Era conmovedor\u00bb, recuerda el protagonista de &#8216;Incontrolable&#8217;, que tampoco se perdi\u00f3 la \u00faltima entrega rodada por el activista cuando ya ten\u00eda 30 a\u00f1os. <\/p>\n<p class=\"v-a-t\">\nLos Aramayo hunden sus ra\u00edces en Gipuzkoa. \u00abMi abuelo era de San Sebasti\u00e1n\u00bb, presume el actor\n<\/p>\n<p class=\"v-d-p\" style=\"\">Robert no quer\u00eda convertirse en un mero imitador de John Davidson. Quer\u00eda acercarse a su sufrimiento, \u00abcaptar su esencia\u00bb. \u00abTen\u00eda que comprender una enfermedad del todo incomprensible\u00bb, explica el int\u00e9rprete brit\u00e1nico, que alquil\u00f3 durante un mes una casa junto a la del escoc\u00e9s para convivir con \u00e9l. Valgan dos premios Bafta para certificar que lo consigui\u00f3.<\/p>\n<p>\nUn imitador nato\n<\/p>\n<p class=\"v-d-p\" style=\"\">El \u00e9xito de Aramayo, que ya suma una veintena de t\u00edtulos, es de sobra conocido. Menos se sabe de su infancia en Hull en la d\u00e9cada de los noventa, donde su madre trabajaba en hogares de acogida y ten\u00eda su propio negocio de venta de ropa de seguridad. Mike, su padre, fabricaba sof\u00e1s. Su vena interpretativa ya asom\u00f3 en el colegio, donde imitar a sus profesores le cost\u00f3 m\u00e1s de una reprimenda. Pero no fue consciente de lo que quer\u00eda ser en la vida hasta que con nueve a\u00f1os descubri\u00f3 a su hermana, dos a\u00f1os mayor, sobre un escenario. \u00abPens\u00e9: &#8216;\u00a1Guau, es genial!&#8217; Y supe que quer\u00eda hacer eso\u00bb, recuerda.<\/p>\n<p class=\"v-d-p\" style=\"\">Empez\u00f3 entonces un periplo, de audici\u00f3n en audici\u00f3n, por las escuelas de teatro de Londres. Pero Reino Unido pronto se le qued\u00f3 peque\u00f1o. \u00abBuscaba algo diferente\u00bb, dice. Y buscando encontr\u00f3 Juilliard School, el prestigioso conservatorio de artes esc\u00e9nicas del Upper Manhattan, en Nueva York. Un centro caro, al alcance s\u00f3lo de unos pocos, que le oblig\u00f3 a sobrevivir con un presupuesto escaso y a trabajar para la universidad pintando o archivando para intentar ganar un dinerillo extra.<\/p>\n<p class=\"v-d-p\" style=\"\">Fue graduarse y un a\u00f1o despu\u00e9s llegaron los proyectos: &#8216;Animales nocturnos&#8217;, de Tom Ford; &#8216;Juego de tronos&#8217;; &#8216;Los anillos de poder&#8217;; &#8216;Kingsman: El origen&#8217;&#8230; Hasta &#8216;Incontrolable&#8217;, el pelotazo final, que le permiti\u00f3 dejar con un palmo de narices al mism\u00edsimo DiCaprio, a Timoth\u00e9e Chamalet y a Ethan Hawke, su inspiraci\u00f3n, arrebat\u00e1ndoles el Bafta. El elfo fue solo la presentaci\u00f3n. Ahora ha nacido la estrella.<\/p>\n","protected":false},"excerpt":{"rendered":"Lo dio todo para ser &#8216;Incontrolable&#8217; y ahora tambi\u00e9n son incontrolables las cr\u00edticas que alaban su papel en&hellip;\n","protected":false},"author":2,"featured_media":530641,"comment_status":"","ping_status":"","sticky":false,"template":"","format":"standard","meta":{"footnotes":""},"categories":[174],"tags":[88381,255,104322,146,147,25,24,256,3338,12027,23,7674],"class_list":["post-530640","post","type-post","status-publish","format-standard","has-post-thumbnail","category-famosos","tag-aramayo","tag-celebrities","tag-elfo","tag-entertainment","tag-entretenimiento","tag-es","tag-espana","tag-famosos","tag-origen","tag-robert","tag-spain","tag-vasco"],"share_on_mastodon":{"url":"https:\/\/pubeurope.com\/@es\/116509877605276841","error":""},"_links":{"self":[{"href":"https:\/\/www.europesays.com\/es\/wp-json\/wp\/v2\/posts\/530640","targetHints":{"allow":["GET"]}}],"collection":[{"href":"https:\/\/www.europesays.com\/es\/wp-json\/wp\/v2\/posts"}],"about":[{"href":"https:\/\/www.europesays.com\/es\/wp-json\/wp\/v2\/types\/post"}],"author":[{"embeddable":true,"href":"https:\/\/www.europesays.com\/es\/wp-json\/wp\/v2\/users\/2"}],"replies":[{"embeddable":true,"href":"https:\/\/www.europesays.com\/es\/wp-json\/wp\/v2\/comments?post=530640"}],"version-history":[{"count":0,"href":"https:\/\/www.europesays.com\/es\/wp-json\/wp\/v2\/posts\/530640\/revisions"}],"wp:featuredmedia":[{"embeddable":true,"href":"https:\/\/www.europesays.com\/es\/wp-json\/wp\/v2\/media\/530641"}],"wp:attachment":[{"href":"https:\/\/www.europesays.com\/es\/wp-json\/wp\/v2\/media?parent=530640"}],"wp:term":[{"taxonomy":"category","embeddable":true,"href":"https:\/\/www.europesays.com\/es\/wp-json\/wp\/v2\/categories?post=530640"},{"taxonomy":"post_tag","embeddable":true,"href":"https:\/\/www.europesays.com\/es\/wp-json\/wp\/v2\/tags?post=530640"}],"curies":[{"name":"wp","href":"https:\/\/api.w.org\/{rel}","templated":true}]}}