{"id":53066,"date":"2025-08-17T07:28:11","date_gmt":"2025-08-17T07:28:11","guid":{"rendered":"https:\/\/www.europesays.com\/es\/53066\/"},"modified":"2025-08-17T07:28:11","modified_gmt":"2025-08-17T07:28:11","slug":"vivimos-en-una-epoca-de-potencias-desatadas-y-fuerza-bruta-andrea-rizzi","status":"publish","type":"post","link":"https:\/\/www.europesays.com\/es\/53066\/","title":{"rendered":"\u2018Vivimos en una \u00e9poca de potencias desatadas y fuerza bruta\u2019: Andrea Rizzi"},"content":{"rendered":"<p>Vivimos en una \u00e9poca marcada por la brutalidad, un nuevo orden mundial donde dos bloques antag\u00f3nicos est\u00e1n signados por una misma pulsi\u00f3n: la del resarcimiento.<b> En su ensayo La era de la revancha (Anagrama), Andrea Rizzi (Roma, 1975) <\/b>analiza estos tiempos pr\u00f3digos en demagogos o dictadores que alientan los nacionalismos y las divisiones pol\u00edticas.\u00a0<\/p>\n<p><b>Periodista, Rizzi se desempe\u00f1a como corresponsal de Asuntos Globales en el diario espa\u00f1ol El Pa\u00eds, <\/b>donde publica una columna de opini\u00f3n dedicada a Europa. Para el analista, que en septiembre se presentar\u00e1 en el Hay Festival de Segovia, hoy el mundo presenta dos bloques.<b> Por un lado, Oriente, donde Rusia y China, entre otros pa\u00edses, buscan la recuperaci\u00f3n y reivindicaci\u00f3n de un pasado \u201cglorioso\u201d del que se consideran injustamente despojados; y por el otro, Occidente, <\/b>con clases populares que se sienten marginadas mientras asisten a la riqueza creciente de las clases altas en democracias ineficaces. En ambas prosperan la desinformaci\u00f3n y una pol\u00edtica identitaria y emocional.\u00a0<\/p>\n<p class=\"c-leatambien__titulo\"> LEA TAMBI\u00c9N <\/p>\n<p><img decoding=\"async\" alt=\"Andrew Bosworth (izq.), jefe de tecnolog\u00eda de Meta, y Bob McGrew, exdirectivo de OpenAI y Palantir.\" width=\"120\" height=\"120\" loading=\"lazy\" src=\"https:\/\/imagenes.eltiempo.com\/files\/image_120_120\/files\/fp\/uploads\/2025\/08\/16\/68a116e5bd8a8.r_d.774-711.jpeg\" data-full-src=\"https:\/\/www.europesays.com\/es\/wp-content\/uploads\/2025\/08\/68a116e5bd8a8.jpeg\"\/><\/p>\n<p>\u201cLa era de la revancha es el tiempo de la gran hipnosis, en el cual reg\u00edmenes autoritarios y populistas inducen de forma met\u00f3dica un creciente estado de somnolencia del discernimiento en la poblaci\u00f3n\u201d, sostiene Rizzi<b> <\/b>en di\u00e1logo con este diario. <b>\u201cAs\u00ed, las mentiras y las sugestiones tapan a los hechos. <\/b>Y lo hacen con una capilaridad nunca conocida antes gracias a los avances tecnol\u00f3gicos\u201d.\u00a0\u00a0<\/p>\n<p><b>El estilo de Rizzi no es solo el de un l\u00facido analista internacional,<\/b> sino que construye sus argumentos con un gran conocimiento de la literatura, a la que acude para comprender las miserias y las virtudes humanas, as\u00ed como para ahondar en las nociones de libertad y poder.\u00a0\u00a0<\/p>\n<p>Una de las revanchas que se\u00f1ala su libro es la de Oriente: Rusia y China buscan imponerse frente al poder occidental. \u00bfSon estas potencias tan unidas entre ellas?<\/p>\n<p>No es una alianza formal. No tienen un tratado que establezca, por ejemplo, una cl\u00e1usula de mutua defensa. <b>Y hay l\u00edmites en su relaci\u00f3n, aunque ellos hayan declarado p\u00fablicamente que tienen una amistad sin l\u00edmites.<\/b> Pero esto no debe llevarnos a subestimar la importancia de su v\u00ednculo. Hay un episodio clave. Un encuentro que sus l\u00edderes mantuvieron en marzo de 2023 en el que hicieron una declaraci\u00f3n conjunta fundamental: que ellos entienden que democracia y derechos humanos no son valores universales, sino que cada naci\u00f3n tiene derecho a conjugarlos seg\u00fan su propia tradici\u00f3n.\u00a0<\/p>\n<p>Esto debe ser una se\u00f1al de alerta para todo aquel que cree en la democracia y los derechos humanos. Ese d\u00eda, Xi Jinping le dijo a Putin: \u201cAsistimos a cambios nunca vistos en los \u00faltimos 100 a\u00f1os. Y cuando estamos juntos, los lideramos\u201d.\u00a0<\/p>\n<p class=\"c-cuerpo__media__txt\">&#8216;La era de la revancha&#8217;, libro de Andrea Rizzi, publicado en enero de 2025. Foto:Editorial Anagrama.<\/p>\n<p>La segunda revancha que postula es la del nacional populismo, que ha sabido leer la frustraci\u00f3n y desorientaci\u00f3n de los sectores populares en Occidente. \u00bfCu\u00e1l es la alternativa para controlarlo?<\/p>\n<p>El avance de fuerzas nacionalistas y populistas se debe en gran medida a un malestar social que ha alimentado un resentimiento en segmentos amplios de las clases populares y que los populistas han aprovechado h\u00e1bilmente. Auscult\u00e1ndolo primero, espole\u00e1ndolo y cabalg\u00e1ndolo.<b> La alternativa a estas fuerzas debe entender a fondo las causas del malestar. Y estas son m\u00faltiples:<\/b> creo que hay algunos excesos del capitalismo de las \u00faltimas d\u00e9cadas que han contribuido a causar ese malestar, problemas de la globalizaci\u00f3n, de la revoluci\u00f3n tecnol\u00f3gica y un cierto grado de ineficacia de las democracias que ha llegado a ser casi par\u00e1lisis, en algunos casos.\u00a0\u00a0<\/p>\n<p>Se debe plantear una impugnaci\u00f3n radical del modelo anterior.\u00a0Es importante cuidar la cohesi\u00f3n social, porque ha habido una asimetr\u00eda en las \u00faltimas d\u00e9cadas por la cual las clases altas han sabido aprovecharse de este mundo globalizado en plena revoluci\u00f3n tecnol\u00f3gica. Y muchas clases populares no han podido mantener o defender su posici\u00f3n y han perdido empleos manufactureros estables, se han precarizado. Ha habido un desgarro social que ha causado resentimiento. <b>Quiero subrayar un elemento fundamental: la atenci\u00f3n a los sistemas de educaci\u00f3n.<\/b> Son la clave para que cada ciudadano tenga esp\u00edritu cr\u00edtico y la capacidad de discernimiento para moverse en el mundo moderno y entender donde hay manipulaci\u00f3n de las mentes o fake news.\u00a0<\/p>\n<p>Es importante cuidar la cohesi\u00f3n social, porque ha habido una asimetr\u00eda en las \u00faltimas d\u00e9cadas por la cual las clases altas han sabido aprovecharse de este mundo globalizado en plena revoluci\u00f3n tecnol\u00f3gica<\/p>\n<p>Andrea RizziAnalista de asuntos internacionales<\/p>\n<p>Se\u00f1ala en su libro una idea muy interesante: la gran fortaleza de China se debe en gran medida a la acci\u00f3n de Occidente<\/p>\n<p>S\u00ed, Occidente ha favorecido el extraordinario auge econ\u00f3mico de China, incluy\u00e9ndola en el sistema de la Organizaci\u00f3n Mundial del Comercio (OMC) y descuidando algunos aspectos de esa nueva relaci\u00f3n. Esto ha producido algunos efectos colaterales da\u00f1inos en las econom\u00edas industrializadas de Occidente.<b> La entrada de China en la OMC permite un avance econ\u00f3mico probablemente sin parang\u00f3n en la historia de la humanidad.<\/b> Y esto es positivo. Ha sacado a cientos de millones de la pobreza en China y ha permitido a los consumidores del resto del mundo acceder a productos baratos conteniendo la inflaci\u00f3n. Todo esto es bueno. Sin embargo, no se cuidaron algunos aspectos colaterales, como cesiones forzosas de propiedad intelectual aplicadas a las empresas del resto del mundo que quer\u00edan implantarse en el mercado chino.\u00a0<\/p>\n<p class=\"c-leatambien__titulo\"> LEA TAMBI\u00c9N <\/p>\n<p><img decoding=\"async\" alt=\"\u2018Amores materialistas\u2019 est\u00e1 protagonizada por Chris Evans (i), Dakota Johnson (c) y Pedro Pascal (d) y se estren\u00f3 en Colombia el 31 de julio.\" width=\"120\" height=\"120\" loading=\"lazy\" src=\"https:\/\/imagenes.eltiempo.com\/files\/image_120_120\/uploads\/2025\/08\/16\/68a145e989a15.jpeg\" data-full-src=\"https:\/\/www.europesays.com\/es\/wp-content\/uploads\/2025\/08\/68a145e989a15.jpeg\"\/>La revancha supone odio. Lo vemos en los discursos pol\u00edticos. Pero tambi\u00e9n hay una gran polarizaci\u00f3n entre los ciudadanos. \u00bfEstos escenarios fueron construidos por los populismos o son la consecuencia de ellos?\u00a0<\/p>\n<p>Vivimos un tiempo de polarizaci\u00f3n exacerbada. Casi a lo largo y ancho de las democracias del mundo se reproduce este fen\u00f3meno. Creo que los problemas materiales que han generado el malestar no son por s\u00ed mismos los generadores de la polarizaci\u00f3n.<b> Hay un factor esencial en la generaci\u00f3n de la polarizaci\u00f3n y es la acci\u00f3n consciente y deliberada de ciertos actores. <\/b>Giuliano da Empoli los llama los \u201cingenieros del caos\u201d: son la pieza fundamental para entender la polarizaci\u00f3n y han sido capaces de auscultar el malestar. Pero luego lo han utilizado para afianzar sus intereses pol\u00edticos.\u00a0<\/p>\n<p class=\"c-cuerpo__media__txt\">Rizzi se desempe\u00f1a como corresponsal de Asuntos Globales en el diario espa\u00f1ol El Pa\u00eds.\u00a0 Foto:Tomada de X @and_rizzi<\/p>\n<p>\u00bfQui\u00e9nes son \u2018los ingenieros del caos\u2019?<\/p>\n<p>Son un conjunto de figuras con gran conocimiento del dominio digital, con gran conocimiento de las din\u00e1micas de marketing pol\u00edtico y quienes han construido una relaci\u00f3n con l\u00edderes populistas.\u00a0<\/p>\n<p>\u00bfElon Musk?<\/p>\n<p>S\u00ed, desde luego, y Donald Trump y Steve Bannon. Lo es Cambridge Analytica y el Brexit. Lo es Gianroberto Casaleggio y el Movimiento Cinco Estrellas, en Italia, para citar un ejemplo que no es ultranacionalista, porque <b>los \u201cingenieros del caos\u201d no son solo ultranacionalistas. Son culpables de un terrible deterioro del tejido sociopol\u00edtico<\/b> hasta el punto de que nuestras sociedades casi no tienen puentes. Volarlos ha sido muy f\u00e1cil; reconstruirlos va a ser muy dif\u00edcil.\u00a0<\/p>\n<p>\u00bfPuede el presidente Javier Milei ubicar a Argentina en el mapa geopol\u00edtico en un sitio de importancia?<\/p>\n<p>Hoy cada vez se respetan menos reglas e instituciones internacionales y cada vez m\u00e1s cuenta la fuerza bruta. En este nuevo mundo, por lo tanto, quienes tendr\u00e1n protagonismo geopol\u00edtico son los pa\u00edses que disponen de la fuerza bruta. Es as\u00ed de triste. Vivimos una \u00e9poca de potencias desatadas, con instintos, en algunos casos, imperialistas. Acabamos de asistir a una cumbre de la Ot\u00e1n en la que los aliados europeos, con excepci\u00f3n de Espa\u00f1a, se comprometieron a un incremento extraordinario del gasto militar. <b>Lo que hoy cuenta es la fuerza bruta y la fuerza estrat\u00e9gica, que es la fuerza tecnol\u00f3gica y de innovaci\u00f3n. <\/b>En este mundo, pa\u00edses como Argentina, pero muchos otros tambi\u00e9n, como Espa\u00f1a, quedan fuera del protagonismo geopol\u00edtico.\u00a0<\/p>\n<p>Hoy cada vez se respetan menos reglas e instituciones internacionales y cada vez m\u00e1s cuenta la fuerza bruta.<\/p>\n<p>Andrea Rizzi\u00a0Analista de asuntos internacionales\u00a0<\/p>\n<p>\u00bfEs optimista sobre la continuidad de Europa como bloque?<\/p>\n<p>No es f\u00e1cil ser optimistas. Pero eso no significa abandonarnos al derrotismo. Creo que la Uni\u00f3n Europea seguir\u00e1 existiendo. Hay en ella una fuerte conciencia de este cambio de \u00e9poca. Y de que este cambio de \u00e9poca requiere una adaptaci\u00f3n profunda del proyecto com\u00fan europeo, en t\u00e9rminos de una mayor integraci\u00f3n, para evitar ser avasallada en este nuevo mundo de tendencias imperialistas, con potencias desatadas en la defensa de sus intereses. <b>Esto tiene que ver tanto con la fortaleza de partidos nacionalpopulistas dentro del proyecto europeo,<\/b> que obviamente son un freno para esa integraci\u00f3n, pero adem\u00e1s est\u00e1n las fuerzas nominalmente europe\u00edstas aferradas a peque\u00f1os intereses nacionales. Tenemos, por un lado, el monstruo nacionalista y, por el otro, el miope inter\u00e9s nacional.<\/p>\n<p>Espa\u00f1a est\u00e1 inmersa en una crisis pol\u00edtica, de descontento ciudadano, con esc\u00e1ndalos de corrupci\u00f3n. \u00bfCu\u00e1l es la salida a esta crisis que afecta al Gobierno, incapaz de lograr consenso para leyes esenciales, como la de presupuesto?<\/p>\n<p>Espa\u00f1a tiene una situaci\u00f3n dicot\u00f3mica. Tiene una econom\u00eda vibrante, que genera empleos, hay una vida colectiva que prospera. Sin embargo, el sector pol\u00edtico sufre una crisis profund\u00edsima. Si la pregunta es c\u00f3mo me imagino la salida, por supuesto puede haber una reflexi\u00f3n sobre los elementos m\u00e1s inmediatos que podr\u00edan desencadenar una salida: la moci\u00f3n de confianza, la convocatoria de nuevas elecciones, el planteamiento de una moci\u00f3n de censura. Hay distintos caminos. De momento, creo que el Gobierno de Espa\u00f1a est\u00e1 decidido a seguir en el poder, aunque su capacidad de acci\u00f3n est\u00e9 muy limitada. Con lo cual, creo improbable que se produzca cualquiera de esos escenarios en el corto plazo. Pero me gustar\u00eda dar una respuesta que creo m\u00e1s profunda con respecto a la salida. <b>Espa\u00f1a necesita salir de esta espiral de polarizaci\u00f3n venenosa en la que se halla y en la que se hunde. Una espiral por la cual rige un sentimiento de partidismo irracional. Impera el sentimiento del \u201ccierre de filas\u201d, por encima incluso de los valores. <\/b>Hay elementos, sobre todo desde la parte derecha del espectro pol\u00edtico, que han alimentado esta polarizaci\u00f3n, generando un efecto en respuesta, por el cual desde la otra parte tambi\u00e9n se ha generado un efecto de polarizaci\u00f3n. Esto imposibilita hallar soluciones racionales a los problemas pol\u00edticos. Por lo tanto, para m\u00ed la soluci\u00f3n verdadera, al margen de la inmediata, es una rebeli\u00f3n.\u00a0<\/p>\n<p class=\"c-leatambien__titulo\"> LEA TAMBI\u00c9N <\/p>\n<p><img decoding=\"async\" alt=\"Funcionario de Estados Unidos\" width=\"120\" height=\"120\" loading=\"lazy\" src=\"https:\/\/imagenes.eltiempo.com\/files\/image_120_120\/files\/fp\/uploads\/2025\/08\/15\/689fd69a2c21b.r_d.1700-563.jpeg\" data-full-src=\"https:\/\/www.europesays.com\/es\/wp-content\/uploads\/2025\/08\/689fd69a2c21b.jpeg\"\/>\u00bfUna rebeli\u00f3n? \u00bfC\u00f3mo?<\/p>\n<p>Como aquella a la que nos convocan, desde \u00e1mbitos muy distintos, Albert Camus en El hombre rebelde o Italo Calvino con El bar\u00f3n rampante. El protagonista de esta novela, a los doce a\u00f1os, se rebela ante sus padres, que son Ancien R\u00e9gime, representantes de una pol\u00edtica irracional. Le quieren dar de comer caracoles por almuerzo. \u00c9l les dice: \u00abNo, no y no\u201d. Sale por la ventana y se sube a los \u00e1rboles. Pues hay que decir \u201cno, no y no\u201d a esa pol\u00edtica. Y generar una que no sea polarizada y emocional, sino racional. Hay elementos de la defensa de la democracia que son ahora esenciales. Hay que superar la polarizaci\u00f3n emocional para reencauzar a este pa\u00eds en una pol\u00edtica m\u00e1s sana y constructiva.<\/p>\n<p>Sostiene en su ensayo que las redes sociales y la inteligencia artificial suponen herramientas de vigilancia que han minado la democracia. \u00bfDe qu\u00e9 modo?<\/p>\n<p>Las redes sociales nos esp\u00edan, lo sabemos, no somos ingenuos. Podemos y debemos tener una responsabilidad c\u00edvica con las redes. La inteligencia artificial es, por supuesto, una realidad multifac\u00e9tica que aportar\u00e1 grandes beneficios a los seres humanos. Al mismo tiempo entra\u00f1a enormes riesgos, como los socioecon\u00f3micos, en el sentido de que puede provocar una alteraci\u00f3n de los mercados laborales, tal vez contribuyendo a fomentar desigualdades.<b> Las redes pueden tener un papel especialmente da\u00f1ino porque vivimos en un tiempo de batalla cognitiva global, una lucha por las mentes de las personas.<\/b> Y a esos factores se suma el potencial disruptivo enorme de una inteligencia artificial que puede crear contenidos que potencian la capacidad de hipnosis de las personas. Entonces hay que ser consciente de ellos y tratar de responder.\u00a0<\/p>\n<p>\u00bfC\u00f3mo se podr\u00eda ejercer una responsabilidad c\u00edvica?<\/p>\n<p>Esta debe proceder de los poderes p\u00fablicos a trav\u00e9s de una actividad de regulaci\u00f3n, por ejemplo. La Uni\u00f3n Europea ha tomado ya iniciativas en ese sentido con una regulaci\u00f3n pionera sobre inteligencia artificial, as\u00ed como regulaciones sobre servicios digitales. Es fundamental el papel de los medios para, ojal\u00e1, ofrecer narrativas sanas que contribuyan a ayudar a los ciudadanos a conformar un juicio equilibrado sobre las cosas. <b>Sin embargo, creo que no hay que caer en paternalismos: los ciudadanos tambi\u00e9n tienen su propia responsabilidad. <\/b>El poeta italiano Eugenio Montale nos animaba con unos versos, a mi juicio, de una vigencia extraordinaria: \u201cBusca una malla rota en la red \/ que nos oprime, \u00a1salta fuera, huye!\u201d.\u00a0<\/p>\n<p>LAURA VENTURA<\/p>\n<p>Para La Naci\u00f3n (Argentina) \u2013 GDA<\/p>\n<p>Madrid<\/p>\n","protected":false},"excerpt":{"rendered":"Vivimos en una \u00e9poca marcada por la brutalidad, un nuevo orden mundial donde dos bloques antag\u00f3nicos est\u00e1n signados&hellip;\n","protected":false},"author":2,"featured_media":53067,"comment_status":"","ping_status":"","sticky":false,"template":"","format":"standard","meta":{"footnotes":""},"categories":[172],"tags":[224,3008,420,146,147,12976,25,24,225,23,20877,23316],"class_list":{"0":"post-53066","1":"post","2":"type-post","3":"status-publish","4":"format-standard","5":"has-post-thumbnail","7":"category-libros","8":"tag-books","9":"tag-de","10":"tag-en","11":"tag-entertainment","12":"tag-entretenimiento","13":"tag-epoca","14":"tag-es","15":"tag-espana","16":"tag-libros","17":"tag-spain","18":"tag-una","19":"tag-vivimos"},"share_on_mastodon":{"url":"","error":""},"_links":{"self":[{"href":"https:\/\/www.europesays.com\/es\/wp-json\/wp\/v2\/posts\/53066","targetHints":{"allow":["GET"]}}],"collection":[{"href":"https:\/\/www.europesays.com\/es\/wp-json\/wp\/v2\/posts"}],"about":[{"href":"https:\/\/www.europesays.com\/es\/wp-json\/wp\/v2\/types\/post"}],"author":[{"embeddable":true,"href":"https:\/\/www.europesays.com\/es\/wp-json\/wp\/v2\/users\/2"}],"replies":[{"embeddable":true,"href":"https:\/\/www.europesays.com\/es\/wp-json\/wp\/v2\/comments?post=53066"}],"version-history":[{"count":0,"href":"https:\/\/www.europesays.com\/es\/wp-json\/wp\/v2\/posts\/53066\/revisions"}],"wp:featuredmedia":[{"embeddable":true,"href":"https:\/\/www.europesays.com\/es\/wp-json\/wp\/v2\/media\/53067"}],"wp:attachment":[{"href":"https:\/\/www.europesays.com\/es\/wp-json\/wp\/v2\/media?parent=53066"}],"wp:term":[{"taxonomy":"category","embeddable":true,"href":"https:\/\/www.europesays.com\/es\/wp-json\/wp\/v2\/categories?post=53066"},{"taxonomy":"post_tag","embeddable":true,"href":"https:\/\/www.europesays.com\/es\/wp-json\/wp\/v2\/tags?post=53066"}],"curies":[{"name":"wp","href":"https:\/\/api.w.org\/{rel}","templated":true}]}}