{"id":53068,"date":"2025-08-17T07:29:06","date_gmt":"2025-08-17T07:29:06","guid":{"rendered":"https:\/\/www.europesays.com\/es\/53068\/"},"modified":"2025-08-17T07:29:06","modified_gmt":"2025-08-17T07:29:06","slug":"guana-ya-sabe-quien-lo-nomino-priscila-valverde-teme-ser-descubierta-y-admite-no-sabia-si-decirle-shows-famosos","status":"publish","type":"post","link":"https:\/\/www.europesays.com\/es\/53068\/","title":{"rendered":"\u00bfGuana ya sabe qui\u00e9n lo nomin\u00f3? Priscila Valverde teme ser descubierta y admite: \u00abno sab\u00eda si decirle\u00bb | Shows Famosos"},"content":{"rendered":"<p>En la gala del mi\u00e9rcoles pasado, algunos habitantes de <b><a href=\"https:\/\/www.lacasadelosfamososmexico.tv\/\" target=\"_blank\" rel=\"nofollow noopener\">&#8216;La Casa de los Famosos M\u00e9xico&#8217; 2025<\/a><\/b>, como Alexis Ayala, Mar Contreras y Ninel Conde, no se sorprendieron por aparecer en la placa de nominados.<\/p>\n<p>Aunque Shiky se &#8216;sorde\u00f3&#8217; le avis\u00f3 a Priscila que est\u00e1 bajo la mira. Posteriormente entraron los dem\u00e1s habitantes del Cuarto D\u00eda, donde Elaine Haro se acerc\u00f3 a la modelo para platicar sobre ese mismo tema.<\/p>\n<p>Aunque admiti\u00f3 que se sinti\u00f3 extra\u00f1a, <b>no supo si no la hab\u00eda escuchado o era su culpa interna hablando por haberlo nominado<\/b>. La modelo explic\u00f3 que se meti\u00f3 a ba\u00f1ar, se cambi\u00f3 y fue a la cocina, donde estaba nuevamente Guana, con Dal\u00edlah Polanco y Mar Contreras, por lo que las salud\u00f3 y pregunt\u00f3 en qu\u00e9 pod\u00eda ayudar, a lo que el actor nuevamente la ignor\u00f3.<\/p>\n<p>No osbtante, en la primera din\u00e1mica que tuvieron, donde todos modelaron en una pasarela, el distanciamiento fue m\u00e1s evidente. De acuerdo con Priscila, cuando estaban en plena caminata, Guana estaba muy escandaloso por lo que lo empezaron a callar.<\/p>\n<p>Fue ah\u00ed donde el comediante &#8216;solt\u00f3&#8217; la bomba, ya que, seg\u00fan la modelo <b>\u00e9l hab\u00eda dicho que \u00abes horrible porque as\u00ed fue como me enter\u00e9 qui\u00e9n me nomin\u00f3\u00bb<\/b>, a lo que Ninel Conde le pregunt\u00f3 qui\u00e9n hab\u00eda sido y se limit\u00f3 a contestar \u00abya luego lo vas a saber\u00bb, mientras volteaba a ver a Priscila.<\/p>\n<p>La modelo asegur\u00f3 que <b>Guana se enter\u00f3 de qui\u00e9n lo nomin\u00f3 por el p\u00fablico que va a &#8216;La Casa de los Famosos M\u00e9xico&#8217;<\/b> para apoyar a su habitante favorito, sin embargo, ella todav\u00eda titube\u00f3 en decirle la verdad o mantenerse callada.<\/p>\n<p>\u00abJusto le dec\u00eda a &#8216;Cari&#8217; (Shiky) que no sab\u00eda si decirle o no. No s\u00e9 si est\u00e1 enojado\u00bb, dijo Priscila.<\/p>\n<p>Aunque admiti\u00f3 que desconoce si tambi\u00e9n sabe que Elaine lo nomin\u00f3, la modelo coment\u00f3 que tras darse a conocer dicha informaci\u00f3n que s\u00ed quiere hablarle con la verdad y pedirle disculpas por c\u00f3mo se enter\u00f3.<\/p>\n","protected":false},"excerpt":{"rendered":"En la gala del mi\u00e9rcoles pasado, algunos habitantes de &#8216;La Casa de los Famosos M\u00e9xico&#8217; 2025, como Alexis&hellip;\n","protected":false},"author":2,"featured_media":53069,"comment_status":"","ping_status":"","sticky":false,"template":"","format":"standard","meta":{"footnotes":""},"categories":[171],"tags":[146,147,25,24,23317,22497,23,214],"class_list":{"0":"post-53068","1":"post","2":"type-post","3":"status-publish","4":"format-standard","5":"has-post-thumbnail","7":"category-tv","8":"tag-entertainment","9":"tag-entretenimiento","10":"tag-es","11":"tag-espana","12":"tag-guana-nominado-de-la-casa-de-los-famosos-mexico-2025","13":"tag-la-casa-de-los-famosos-mexico-2025","14":"tag-spain","15":"tag-tv"},"share_on_mastodon":{"url":"","error":""},"_links":{"self":[{"href":"https:\/\/www.europesays.com\/es\/wp-json\/wp\/v2\/posts\/53068","targetHints":{"allow":["GET"]}}],"collection":[{"href":"https:\/\/www.europesays.com\/es\/wp-json\/wp\/v2\/posts"}],"about":[{"href":"https:\/\/www.europesays.com\/es\/wp-json\/wp\/v2\/types\/post"}],"author":[{"embeddable":true,"href":"https:\/\/www.europesays.com\/es\/wp-json\/wp\/v2\/users\/2"}],"replies":[{"embeddable":true,"href":"https:\/\/www.europesays.com\/es\/wp-json\/wp\/v2\/comments?post=53068"}],"version-history":[{"count":0,"href":"https:\/\/www.europesays.com\/es\/wp-json\/wp\/v2\/posts\/53068\/revisions"}],"wp:featuredmedia":[{"embeddable":true,"href":"https:\/\/www.europesays.com\/es\/wp-json\/wp\/v2\/media\/53069"}],"wp:attachment":[{"href":"https:\/\/www.europesays.com\/es\/wp-json\/wp\/v2\/media?parent=53068"}],"wp:term":[{"taxonomy":"category","embeddable":true,"href":"https:\/\/www.europesays.com\/es\/wp-json\/wp\/v2\/categories?post=53068"},{"taxonomy":"post_tag","embeddable":true,"href":"https:\/\/www.europesays.com\/es\/wp-json\/wp\/v2\/tags?post=53068"}],"curies":[{"name":"wp","href":"https:\/\/api.w.org\/{rel}","templated":true}]}}