{"id":53070,"date":"2025-08-17T07:31:04","date_gmt":"2025-08-17T07:31:04","guid":{"rendered":"https:\/\/www.europesays.com\/es\/53070\/"},"modified":"2025-08-17T07:31:04","modified_gmt":"2025-08-17T07:31:04","slug":"los-mejores-planes-familiares-para-el-verano","status":"publish","type":"post","link":"https:\/\/www.europesays.com\/es\/53070\/","title":{"rendered":"los mejores planes familiares para el verano"},"content":{"rendered":"<p data-journey-content=\"true\" data-node-id=\"2\" class=\"css-i9p093 emevuu60\">Agosto contin\u00faa con sus altas temperaturas, <strong data-node-id=\"2.1\">pero podemos combatirlas con estos planazos perfectos para disfrutar solos, en pareja, con amigos o familia<\/strong>. Esta semana, en <a href=\"https:\/\/www.diezminutos.es\/diez-minutos-cuida-de-ti\/\" target=\"_blank\" data-vars-ga-outbound-link=\"https:\/\/www.diezminutos.es\/diez-minutos-cuida-de-ti\/\" data-vars-ga-ux-element=\"Hyperlink\" data-vars-ga-call-to-action=\"Diez Minutos Cuida de Ti\" data-node-id=\"2.3\" class=\"body-link css-177bzfx emevuu60\" rel=\"nofollow noopener\">Diez Minutos Cuida de Ti<\/a>, te proponemos que te refugies en el cine con &#8216;Los Mu\u00e9rtimer&#8217;, <strong data-node-id=\"2.5\">una pel\u00edcula de \u00c1lvaro Fern\u00e1ndez Armero y que disfrutar\u00e1n tanto ni\u00f1os como mayores<\/strong>. Adem\u00e1s, disfruta de &#8216;Jurassic World: The Experience&#8217;, ideal para los amantes de la m\u00edtica saga de dinosaurios. Tambi\u00e9n Daniel Diges se va de gira con un musical m\u00edtico, mientras Yllana estrena en Madrid un musical para no parar de bailar.   <\/p>\n<p>Cine: &#8216;Los Mu\u00e9rtimer&#8217;<img draggable=\"true\" alt=\"los muertimer fotograma de la pelicula\" title=\"Los Muertimer\" fetchpriority=\"high\" width=\"3001\" height=\"2000\" decoding=\"async\" data-nimg=\"1\" style=\"color:transparent;width:100%;height:auto;\"   src=\"https:\/\/www.europesays.com\/es\/wp-content\/uploads\/2025\/08\/muertimer-689d9f5110da2.jpg\" class=\"css-0 e1g79fud0\"\/><\/p>\n<p>Unai Mateo<\/p>\n<p data-journey-content=\"true\" data-node-id=\"5\" class=\"css-i9p093 emevuu60\">\u00c1lvaro Fern\u00e1ndez Armero (&#8216;Ocho apellidos marroqu\u00eds&#8217;, &#8216;Si yo fuera rico&#8217;, &#8216;Vergu\u0308enza&#8217;) dirige este relato de misterio, terror y humor basado en la exitosa trilog\u00eda de c\u00f3mics de la joven ilustradora francesa L\u00e9a Maz\u00e9. El filme, rodado durante siete semanas en diversas localizaciones de Vizcaya, <strong data-node-id=\"5.1\">narra la historia de cinco amigos que descubren una trama de robos de joyas en un cementerio sin que ning\u00fan adulto los crea. <\/strong><\/p>\n<p data-journey-content=\"true\" data-node-id=\"6\" class=\"css-i9p093 emevuu60\">La pel\u00edcula, producida por Telecinco Cinema y \u00c1lex de la Iglesia, quiere seguir la estela de cl\u00e1sicos que marcaron a toda una generaci\u00f3n, <strong data-node-id=\"6.1\">como &#8216;Cuenta conmigo&#8217; o &#8216;Los Goonies&#8217;. \u00abLa conexi\u00f3n con el guion fue inmediata<\/strong> y la empat\u00eda, absoluta. Poder hacer cine familiar con tantas capas y manejar unos personajes adolescentes que tienen conflicto y profundidad no es lo m\u00e1s habitual. Adem\u00e1s, utilizar el terror y la aventura con sus buenas dosis de comedia, ha sido un soplo de aire fresco para m\u00ed\u00bb, asegura Fern\u00e1ndez Armero.<strong data-node-id=\"6.3\"> Ojo a los debutantes Diego Montejo e Iratxe Emparan<\/strong>, que salen m\u00e1s que airosos en esta pel\u00edcula. \u00abNos han dejado asombrados con su profesionalidad y talento\u00bb, cuenta el director del filme.<\/p>\n<p><img draggable=\"true\" alt=\"desfiladero de yecla\" title=\"Desfiladero de Yecla\" loading=\"lazy\" width=\"2997\" height=\"2000\" decoding=\"async\" data-nimg=\"1\" style=\"color:transparent;width:100%;height:auto;\"   src=\"https:\/\/www.europesays.com\/es\/wp-content\/uploads\/2025\/08\/desfiladero-de-la-yecla-689d9f825b13f.jpg\" class=\"css-0 e1g79fud0\"\/><\/p>\n<p>CARMEN MINGUEZ<\/p>\n<p>Paisajes de pel\u00edcula <\/p>\n<p data-journey-content=\"true\" data-node-id=\"10\" class=\"css-i9p093 emevuu60\">Hace unos d\u00edas Netflix estren\u00f3 <strong data-node-id=\"10.1\"><a href=\"https:\/\/www.diezminutos.es\/teleprograma\/series-tv\/a65573368\/blanca-suarez-netflix-pelicula-mejor-la-huella-del-mal\/\" target=\"_blank\" data-vars-ga-outbound-link=\"https:\/\/www.diezminutos.es\/teleprograma\/series-tv\/a65573368\/blanca-suarez-netflix-pelicula-mejor-la-huella-del-mal\/\" data-vars-ga-ux-element=\"Hyperlink\" data-vars-ga-call-to-action=\"&#039;La Huella del Mal&#039;, con Blanca Su\u00e1rez\" data-node-id=\"10.1.0\" class=\"body-link css-177bzfx emevuu60\" rel=\"nofollow noopener\">&#8216;La Huella del Mal&#8217;, con Blanca Su\u00e1rez<\/a> y dirigida por Manuel R\u00edos San Mart\u00edn<\/strong>, un thriller rodado en impresionantes localizaciones de la provincia de Burgos. Coincidiendo con su estreno, <strong data-node-id=\"10.3\">Burgos Film Commission ha lanzado una ruta tur\u00edstica <\/strong>que recorre los escenarios reales que aparecen en la cinta, como el impresionante desfiladero de La Yecla (en la imagen). Reserva tu entrada en <a href=\"https:\/\/museoevolucionhumana.com\/es\/informacion-y-reservas\" target=\"_blank\" rel=\"nofollow noopener\" data-vars-ga-outbound-link=\"https:\/\/museoevolucionhumana.com\/es\/informacion-y-reservas\" data-vars-ga-ux-element=\"Hyperlink\" data-vars-ga-call-to-action=\"museoevolucionhumana.com\/es\/ informacion-y-reservas\" data-node-id=\"10.5\" class=\"body-link css-177bzfx emevuu60\">museoevolucionhumana.com\/es\/ informacion-y-reservas<\/a><\/p>\n<p>&#8216;Jurassic World: The Experience&#8217; en Madrid<img draggable=\"true\" alt=\"cartel de 'jurassic world: the experience'\" title=\"'Jurassic World: The Experience'\" loading=\"lazy\" width=\"3000\" height=\"3000\" decoding=\"async\" data-nimg=\"1\" style=\"color:transparent;width:100%;height:auto;\"   src=\"https:\/\/www.europesays.com\/es\/wp-content\/uploads\/2025\/08\/jurassic-world-the-experience-689dafc684164.jpg\" class=\"css-0 e1g79fud0\"\/><\/p>\n<p>Cedida<\/p>\n<p id=\"fiestas-de-grcia-2025\" data-journey-content=\"true\" data-node-id=\"13\" class=\"body-text css-i9p093 emevuu60\">Si eres fan de &#8216;Jurassic World&#8217;, la saga m\u00e1s legendaria del cine, no puedes perderte esta experiencia en el Espacio Ibercaja Delicias de Madrid. Vivir\u00e1s una aventura inolvidable como si estuvieras en la Isla Nublar gracias a dinosaurios de tama\u00f1o real y efectos asombrosos. Pasea entre los gigantes del pasado, sintiendo el aliento del Tyrannosaurus Rex y observando la majestuosidad del Brachiosaurus. Las entradas ya est\u00e1n a la venta en <a href=\"https:\/\/clk.tradedoubler.com\/click?p=354821&amp;a=3281752&amp;epi=dzmes|xid:{xid}&amp;url=https%3A%2F%2Ffeverup.com%2Fm%2F353794\" target=\"_blank\" rel=\"nofollow noopener\" data-vars-ga-outbound-link=\"https:\/\/feverup.com\/m\/353794\" data-vars-ga-ux-element=\"Hyperlink\" data-vars-ga-call-to-action=\"Jurassic World The Experience - Madrid | Fever.\" data-vars-ga-product-id=\"0676b523-29ab-4386-9b2c-ebe631f3a237\" data-node-id=\"13.1\" data-href=\"https:\/\/feverup.com\/m\/353794\" data-product-url=\"https:\/\/feverup.com\/m\/353794\" data-affiliate=\"true\" data-affiliate-url=\"https:\/\/clk.tradedoubler.com\/click?p=354821&amp;a=3281752&amp;epi=dzmes|xid:{xid}&amp;url=https%3A%2F%2Ffeverup.com%2Fm%2F353794\" data-affiliate-network=\"{&quot;site_id&quot;:&quot;b22e688a-7e22-416b-81d8-c6bfbd6717c5&quot;,&quot;metadata&quot;:{&quot;trackonomics&quot;:{&quot;network_name&quot;:&quot;td&quot;}},&quot;network&quot;:{&quot;name&quot;:&quot;Trackonomics&quot;},&quot;product_metadata&quot;:{&quot;b22e688a-7e22-416b-81d8-c6bfbd6717c5&quot;:{&quot;network_name&quot;:&quot;td&quot;,&quot;link&quot;:&quot;https:\/\/clk.tradedoubler.com\/click?p=354821&amp;a=3281752&amp;epi={subid}&amp;url=https%3A%2F%2Ffeverup.com%2Fm%2F353794&quot;}},&quot;afflink_redirect&quot;:&quot;\/_p\/afflink\/xEv5\/feverup-jurassic-world-the-experience-madrid&quot;}\" data-vars-ga-product-price=\"0,00\u00a0$\" data-vars-ga-product-retailer-id=\"a9e5c62b-b6b4-429e-90a8-a00873e283d2\" data-vars-ga-link-treatment=\"(not set) | (not set)\" class=\"body-link product-links css-177bzfx e1aq0z090\">Jurassic World The Experience &#8211; Madrid | Fever.<\/a> <\/p>\n<p>Fiestas de Gr\u00e0cia 2025<img draggable=\"true\" alt=\"las calles del barrio de gracia en barcelona decoradas para sus fiestas\" title=\"Barrio de Gracia en Barcelona\" loading=\"lazy\" width=\"3001\" height=\"2000\" decoding=\"async\" data-nimg=\"1\" style=\"color:transparent;width:100%;height:auto;\"   src=\"https:\/\/www.europesays.com\/es\/wp-content\/uploads\/2025\/08\/gettyimages-2219752644-689d9fe770a6b.jpg\" class=\"css-0 e1g79fud0\"\/><\/p>\n<p>Artur Debat<\/p>\n<p data-journey-content=\"true\" data-node-id=\"16\" class=\"css-i9p093 emevuu60\">Del 15 al 21 de agosto, el popular barrio barcelon\u00e9s celebra sus fiestas <strong data-node-id=\"16.1\">con 23 calles engalanadas por comisiones vecinales<\/strong>, que programan tambi\u00e9n actividades para todos los p\u00fablicos durante una semana entera. M\u00e1s informaci\u00f3n en <a href=\"https:\/\/festamajordegracia.cat\/\" target=\"_blank\" rel=\"nofollow noopener\" data-vars-ga-outbound-link=\"https:\/\/festamajordegracia.cat\/\" data-vars-ga-ux-element=\"Hyperlink\" data-vars-ga-call-to-action=\"Festa Major de Gr\u00e0cia\" data-node-id=\"16.3\" class=\"body-link css-177bzfx emevuu60\">Festa Major de Gr\u00e0cia<\/a><\/p>\n<p>C\u00f3mo combatir el calor<img draggable=\"true\" alt=\"refugio climatico\" title=\"Refugio Climatico\" loading=\"lazy\" width=\"2667\" height=\"2000\" decoding=\"async\" data-nimg=\"1\" style=\"color:transparent;width:100%;height:auto;\"   src=\"https:\/\/www.europesays.com\/es\/wp-content\/uploads\/2025\/08\/refugio-689da077bb01b.jpg\" class=\"css-0 e1g79fud0\"\/><\/p>\n<p>Foto cedida<\/p>\n<p data-journey-content=\"true\" data-node-id=\"19\" class=\"css-i9p093 emevuu60\">Madrid ha habilitado varios espacios que funcionan como refugios clim\u00e1ticos para combatir el calor, ofreciendo lugares frescos y agradables para descansar. Entre ellos destacan el <strong data-node-id=\"19.1\">Sal\u00f3n de Baile del C\u00edrculo de Bellas Artes<\/strong>, que se convierte en un oasis con vegetaci\u00f3n. Adem\u00e1s, otros espacios son el CentroCentro y la Casa del Lector.<\/p>\n<p>Daniel Diges, en &#8216;El fantasma de la \u00f3pera&#8217;<img draggable=\"true\" alt=\"daniel diges caracterizado para el fantasma de la opera\" title=\"Daniel Diges en El fantasma de la opera\" loading=\"lazy\" width=\"2000\" height=\"3001\" decoding=\"async\" data-nimg=\"1\" style=\"color:transparent;width:100%;height:auto;\"   src=\"https:\/\/www.europesays.com\/es\/wp-content\/uploads\/2025\/08\/diges-689da0e8bcd1c.jpg\" class=\"css-0 e1g79fud0\"\/><\/p>\n<p>Foto cedida<\/p>\n<p data-journey-content=\"true\" data-node-id=\"22\" class=\"css-i9p093 emevuu60\">El actor se incorpora a la primera gira de este m\u00edtico musical, que la pasada temporada triunf\u00f3 en Madrid.<strong data-node-id=\"22.1\"> El 28 de agosto, Diges debutar\u00e1 en Cuenca, para luego trasladarse a Valladolid<\/strong> y recalar en Barcelona durante cuatro meses. Mira las fechas y compra las entradas en <a href=\"https:\/\/musicalelfantasmadelaopera.com\/\" target=\"_blank\" rel=\"nofollow noopener\" data-vars-ga-outbound-link=\"https:\/\/musicalelfantasmadelaopera.com\/\" data-vars-ga-ux-element=\"Hyperlink\" data-vars-ga-call-to-action=\"musicalelfantasmadelaopera.com\" data-node-id=\"22.3\" class=\"body-link css-177bzfx emevuu60\">musicalelfantasmadelaopera.com<\/a><\/p>\n<p>Yllana te har\u00e1 bailar<img draggable=\"true\" alt=\"yllana cartel de su espectaculo we love disco\" title=\"Yllana espectaculo We love disco\" loading=\"lazy\" width=\"2000\" height=\"2000\" decoding=\"async\" data-nimg=\"1\" style=\"color:transparent;width:100%;height:auto;\"   src=\"https:\/\/www.europesays.com\/es\/wp-content\/uploads\/2025\/08\/yyana-689da163213b6.jpg\" class=\"css-0 e1g79fud0\"\/><\/p>\n<p>Foto cedida<\/p>\n<p data-journey-content=\"true\" data-node-id=\"25\" class=\"css-i9p093 emevuu60\"><strong data-node-id=\"25.0\">La prestigiosa compa\u00f1\u00eda teatral presenta un espect\u00e1culo que rinde homenaje a los mayores \u00e9xitos de la m\u00fasica disco.<\/strong> Una experiencia discoinmersiva que podr\u00e1 verse en el T<strong data-node-id=\"25.2\">eatro Gran V\u00eda del 19 al 24 de agosto<\/strong>. Podr\u00e1s escuchar una cuidada selecci\u00f3n de \u00e9xitos legendarios de artistas como Gloria Gaynor, Bee Gees, The Jacksons, The Village People, Diana Ross, Donna Summer, David Guetta o Abba. <a href=\"https:\/\/entradas.gruposmedia.com\/\" target=\"_blank\" rel=\"nofollow noopener\" data-vars-ga-outbound-link=\"https:\/\/entradas.gruposmedia.com\/\" data-vars-ga-ux-element=\"Hyperlink\" data-vars-ga-call-to-action=\"entradas.gruposmedia.com\" data-node-id=\"25.4\" class=\"body-link css-177bzfx emevuu60\">entradas.gruposmedia.com<\/a><\/p>\n<p>Cooltural Fest, cuatro d\u00edas de m\u00fasica<img draggable=\"true\" alt=\"los cantantes diego vasallo y mikel erentxun del grupo duncan dhu\" title=\"Duncan Dhu\" loading=\"lazy\" width=\"2904\" height=\"2000\" decoding=\"async\" data-nimg=\"1\" style=\"color:transparent;width:100%;height:auto;\"   src=\"https:\/\/www.europesays.com\/es\/wp-content\/uploads\/2025\/08\/u250802-046-689da1e2ef7c1.jpg\" class=\"css-0 e1g79fud0\"\/><\/p>\n<p>GAT<\/p>\n<p data-journey-content=\"true\" data-node-id=\"28\" class=\"css-i9p093 emevuu60\"><strong data-node-id=\"28.0\">Del 21 al 24 de agosto<\/strong>, Almer\u00eda celebra el Cooltural Fest, que contar\u00e1 con la vuelta de Duncan Dhu (en la imagen) y las actuaciones de Viva Suecia, Love Of Lesbian, Franz Ferdinand, Amaia o Samantha Hudson, entre otras muchas. Toda la informaci\u00f3n en <a href=\"https:\/\/coolturalfest.com\/\" target=\"_blank\" rel=\"nofollow noopener\" data-vars-ga-outbound-link=\"https:\/\/coolturalfest.com\/\" data-vars-ga-ux-element=\"Hyperlink\" data-vars-ga-call-to-action=\"coolturalfest.com \" data-node-id=\"28.2\" class=\"body-link css-177bzfx emevuu60\">coolturalfest.com <\/a><\/p>\n<p><img src=\"https:\/\/www.europesays.com\/es\/wp-content\/uploads\/2025\/08\/1755415864_75_7c4494ec-bc13-4f91-94b8-12db6c2792f4_1684752427.file\" alt=\"Headshot of Mar\u00eda Larrocha\" title=\"Headshot of Mar\u00eda Larrocha\" width=\"100%\" height=\"100%\" decoding=\"async\" loading=\"lazy\" class=\"css-o0wq4v ev8dhu53\"\/><\/p>\n<p>Mar\u00eda Larrocha es experta en cine, m\u00fasica, libros y temas relacionados con ecolog\u00eda y sostenibilidad. Y sobre todo, redactora de noticias del coraz\u00f3n, mundo en el que lleva con mucho orgullo desde 2004. \u00bfQui\u00e9n no se relaja leyendo el d\u00eda a d\u00eda de nuestros famosos? Ahora disfruta escribiendo sobre las \u2018celebrities\u2019 en Diez Minutos, donde tambi\u00e9n te cuenta los planes que no te puedes perder o c\u00f3mo poner nuestro granito de arena para hacer un mundo mejor. \u00a0\u00a0<\/p>\n<p>Licenciada en Ciencias de la Informaci\u00f3n por la Universidad Complutense de Madrid, empez\u00f3 en la secci\u00f3n de Cultura de La Raz\u00f3n, para despu\u00e9s trabajar en la radio, recalar como correctora en El Mundo durante unos meses y marcharse un a\u00f1o a Inglaterra para perfeccionar el ingl\u00e9s. De vuelta a Madrid aterriz\u00f3 en la revista Qu\u00e9 me dices!, d\u00f3nde aprendi\u00f3 que se puede hacer periodismo sin perder el sentido del humor. \u00a0\u00a0<\/p>\n","protected":false},"excerpt":{"rendered":"Agosto contin\u00faa con sus altas temperaturas, pero podemos combatirlas con estos planazos perfectos para disfrutar solos, en pareja,&hellip;\n","protected":false},"author":2,"featured_media":53071,"comment_status":"","ping_status":"","sticky":false,"template":"","format":"standard","meta":{"footnotes":""},"categories":[169],"tags":[177,253,146,147,25,24,176,175,12719,23],"class_list":{"0":"post-53070","1":"post","2":"type-post","3":"status-publish","4":"format-standard","5":"has-post-thumbnail","7":"category-cine","8":"tag-cine","9":"tag-discover","10":"tag-entertainment","11":"tag-entretenimiento","12":"tag-es","13":"tag-espana","14":"tag-film","15":"tag-movies","16":"tag-print","17":"tag-spain"},"share_on_mastodon":{"url":"","error":""},"_links":{"self":[{"href":"https:\/\/www.europesays.com\/es\/wp-json\/wp\/v2\/posts\/53070","targetHints":{"allow":["GET"]}}],"collection":[{"href":"https:\/\/www.europesays.com\/es\/wp-json\/wp\/v2\/posts"}],"about":[{"href":"https:\/\/www.europesays.com\/es\/wp-json\/wp\/v2\/types\/post"}],"author":[{"embeddable":true,"href":"https:\/\/www.europesays.com\/es\/wp-json\/wp\/v2\/users\/2"}],"replies":[{"embeddable":true,"href":"https:\/\/www.europesays.com\/es\/wp-json\/wp\/v2\/comments?post=53070"}],"version-history":[{"count":0,"href":"https:\/\/www.europesays.com\/es\/wp-json\/wp\/v2\/posts\/53070\/revisions"}],"wp:featuredmedia":[{"embeddable":true,"href":"https:\/\/www.europesays.com\/es\/wp-json\/wp\/v2\/media\/53071"}],"wp:attachment":[{"href":"https:\/\/www.europesays.com\/es\/wp-json\/wp\/v2\/media?parent=53070"}],"wp:term":[{"taxonomy":"category","embeddable":true,"href":"https:\/\/www.europesays.com\/es\/wp-json\/wp\/v2\/categories?post=53070"},{"taxonomy":"post_tag","embeddable":true,"href":"https:\/\/www.europesays.com\/es\/wp-json\/wp\/v2\/tags?post=53070"}],"curies":[{"name":"wp","href":"https:\/\/api.w.org\/{rel}","templated":true}]}}