{"id":53074,"date":"2025-08-17T07:33:04","date_gmt":"2025-08-17T07:33:04","guid":{"rendered":"https:\/\/www.europesays.com\/es\/53074\/"},"modified":"2025-08-17T07:33:04","modified_gmt":"2025-08-17T07:33:04","slug":"es-vital-evitar-los-peligros-de-ese-amienemigo-un-dios-con-bisturi","status":"publish","type":"post","link":"https:\/\/www.europesays.com\/es\/53074\/","title":{"rendered":"es vital evitar los peligros de ese \u00abamienemigo\u00bb, un dios con bistur\u00ed"},"content":{"rendered":"<p>En este pa\u00eds adicto a la luz, donde el verano comienza a insinuarse desde mayo con la sensualidad de un cuerpo expuesto al sol, conviene recordar una verdad menos po\u00e9tica: ese amigo dorado que ador\u00e1bamos no es como nos lo contaron. Es, m\u00e1s bien, <b>un amienemigo<\/b>. Lo escuch\u00e9 en una cena, entre copa y confidencia: un t\u00e9rmino perfecto para nombrar a quien queremos cerca, aunque nos haga da\u00f1o. Eso es el sol:<b> un viejo amante que acaricia mientras deja heridas invisibles.<\/b><\/p>\n<p>Durante siglos lo veneramos. <b>La prensa de belleza lo convertimos en un dios<\/b>, lo asociamos al placer, a la belleza, al cuerpo sano y tostado. Pero la piel, que tiene memoria de elefante, guarda rencor. Lo que hoy es bronceado, sabemos que ma\u00f1ana puede ser arruga, mancha o, en el peor de los casos, un lunar traicionero que se transforma en sentencia. No se trata de declararle la guerra. Ser\u00eda rid\u00edculo combatir al astro que permite la vida. Pero s\u00ed es hora de cambiar el culto. Ya <b>no vale la \u00e9pica del cuerpo as\u00e1ndose en la playa<\/b> como si cuanto m\u00e1s quemado, m\u00e1s hermoso. Ese romanticismo solar, digno de una postal de los a\u00f1os ochenta con olor a Nivea, ha caducado. Lo que se exhibe como salud en Instagram puede ser, en realidad, una llamada de auxilio de la epidermis. El sol no avisa. No grita. No duele al momento. Se filtra, se instala, trabaja con paciencia de relojero. Y cuando decide actuar, lo hace con crueldad quir\u00fargica. <\/p>\n<p>                            <img decoding=\"async\" src=\"https:\/\/www.europesays.com\/es\/wp-content\/uploads\/2025\/08\/770x_sol-verano.jpg\" loading=\"lazy\"\/><\/p>\n<p>Cada quemadura puede ser una carta que alg\u00fan d\u00eda llegar\u00e1<\/p>\n<p><b>La radiaci\u00f3n ultravioleta no tiene poes\u00eda<\/b>: es pura qu\u00edmica destructiva que atraviesa la piel como un bistur\u00ed silencioso. Mientras tanto, las playas se llenan de cuerpos brillantes, aceitados, tumbados con fe en una deidad que castiga sin levantar la voz. Todav\u00eda algunos siguen viendo la protecci\u00f3n solar como algo opcional, y evitar exponerse en las horas malas \u2014esas entre las doce y las cinco\u2014 parece de d\u00e9biles o de suecas demasiado prudentes. Aqu\u00ed, <b>el moreno sigue siendo estatus<\/b>: prueba de tiempo libre, de viajes, de deseo satisfecho. Pero la piel no entiende de met\u00e1foras. Registra el da\u00f1o. Y <b>cada quemadura puede ser una carta que alg\u00fan d\u00eda llegar\u00e1<\/b>. Por eso urge dejar de romantizar al sol. No para vivir bajo tierra, sino para mirarlo con el respeto que se merece un dios antiguo. Agradecerle la luz, s\u00ed, pero tambi\u00e9n saber cu\u00e1ndo apartar la mirada. <b>Los dermat\u00f3logos no quieren arruinarnos el verano<\/b>. Solo nos piden sentido com\u00fan. Sombreros, gafas, sombra, crema de amplio espectro, y evitar la sobredosis lum\u00ednica. No es un serm\u00f3n, es un gesto de amor propio. Porque cuidarse del sol no es temerle, sino conocerlo. <b>Amar el verano no es incompatible con protegerse<\/b>. Como todo lo bello que fascina.<\/p>\n<p>                            <img decoding=\"async\" src=\"https:\/\/www.europesays.com\/es\/wp-content\/uploads\/2025\/08\/sol-piel-122.jpg\" loading=\"lazy\"\/><\/p>\n<p>WhatsApp<a href=\"https:\/\/api.whatsapp.com\/send?text=https:\/\/www.eleconomista.es\/salud-bienestar\/noticias\/13444269\/07\/25\/el-sol-no-avisa-pero-teresa-de-la-cierva-si-es-vital-a-importancia-de-evitar-los-peligros-de-ese-amienemigo-un-dios-con-bisturi.html?utm_source%3Dwhatsapp%26utm_medium%3Dshare_button&amp;id=1648118629957_whatsapp\" target=\"_blank\" data-action=\"share\/whatsapp\/share\" aria-label=\"Compartir en Whatsapp\" rel=\"nofollow noopener\"><\/a>Facebook<a id=\"fb-share\" href=\"#\" target=\"_blank\" rel=\"noopener noreferrer\" aria-label=\"Compartir en Facebook\"><\/a>Twitter<a href=\"https:\/\/twitter.com\/share?text=El+Sol+no+avisa+pero+Teresa+de+la+Cierva+s%C3%AD%3A+es+vital+evitar+los+peligros+de+ese+%22amienemigo%22%2C+un+dios+con+bistur%C3%AD&amp;url=https:\/\/www.eleconomista.es\/salud-bienestar\/noticias\/13444269\/07\/25\/el-sol-no-avisa-pero-teresa-de-la-cierva-si-es-vital-a-importancia-de-evitar-los-peligros-de-ese-amienemigo-un-dios-con-bisturi.html&amp;via=elEconomistaes&amp;id=1648118839245_twitter\" target=\"_blank\" aria-label=\"Compartir en Twitter\" rel=\"nofollow noopener\"><\/a>Linkedin<a href=\"https:\/\/linkedin.com\/share?text=https:\/\/www.eleconomista.es\/salud-bienestar\/noticias\/13444269\/07\/25\/el-sol-no-avisa-pero-teresa-de-la-cierva-si-es-vital-a-importancia-de-evitar-los-peligros-de-ese-amienemigo-un-dios-con-bisturi.html&amp;via=elEconomistaes\" target=\"_blank\" aria-label=\"Compartir en linkedin\" rel=\"nofollow noopener\"><\/a>Beloud<a href=\"https:\/\/beloud.com\/share?text=El+Sol+no+avisa+pero+Teresa+de+la+Cierva+s%C3%AD%3A+es+vital+evitar+los+peligros+de+ese+%22amienemigo%22%2C+un+dios+con+bistur%C3%AD&amp;url=https:\/\/www.eleconomista.es\/salud-bienestar\/noticias\/13444269\/07\/25\/el-sol-no-avisa-pero-teresa-de-la-cierva-si-es-vital-a-importancia-de-evitar-los-peligros-de-ese-amienemigo-un-dios-con-bisturi.html&amp;via=elEconomistaes&amp;id=1648118839245_beloud\" target=\"_blank\" aria-label=\"Compartir en beloud\" rel=\"nofollow noopener\"><\/a>Bluesky<a href=\"https:\/\/bsky.app\/intent\/compose?text=https:\/\/bsky.app\/intent\/compose?text=https:\/\/www.eleconomista.es\/salud-bienestar\/noticias\/13444269\/07\/25\/el-sol-no-avisa-pero-teresa-de-la-cierva-si-es-vital-a-importancia-de-evitar-los-peligros-de-ese-amienemigo-un-dios-con-bisturi.html&amp;url=https:\/\/www.eleconomista.es\/salud-bienestar\/noticias\/13444269\/07\/25\/el-sol-no-avisa-pero-teresa-de-la-cierva-si-es-vital-a-importancia-de-evitar-los-peligros-de-ese-amienemigo-un-dios-con-bisturi.html&amp;via=elEconomistaes&amp;id=1648118839245_bluesky\" target=\"_blank\" aria-label=\"Compartir en bluesky\" rel=\"nofollow noopener\"><\/a><\/p>\n<p><script async src=\"https:\/\/platform.twitter.com\/widgets.js\" charset=\"utf-8\"><\/script><\/p>\n","protected":false},"excerpt":{"rendered":"En este pa\u00eds adicto a la luz, donde el verano comienza a insinuarse desde mayo con la sensualidad&hellip;\n","protected":false},"author":2,"featured_media":53075,"comment_status":"","ping_status":"","sticky":false,"template":"","format":"standard","meta":{"footnotes":""},"categories":[92],"tags":[25,24,165,166,4134,23],"class_list":{"0":"post-53074","1":"post","2":"type-post","3":"status-publish","4":"format-standard","5":"has-post-thumbnail","7":"category-salud","8":"tag-es","9":"tag-espana","10":"tag-health","11":"tag-salud","12":"tag-salud-bienestar","13":"tag-spain"},"share_on_mastodon":{"url":"","error":""},"_links":{"self":[{"href":"https:\/\/www.europesays.com\/es\/wp-json\/wp\/v2\/posts\/53074","targetHints":{"allow":["GET"]}}],"collection":[{"href":"https:\/\/www.europesays.com\/es\/wp-json\/wp\/v2\/posts"}],"about":[{"href":"https:\/\/www.europesays.com\/es\/wp-json\/wp\/v2\/types\/post"}],"author":[{"embeddable":true,"href":"https:\/\/www.europesays.com\/es\/wp-json\/wp\/v2\/users\/2"}],"replies":[{"embeddable":true,"href":"https:\/\/www.europesays.com\/es\/wp-json\/wp\/v2\/comments?post=53074"}],"version-history":[{"count":0,"href":"https:\/\/www.europesays.com\/es\/wp-json\/wp\/v2\/posts\/53074\/revisions"}],"wp:featuredmedia":[{"embeddable":true,"href":"https:\/\/www.europesays.com\/es\/wp-json\/wp\/v2\/media\/53075"}],"wp:attachment":[{"href":"https:\/\/www.europesays.com\/es\/wp-json\/wp\/v2\/media?parent=53074"}],"wp:term":[{"taxonomy":"category","embeddable":true,"href":"https:\/\/www.europesays.com\/es\/wp-json\/wp\/v2\/categories?post=53074"},{"taxonomy":"post_tag","embeddable":true,"href":"https:\/\/www.europesays.com\/es\/wp-json\/wp\/v2\/tags?post=53074"}],"curies":[{"name":"wp","href":"https:\/\/api.w.org\/{rel}","templated":true}]}}