{"id":53083,"date":"2025-08-17T07:38:08","date_gmt":"2025-08-17T07:38:08","guid":{"rendered":"https:\/\/www.europesays.com\/es\/53083\/"},"modified":"2025-08-17T07:38:08","modified_gmt":"2025-08-17T07:38:08","slug":"jovenes-que-solo-queman-por-diversion","status":"publish","type":"post","link":"https:\/\/www.europesays.com\/es\/53083\/","title":{"rendered":"j\u00f3venes que s\u00f3lo queman por diversi\u00f3n"},"content":{"rendered":"<p style=\"\"><a href=\"https:\/\/www.abc.es\/espana\/galicia\/guardia-civil-investiga-presunto-autor-incendio-forestal-20250816111805-nt.html\" target=\"_self\" data-voc-vtm-id=\"in-text-traffic\" title=\"En septiembre de 2022, la Guardia Civil detuvo a tres j\u00f3venes, de entre 19 y 29 a\u00f1os\" rel=\"nofollow noopener\">En septiembre de 2022, la Guardia Civil detuvo a tres j\u00f3venes, de entre 19 y 29 a\u00f1os<\/a>, por varios incendios que el a\u00f1o anterior hab\u00edan calcinado miles de hect\u00e1reas en A Pobra de Trives (Orense). <strong>El menor de ellos era brigadista<\/strong>. Cuando, en  &#8230; sede judicial, la fiscal les pregunt\u00f3 por qu\u00e9 lo hab\u00edan hecho, no tuvieron reparos en admitir que s\u00f3lo quer\u00edan divertirse. No fue una an\u00e9cdota. La Fiscal\u00eda de Medio Ambiente est\u00e1 convencida de que<a href=\"https:\/\/www.abc.es\/espana\/galicia\/llamas-continuan-calcinando-galicia-registra-peor-incendio-20250816105737-nt.html\" target=\"_self\" data-voc-vtm-id=\"in-text-traffic\" title=\" un nuevo perfil de incendiarios est\u00e1 asomando en Galicia\" rel=\"nofollow noopener\"> un nuevo perfil de incendiarios est\u00e1 asomando en Galicia<\/a>: <strong>j\u00f3venes, muchos de ellos mujeres, que no queman el monte por intereses econ\u00f3micos, sino por simple maldad.<\/strong><\/p>\n<p class=\"voc-p\" style=\"\">Habr\u00e1 que ver, con el transcurso de las investigaciones, a qu\u00e9 perfil de incendiarios se ajustan los responsables de los principales incendios que este verano azotan Orense. Porque el prototipo tradicional, el de un var\u00f3n, de mediana de edad, vecino de la zona, con un nivel cultural medio-bajo, sin antecedentes penales y variopintas razones para quemar el monte, sigue vigente. <strong>\u00abPero las cosas han cambiado. Ahora, adem\u00e1s de ese perfil, que sigue ah\u00ed, tambi\u00e9n se ve a gente mucho m\u00e1s joven, incluso mujeres\u00bb<\/strong>, asegura a ABC la orensana Carmen Eir\u00f3, fiscal delegada en Galicia de Medio Ambiente.<\/p>\n<p class=\"voc-p\" style=\"\">Por ahora, sin embargo, el \u00fanico detenido por los fuegos que devastan Orense es el supuesto responsable del incendio que en O\u00edmbra ha arrasado m\u00e1s de 8.000 hect\u00e1reas: <strong>un hombre de 46 a\u00f1os al que se le imputan un delito de imprudencia grave<\/strong> y tres m\u00e1s de lesiones graves, porque tres brigadistas resultaron heridos durante la extinci\u00f3n. Estaba trabajando con su tractor pese al riesgo extremo de incendio que hab\u00eda.<\/p>\n<p class=\"voc-p\" style=\"\">Las negligencias y los accidentes, sin embargo, no pasan de originar, sumadas unas y otras, el 20% de los incendios que se registran anualmente en Galicia. Y es que m\u00e1s de la mitad de los fuegos que asolaron los montes gallegos en la \u00faltima d\u00e9cada <strong>fueron intencionados<\/strong>. En concreto, seg\u00fan los datos de la Unidad de Investigaci\u00f3n de Incendios Forestales (UIFO), que depende de la Xunta, en 2024 el 64% de los incendios en Galicia fueron prendidos adrede. Y <strong>apenas el 2% tuvieron su origen en causas naturales<\/strong>. Punto arriba, punto abajo, esa t\u00f3nica se mantiene sistem\u00e1ticamente en cada balance anual, independientemente de si son veranos con m\u00e1s o con menos incendios.<\/p>\n<p class=\"voc-p\" style=\"\">Las investigaciones de los principales focos del verano en Orense a\u00fan est\u00e1n dando los primeros pasos. <a href=\"https:\/\/www.abc.es\/espana\/galicia\/incendio-infinito-vegetacion-polvora-20250816203847-nt.html\" target=\"_self\" data-voc-vtm-id=\"in-text-traffic\" title=\"Con el monte todav\u00eda en llamas, los agentes no han podido lanzarse todav\u00eda a escudri\u00f1ar &#039;in situ&#039; las zonas de origen de los fuegos\" rel=\"nofollow noopener\">Con el monte todav\u00eda en llamas, los agentes no han podido lanzarse todav\u00eda a escudri\u00f1ar &#8216;in situ&#8217; las zonas de origen de los fuegos<\/a>. Pero por sus caracter\u00edsticas, tanto la Fiscal\u00eda de Medio Ambiente como la UIFO <strong>dan por hecho que casi todos fueron incendios intencionados.<\/strong><\/p>\n<p class=\"voc-p\" style=\"\">\u00abSon incendios en zonas de muy dif\u00edcil acceso, que<strong> se prenden de noche cuando las avionetas no pueden volar.<\/strong> Eso lo hace alguien que conoce el monte, alguien que sabe que, si prende, el fuego va a ser descomunal\u00bb, explica la fiscal delegada de Medio Ambiente en Galicia. Aurelio Mosteiro, coordinador de la UIFO, est\u00e1 de acuerdo: \u00abLos provocan estos d\u00edas en condiciones extremas.<strong> Son personas muy conocedoras del terreno, que se desplazan con sigilo, a pie<\/strong>, a zonas de muy dif\u00edcil acceso\u00bb.<\/p>\n<p class=\"voc-p\" style=\"\">M\u00e1s de la mitad de los incendios en Galicia, por tanto, son intencionados. En la provincia de Orense, adem\u00e1s, ese porcentaje suele ser ligeramente mayor que la media gallega. <strong>En 2024, lleg\u00f3 al 72%<\/strong>. Y aunque con la prevenci\u00f3n de unas investigaciones que todav\u00eda est\u00e1n comenzando, todo apunta a que la mayor\u00eda de los grandes fuegos de Orense de este a\u00f1o tambi\u00e9n fueron prendidos adrede. Y es entonces cuando surge la gran pregunta: \u00bfpor qu\u00e9 hay gente que incendia los montes? \u00bfPor qu\u00e9 lo hacen?<\/p>\n<p class=\"voc-p\" style=\"\"><strong>No hay, ni ha habido nunca en Galicia, al menos que la Fiscal\u00eda haya podido acreditar, una trama organizada para abrasar los montes<\/strong>, aunque cada cierto tiempo voces pol\u00edticas sacan del caj\u00f3n el concepto de \u00abterrorismo incendiario\u00bb, como hizo hace unos d\u00edas el l\u00edder del PP, Alberto N\u00fa\u00f1ez Feij\u00f3o, que ya hab\u00eda usado expresiones similares en otras ocasiones como presidente de la Xunta. <strong>Tampoco hay pir\u00f3manos, es decir, personas con patolog\u00edas que les aboquen a provocar incendios.<\/strong> \u00abDesde 2005, en Orense s\u00f3lo he visto uno\u00bb, explica Carmen Eir\u00f3, que desde hace 20 a\u00f1os es la delegada de la Fiscal\u00eda de Medio Ambiente en esa provincia. \u00abY me atrever\u00eda a decir, aunque con precauci\u00f3n, porque no tengo todos los datos, que en el resto de Galicia tampoco ha habido m\u00e1s\u00bb, dice Eir\u00f3, quien sucedi\u00f3 a \u00c1lvaro Garc\u00eda Ortiz como coordinadora auton\u00f3mica de la Fiscal\u00eda de Medio Ambiente cuando, en 2020, el ahora fiscal general del Estado, se traslad\u00f3 a Madrid. <strong>Detr\u00e1s de los incendios es habitual que haya intereses<\/strong>. Pero no por grandes cuestiones econ\u00f3micas o urban\u00edsticas. Son m\u00e1s mundanos. No son tramas organizadas, sino actuaciones solitarias con nocturnidad, alevos\u00eda, un pu\u00f1ado de mecheros y un bid\u00f3n de gasolina. Y siempre protagonizadas por paisanos que conocen bien la zona donde act\u00faan. <strong>Son de all\u00ed.<\/strong><\/p>\n<p class=\"voc-p\" style=\"\">Las motivaciones pueden ser de lo m\u00e1s diversas, explica Aurelio Mosteiro a ABC. A veces son ganaderos que piensan que as\u00ed pueden ahuyentar a los lobos o jabal\u00edes. Otras veces, son disputas vecinales por el uso de pastos. Incluso por simples venganzas. Pero tanto el coordinador de la UIFO como la fiscal de Medio Ambiente <strong>destierran el mito de los intereses madereros, urban\u00edsticos o econ\u00f3micos de cierta envergadura.<\/strong><\/p>\n<p class=\"voc-p\" style=\"\">En definitiva, ni tramas organizadas, ni pir\u00f3manos, patol\u00f3gicamente hablando. S\u00f3lo acciones individuales por motivaciones que, desde fuera, pueden parecer muy peregrinas. O lo que es peor: prender el monte \u00fanicamente por puro vandalismo. <strong>Por llamar la atenci\u00f3n o por maldad.<\/strong><\/p>\n<p class=\"voc-p\" style=\"\">La investigaci\u00f3n lo determinar\u00e1, pero, con las cartas que ahora hay sobre la mesa, la fiscal de Medio Ambiente plantea, aunque con prudencia, la hip\u00f3tesis de que la mayor parte de los grandes fuegos que calcinan el Macizo Central orensano no s\u00f3lo podr\u00edan haber sido ser intencionados, sino prendidos por mero vandalismo.<\/p>\n<p class=\"voc-p\" style=\"\"><strong>\u00abPor la ubicaci\u00f3n del fuego, no veo otra motivaci\u00f3n\u00bb<\/strong>, dice la fiscal, en concreto, sobre el incendio de Chandrexa de Queixa, que, con m\u00e1s de 16.000 hect\u00e1reas afectadas, ya es el mayor de la historia de Galicia desde que hay registros. \u00abAll\u00ed no puedes llevar a pastar al ganado, no es una zona de pastoreo. <strong>M\u00e1s all\u00e1 del simple hecho de prender fuego para hacer da\u00f1o, por vandalismo y para mal, no veo otra raz\u00f3n<\/strong>\u00bb, concluye la fiscal de Medio Ambiente, con la precauci\u00f3n de recordar que, en todo caso, tendr\u00e1 que ser la investigaci\u00f3n la que dictamine la causa de este y de los otros grandes fuegos que sacude la provincia orensana estos d\u00edas.<\/p>\n<p class=\"voc-p\" style=\"\">Habr\u00e1 que ver si los investigadores consiguen identificar qui\u00e9n est\u00e1 detr\u00e1s de los grandes incendios del Macizo Central orensano.<strong> A negligencia apunta el mencionado de O\u00edmbra, que arras\u00f3 m\u00e1s de 10.500 hect\u00e1reas.<\/strong> Y todo parece indicar que otro en tierras orensanas, el de Seixalbo, que devast\u00f3 100 hect\u00e1reas, tiene su origen en un accidente, \u00abuna incidencia con un tren de mercanc\u00edas\u00bb, explica Mosteiro a este diario.<\/p>\n<p class=\"voc-p\" style=\"\"><strong>El resto, al menos la mayor parte, apuntan a fuegos intencionados<\/strong>. Y si la hip\u00f3tesis inicial de la fiscal de Medio Ambiente se confirma, no s\u00f3lo habr\u00edan sido prendidos adrede, sino tal vez por simple divertimento. Y, de ser as\u00ed, \u00bfestar\u00edan protagonizados por ese perfil cl\u00e1sico de incendiario veterano solitario, o por ese nuevo prototipo de joven que lo \u00fanico que busca es una forma macabra de divertirse y llamar la atenci\u00f3n?<\/p>\n<p class=\"voc-p\" style=\"\">S\u00f3lo las pesquisas, de la UIFO, del Seprona de la Guardia Civil, de la Polic\u00eda Nacional o de la Auton\u00f3mica, que son los competentes, podr\u00e1n acabar de perfilar la autor\u00eda de estos incendios. Pero es verdad que echando la vista atr\u00e1s a las \u00faltimas detenciones en Galicia, no s\u00f3lo de este verano, sino de los a\u00f1os inmediatamente anteriores, <strong>muchos se escapan ya del prototipo de var\u00f3n de 30 a 70<\/strong> que prende fuego por alguno de esos intereses particulares antes mencionados.<\/p>\n<p class=\"voc-p\" style=\"\"><strong>\u00abDesde 2022 o 2023, empez\u00f3 a cambiar ese perfil\u00bb<\/strong>, dice la fiscal. Varios detenidos este verano se acercan m\u00e1s al prototipo de los tres j\u00f3venes de Trives aludidos al principio de este reportaje que al perfil tradicional de incendiario veterano. La semana pasada, la Polic\u00eda detuvo a uno de 28 a\u00f1os por intentar prender fuego en el monte de Canibelos, Orense. Le relacionan, adem\u00e1s, con otros fuegos de la comarca. <strong>Y la Guardia Civil investiga a una mujer de 34 a\u00f1os por dos incendios en Laxe (La Coru\u00f1a)<\/strong>. Otros detenidos, en cambio, est\u00e1n m\u00e1s cerca del prototipo de incendiario veterano. El perfil cada vez es m\u00e1s variado<\/p>\n<p class=\"voc-p\" style=\"\">\u00abAhora hay que dejar trabajar a los investigadores\u00bb, destaca Eir\u00f3, en referencia, sobre todo, a los incendios de Orense. <strong>Cuando puedan adentrarse en la zona, deber\u00e1n localizar el punto de inicio del fuego, eso es \u00abclave\u00bb<\/strong>, explica el coordinador de la UIFO. Luego, si confirman la intencionalidad y hallan vestigios, \u00abcomo mecheros o material acelerante\u00bb, hay que indagar c\u00f3mo se accedi\u00f3 al monte. Son los primeros pasos para identificar a los delincuentes que ponen en jaque la vida de personas, de viviendas y de la fauna y flora gallegas. <strong>Y encima, a veces, s\u00f3lo por diversi\u00f3n.<\/strong><\/p>\n","protected":false},"excerpt":{"rendered":"En septiembre de 2022, la Guardia Civil detuvo a tres j\u00f3venes, de entre 19 y 29 a\u00f1os, por&hellip;\n","protected":false},"author":2,"featured_media":53084,"comment_status":"","ping_status":"","sticky":false,"template":"","format":"standard","meta":{"footnotes":""},"categories":[8],"tags":[23324,17,18,9224,25,24,13,14,11,23240,433,19,20,9,10,15,16,524,318,12892,1138,23,12,21,22],"class_list":{"0":"post-53083","1":"post","2":"type-post","3":"status-publish","4":"format-standard","5":"has-post-thumbnail","7":"category-espana","8":"tag-asoma","9":"tag-breaking-news","10":"tag-breakingnews","11":"tag-diversion","12":"tag-es","13":"tag-espana","14":"tag-featured-news","15":"tag-featurednews","16":"tag-headlines","17":"tag-incendiarios","18":"tag-jovenes","19":"tag-latest-news","20":"tag-latestnews","21":"tag-news","22":"tag-noticias","23":"tag-noticias-destacadas","24":"tag-noticiasdestacadas","25":"tag-nuevo","26":"tag-perfil","27":"tag-queman","28":"tag-solo","29":"tag-spain","30":"tag-titulares","31":"tag-ultimas-noticias","32":"tag-ultimasnoticias"},"share_on_mastodon":{"url":"","error":""},"_links":{"self":[{"href":"https:\/\/www.europesays.com\/es\/wp-json\/wp\/v2\/posts\/53083","targetHints":{"allow":["GET"]}}],"collection":[{"href":"https:\/\/www.europesays.com\/es\/wp-json\/wp\/v2\/posts"}],"about":[{"href":"https:\/\/www.europesays.com\/es\/wp-json\/wp\/v2\/types\/post"}],"author":[{"embeddable":true,"href":"https:\/\/www.europesays.com\/es\/wp-json\/wp\/v2\/users\/2"}],"replies":[{"embeddable":true,"href":"https:\/\/www.europesays.com\/es\/wp-json\/wp\/v2\/comments?post=53083"}],"version-history":[{"count":0,"href":"https:\/\/www.europesays.com\/es\/wp-json\/wp\/v2\/posts\/53083\/revisions"}],"wp:featuredmedia":[{"embeddable":true,"href":"https:\/\/www.europesays.com\/es\/wp-json\/wp\/v2\/media\/53084"}],"wp:attachment":[{"href":"https:\/\/www.europesays.com\/es\/wp-json\/wp\/v2\/media?parent=53083"}],"wp:term":[{"taxonomy":"category","embeddable":true,"href":"https:\/\/www.europesays.com\/es\/wp-json\/wp\/v2\/categories?post=53083"},{"taxonomy":"post_tag","embeddable":true,"href":"https:\/\/www.europesays.com\/es\/wp-json\/wp\/v2\/tags?post=53083"}],"curies":[{"name":"wp","href":"https:\/\/api.w.org\/{rel}","templated":true}]}}