{"id":53087,"date":"2025-08-17T07:41:08","date_gmt":"2025-08-17T07:41:08","guid":{"rendered":"https:\/\/www.europesays.com\/es\/53087\/"},"modified":"2025-08-17T07:41:08","modified_gmt":"2025-08-17T07:41:08","slug":"dos-novillos-de-lumbreras-premiados-con-la-vuelta-al-ruedo-en-el-festival-navarretano","status":"publish","type":"post","link":"https:\/\/www.europesays.com\/es\/53087\/","title":{"rendered":"Dos novillos de Lumbreras, premiados con la vuelta al ruedo en el festival navarretano"},"content":{"rendered":"<p><a class=\"v-mdl-ath__fig-a\" href=\"https:\/\/www.larioja.com\/autor\/isabel-virumbrales-6333.html\" title=\"Isabel Virumbrales\" rel=\"nofollow noopener\" target=\"_blank\"><br \/>\n<img decoding=\"async\" class=\"v-mdl-ath__img\" src=\"https:\/\/www.europesays.com\/es\/wp-content\/uploads\/2025\/08\/autor-6333-foto-1.jpeg\" alt=\"Isabel Virumbrales\"\/><br \/>\n<\/a><\/p>\n<p class=\"v-mdl-ath__p v-mdl-ath__p--6\">\nDomingo, 17 de agosto 2025, 09:19<\/p>\n<p class=\"v-p\">Los hermanos \u00c1lvaro y Pablo Lumbreras lidiaron una extraordinaria novillada ayer en Navarrete. Los ejemplares que saltaron al ruedo en tercer y cuarto lugar fueron premiados con la vuelta al ruedo. El cuarto, de nombre Capit\u00e1n, fue un ejemplar excepcional que fue a m\u00e1s y regal\u00f3 embestidas con mucha clase.<\/p>\n<p class=\"v-p\">Le toc\u00f3 en suerte a Hugo Casado, que fall\u00f3 a espadas. Tambi\u00e9n tomaba parte en el cartel Daniel Moset que sum\u00f3 dos orejas en su esport\u00f3n. La pr\u00f3xima novillada que lidiar\u00e1 el hierro riojano ser\u00e1 en la plaza de toros de Aldeanueva de Ebro el pr\u00f3ximo domingo 24 de agosto.<\/p>\n<p class=\"v-p\">La apuesta por la tauromaquia contin\u00faa en Navarrete. Esta tarde, a partir de las las 18.30 horas, llega el turno del festejo popular. Los mejores especialistas del panorama nacional disputar\u00e1n el trofeo &#8216;C\u00e1ntaro de Navarrete&#8217;. Ma\u00f1ana el coso acoger\u00e1 un espect\u00e1culo novedoso en La Rioja. Los aficionados a la tauromaquia popular podr\u00e1n disfrutar del espect\u00e1culo &#8216;Bullfighter&#8217; que recrea la gira estadounidense del mismo nombre. Los asistentes presenciar\u00e1n el valor y las capacidades f\u00edsicas de Daniel Alcal\u00e1, el experto recortador que ha participado en la gira americana.<\/p>\n<p>Comenta<\/p>\n<p>Reporta un error<\/p>\n","protected":false},"excerpt":{"rendered":"Domingo, 17 de agosto 2025, 09:19 Los hermanos \u00c1lvaro y Pablo Lumbreras lidiaron una extraordinaria novillada ayer en&hellip;\n","protected":false},"author":2,"featured_media":53088,"comment_status":"","ping_status":"","sticky":false,"template":"","format":"standard","meta":{"footnotes":""},"categories":[277],"tags":[373,168,1563,25,24,3931,15669,23326,20413,23325,20067,23,167,374,1357],"class_list":{"0":"post-53087","1":"post","2":"type-post","3":"status-publish","4":"format-standard","5":"has-post-thumbnail","7":"category-toreo","8":"tag-bullfighting","9":"tag-deportes","10":"tag-dos","11":"tag-es","12":"tag-espana","13":"tag-festival","14":"tag-lumbreras","15":"tag-navarretano","16":"tag-novillos","17":"tag-premiados","18":"tag-ruedo","19":"tag-spain","20":"tag-sports","21":"tag-toreo","22":"tag-vuelta"},"share_on_mastodon":{"url":"","error":""},"_links":{"self":[{"href":"https:\/\/www.europesays.com\/es\/wp-json\/wp\/v2\/posts\/53087","targetHints":{"allow":["GET"]}}],"collection":[{"href":"https:\/\/www.europesays.com\/es\/wp-json\/wp\/v2\/posts"}],"about":[{"href":"https:\/\/www.europesays.com\/es\/wp-json\/wp\/v2\/types\/post"}],"author":[{"embeddable":true,"href":"https:\/\/www.europesays.com\/es\/wp-json\/wp\/v2\/users\/2"}],"replies":[{"embeddable":true,"href":"https:\/\/www.europesays.com\/es\/wp-json\/wp\/v2\/comments?post=53087"}],"version-history":[{"count":0,"href":"https:\/\/www.europesays.com\/es\/wp-json\/wp\/v2\/posts\/53087\/revisions"}],"wp:featuredmedia":[{"embeddable":true,"href":"https:\/\/www.europesays.com\/es\/wp-json\/wp\/v2\/media\/53088"}],"wp:attachment":[{"href":"https:\/\/www.europesays.com\/es\/wp-json\/wp\/v2\/media?parent=53087"}],"wp:term":[{"taxonomy":"category","embeddable":true,"href":"https:\/\/www.europesays.com\/es\/wp-json\/wp\/v2\/categories?post=53087"},{"taxonomy":"post_tag","embeddable":true,"href":"https:\/\/www.europesays.com\/es\/wp-json\/wp\/v2\/tags?post=53087"}],"curies":[{"name":"wp","href":"https:\/\/api.w.org\/{rel}","templated":true}]}}