{"id":53090,"date":"2025-08-17T07:47:12","date_gmt":"2025-08-17T07:47:12","guid":{"rendered":"https:\/\/www.europesays.com\/es\/53090\/"},"modified":"2025-08-17T07:47:12","modified_gmt":"2025-08-17T07:47:12","slug":"joan-garcia-rashford-y-jofre-torrents-debutan-con-el-barca","status":"publish","type":"post","link":"https:\/\/www.europesays.com\/es\/53090\/","title":{"rendered":"Joan Garcia, Rashford y Jofre Torrents debutan con el Bar\u00e7a"},"content":{"rendered":"<p>Este s\u00e1bado,<strong> Joan Garcia, Marcus Rashford y Jofre Torrents <\/strong>han hecho su debut oficial con el FC Barcelona. El portero lo ha hecho como titular, mientras que el ingl\u00e9s y el joven del filial lo hicieron en el minuto 69. Todos ellos han disputado sus primeros minutos oficiales como futbolistas culers en el Estadio de <strong>Son Moix<\/strong>, en la primera jornada de la Liga 2025\/26, que enfrent\u00f3 al conjunto barcelonista con el Mallorca.<\/p>\n<p>Titular en la pretemporada y en competici\u00f3n oficial<\/p>\n<p data-start=\"880\" data-end=\"1529\">Hansi Flick ha alineado a Joan Garcia por primera vez en un partido oficial. Antes, sin embargo, el portero azulgrana hab\u00eda sido titular en los cuatro amistosos de pretemporada que disput\u00f3 el Bar\u00e7a, tanto en los tres de la gira asi\u00e1tica como en el Trofeo Joan Gamper del pasado domingo. As\u00ed, la etapa de Joan Garcia Pons como defensor de la porter\u00eda cul\u00e9 ya ha comenzado de forma oficial. El Estadio de Son Moix siempre quedar\u00e1 en la memoria del futbolista del Bages como el lugar donde inici\u00f3 su etapa como jugador del FC Barcelona. Ojal\u00e1 sea el primero de muchos partidos, y que el nuevo portero azulgrana d\u00e9 muchas alegr\u00edas m\u00e1s al barcelonismo.<\/p>\n<p><strong data-start=\"1531\" data-end=\"1563\">Rashford, tambi\u00e9n se estrena<\/strong><\/p>\n<p data-start=\"1567\" data-end=\"1962\">Por su parte, Marcus Rashford salt\u00f3 al terreno de juego en el minuto 69. A pesar de los pocos minutos que tuvo, demostr\u00f3 gran intensidad y realiz\u00f3 un trabajo destacable, mostr\u00e1ndose activo en ataque y ayudando al equipo a mantener la presi\u00f3n sobre el rival. Su aportaci\u00f3n, aunque breve, dej\u00f3 buenas sensaciones entre los aficionados, que esperan ver m\u00e1s de su talento en los pr\u00f3ximos partidos.<\/p>\n<p>                <img decoding=\"async\" src=\"https:\/\/www.europesays.com\/es\/wp-content\/uploads\/2025\/08\/_MGA4340.jpg\" alt=\"_MGA4340\" class=\"embeddable-photo__image\"\/><\/p>\n<p><strong data-start=\"1964\" data-end=\"1985\">Un sue\u00f1o cumplido<\/strong><\/p>\n<p data-start=\"1989\" data-end=\"2462\">El partido en Son Moix tambi\u00e9n dej\u00f3 el estreno de un joven talento formado en La Masia: Jofre Torrents. El jugador de la Selva del Camp entr\u00f3 en el minuto 69 para reforzar la banda izquierda, mostrando seguridad y criterio con el bal\u00f3n. Aunque no dispuso de mucho tiempo, mostr\u00f3 un gran compromiso defensivo y aport\u00f3 fluidez en la construcci\u00f3n del juego, dejando buenas sensaciones y demostrando que puede ser una pieza importante para el equipo en los pr\u00f3ximos encuentros.<\/p>\n<p>                <img decoding=\"async\" src=\"https:\/\/www.europesays.com\/es\/wp-content\/uploads\/2025\/08\/_MGA4327.jpg\" alt=\"_MGA4327\" class=\"embeddable-photo__image\"\/><\/p>\n","protected":false},"excerpt":{"rendered":"Este s\u00e1bado, Joan Garcia, Marcus Rashford y Jofre Torrents han hecho su debut oficial con el FC Barcelona.&hellip;\n","protected":false},"author":2,"featured_media":53091,"comment_status":"","ping_status":"","sticky":false,"template":"","format":"standard","meta":{"footnotes":""},"categories":[269],"tags":[299,298,168,25,24,23,167,2288],"class_list":{"0":"post-53090","1":"post","2":"type-post","3":"status-publish","4":"format-standard","5":"has-post-thumbnail","7":"category-baloncesto","8":"tag-baloncesto","9":"tag-basketball","10":"tag-deportes","11":"tag-es","12":"tag-espana","13":"tag-spain","14":"tag-sports","15":"tag-text"},"share_on_mastodon":{"url":"","error":""},"_links":{"self":[{"href":"https:\/\/www.europesays.com\/es\/wp-json\/wp\/v2\/posts\/53090","targetHints":{"allow":["GET"]}}],"collection":[{"href":"https:\/\/www.europesays.com\/es\/wp-json\/wp\/v2\/posts"}],"about":[{"href":"https:\/\/www.europesays.com\/es\/wp-json\/wp\/v2\/types\/post"}],"author":[{"embeddable":true,"href":"https:\/\/www.europesays.com\/es\/wp-json\/wp\/v2\/users\/2"}],"replies":[{"embeddable":true,"href":"https:\/\/www.europesays.com\/es\/wp-json\/wp\/v2\/comments?post=53090"}],"version-history":[{"count":0,"href":"https:\/\/www.europesays.com\/es\/wp-json\/wp\/v2\/posts\/53090\/revisions"}],"wp:featuredmedia":[{"embeddable":true,"href":"https:\/\/www.europesays.com\/es\/wp-json\/wp\/v2\/media\/53091"}],"wp:attachment":[{"href":"https:\/\/www.europesays.com\/es\/wp-json\/wp\/v2\/media?parent=53090"}],"wp:term":[{"taxonomy":"category","embeddable":true,"href":"https:\/\/www.europesays.com\/es\/wp-json\/wp\/v2\/categories?post=53090"},{"taxonomy":"post_tag","embeddable":true,"href":"https:\/\/www.europesays.com\/es\/wp-json\/wp\/v2\/tags?post=53090"}],"curies":[{"name":"wp","href":"https:\/\/api.w.org\/{rel}","templated":true}]}}