{"id":53098,"date":"2025-08-17T07:52:06","date_gmt":"2025-08-17T07:52:06","guid":{"rendered":"https:\/\/www.europesays.com\/es\/53098\/"},"modified":"2025-08-17T07:52:06","modified_gmt":"2025-08-17T07:52:06","slug":"de-ninera-a-presidenta-del-sindicato-mas-poderoso-de-hollywood","status":"publish","type":"post","link":"https:\/\/www.europesays.com\/es\/53098\/","title":{"rendered":"de \u00abni\u00f1era\u00bb a presidenta del sindicato m\u00e1s poderoso de Hollywood"},"content":{"rendered":"<p class=\"c-paragraph\">Cuando a mediados de la d\u00e9cada de los &#8217;90 se encend\u00eda la televisi\u00f3n y se o\u00eda una <b>risa nasal, aguda y contagiosa<\/b>, era imposible no reconocer a Fran Drescher, que convirti\u00f3 su timbre de voz en pr\u00e1cticamente una marca registrada.<\/p>\n<p class=\"c-paragraph\">Alcanz\u00f3 la fama mundial al interpretar a<b> Fran Fine en La ni\u00f1era (The Nanny), una sitcom\u00a0que ella misma hab\u00eda creado<\/b> junto a Peter Marc Jacobson, con quien por entonces estaba casada.<\/p>\n<p class=\"c-paragraph\">La serie, emitida a lo largo de seis a\u00f1os hasta 1999, nos tra\u00eda las peripecias de una mujer de Queens que termina trabajando como ni\u00f1era para una familia adinerada de Manhattan y con cuyo padre (viudo) mantiene la tensi\u00f3n sentimental un episodio tras otro).<\/p>\n<p class=\"c-paragraph\">Entertainment Weekly le reconoci\u00f3 a Drescher el haberse sabido ganar al p\u00fablico con su carisma, su imagen exc\u00e9ntrica, su talento para la comedio y tambi\u00e9n por haber roto moldes al <b>representar con orgullo a una mujer jud\u00eda de clase obrera<\/b>, algo poco habitual en la televisi\u00f3n del momento.<\/p>\n<p class=\"c-paragraph\">Tras The Nanny, Drescher lleg\u00f3 a desaparecer. Protagoniz\u00f3 otras series como Living with Fran o Happily Divorced, esta \u00faltima inspirada en su propio <b>divorcio con Jacobson quien, tras la separaci\u00f3n, sali\u00f3 del armario y se declar\u00f3 abiertamente gay<\/b>, como recogieron medios como la revista People o <a href=\"https:\/\/www.cbsnews.com\/news\/fran-dreschers-ex-husband-peter-marc-jacobson-is-gay-shows-support\/\" target=\"_blank\" rel=\"nofollow noopener\">la CBS<\/a>.<\/p>\n<p class=\"c-paragraph\">Sin embargo, en cuanto a interpretaci\u00f3n, Drescher nunca volvi\u00f3 a alcanzar el \u00e9xito conseguido con La ni\u00f1era.<\/p>\n<p class=\"c-paragraph\">Public\u00f3 varios libros, entre ellos Enter Whining\u00a0(1996, una autobiograf\u00eda) y Cancer Schmancer\u00a0(2002), donde cuenta su experiencia al atravesar un c\u00e1ncer de \u00fatero mal diagnosticado. Esta experiencia, precisamente, la llev\u00f3 a fundar el Cancer Schmancer Movement, una ONG centrada en la detecci\u00f3n temprana y la prevenci\u00f3n del c\u00e1ncer.<\/p>\n<p class=\"c-paragraph\">Desde entonces y en estos \u00faltimos a\u00f1os, la voz de Drescher se ha convertido cada vez m\u00e1s en un t\u00f3tem en diversos frentes. Se presenta en sus redes sociales no solo como actriz, creadora, escritora y directora, sino tambi\u00e9n como ecologista, activista LGTBQ y budista.<\/p>\n<p class=\"c-paragraph\">Es, adem\u00e1s, <b>presidenta del sindicato SAG-AFTRA, que representa a m\u00e1s de 160.000 profesionales de la comunicaci\u00f3n y el entretenimiento<\/b>, como actores, locutores y anfitriones, entre otros. Su papel se volvi\u00f3 m\u00e1s relevante incluso durante la huelga de 2023, en la que <b>su discurso apasionado contra los abusos de los grandes estudios se volvi\u00f3 viral<\/b> y la convirti\u00f3 en un inesperado s\u00edmbolo de lucha sindical.<\/p>\n<p class=\"c-paragraph\">A sus sesenta y siete a\u00f1os, Drescher ha celebrado recientemente sus \u00ab25 a\u00f1os de buena salud\u00bb, con un v\u00eddeo en el que saluda a todos sus seguidores desde Italia y dice sentirse \u00abmuy agradecida\u00bb y continuar con \u00abla pr\u00e1ctica de la superaci\u00f3n personal\u00bb.<\/p>\n","protected":false},"excerpt":{"rendered":"Cuando a mediados de la d\u00e9cada de los &#8217;90 se encend\u00eda la televisi\u00f3n y se o\u00eda una risa&hellip;\n","protected":false},"author":2,"featured_media":53099,"comment_status":"","ping_status":"","sticky":false,"template":"","format":"standard","meta":{"footnotes":""},"categories":[171],"tags":[146,147,25,24,260,1505,23,807,214],"class_list":{"0":"post-53098","1":"post","2":"type-post","3":"status-publish","4":"format-standard","5":"has-post-thumbnail","7":"category-tv","8":"tag-entertainment","9":"tag-entretenimiento","10":"tag-es","11":"tag-espana","12":"tag-gente","13":"tag-hollywood","14":"tag-spain","15":"tag-television","16":"tag-tv"},"share_on_mastodon":{"url":"","error":""},"_links":{"self":[{"href":"https:\/\/www.europesays.com\/es\/wp-json\/wp\/v2\/posts\/53098","targetHints":{"allow":["GET"]}}],"collection":[{"href":"https:\/\/www.europesays.com\/es\/wp-json\/wp\/v2\/posts"}],"about":[{"href":"https:\/\/www.europesays.com\/es\/wp-json\/wp\/v2\/types\/post"}],"author":[{"embeddable":true,"href":"https:\/\/www.europesays.com\/es\/wp-json\/wp\/v2\/users\/2"}],"replies":[{"embeddable":true,"href":"https:\/\/www.europesays.com\/es\/wp-json\/wp\/v2\/comments?post=53098"}],"version-history":[{"count":0,"href":"https:\/\/www.europesays.com\/es\/wp-json\/wp\/v2\/posts\/53098\/revisions"}],"wp:featuredmedia":[{"embeddable":true,"href":"https:\/\/www.europesays.com\/es\/wp-json\/wp\/v2\/media\/53099"}],"wp:attachment":[{"href":"https:\/\/www.europesays.com\/es\/wp-json\/wp\/v2\/media?parent=53098"}],"wp:term":[{"taxonomy":"category","embeddable":true,"href":"https:\/\/www.europesays.com\/es\/wp-json\/wp\/v2\/categories?post=53098"},{"taxonomy":"post_tag","embeddable":true,"href":"https:\/\/www.europesays.com\/es\/wp-json\/wp\/v2\/tags?post=53098"}],"curies":[{"name":"wp","href":"https:\/\/api.w.org\/{rel}","templated":true}]}}