{"id":531042,"date":"2026-05-03T14:11:16","date_gmt":"2026-05-03T14:11:16","guid":{"rendered":"https:\/\/www.europesays.com\/es\/531042\/"},"modified":"2026-05-03T14:11:16","modified_gmt":"2026-05-03T14:11:16","slug":"la-sdl-jugara-el-playout-ante-el-castellon-b-el-estepona-o-el-real-madrid-c","status":"publish","type":"post","link":"https:\/\/www.europesays.com\/es\/531042\/","title":{"rendered":"La SDL jugar\u00e1 el &#8216;playout&#8217; ante el Castell\u00f3n B, el Estepona o el Real Madrid C"},"content":{"rendered":"<p><a href=\"#\" onclick=\"window.open('https:\/\/www.facebook.com\/sharer.php?u=https:\/\/nuevecuatrouno.com\/2026\/05\/03\/deportes-segunda-federacion-jugara-playout-castellonb-estepona-real-madridc\/&amp;t=La SDL jugar\u00e1 el \u2018playout\u2019 ante el Castell\u00f3n B, el Estepona o el Real Madrid C', 'facebookShare', 'width=626,height=436'); return false;\" title=\"Facebook\"><\/p>\n<p>COMPARTE<\/p>\n<p><\/a><br \/>\n<a href=\"#\" onclick=\"window.open('https:\/\/x.com\/share?text=La SDL jugar\u00e1 el \u2018playout\u2019 ante el Castell\u00f3n B, el Estepona o el Real Madrid C -&amp;url=https:\/\/nuevecuatrouno.com\/2026\/05\/03\/deportes-segunda-federacion-jugara-playout-castellonb-estepona-real-madridc\/', 'twitterShare', 'width=626,height=436'); return false;\" title=\"X\"><img decoding=\"async\" src=\"https:\/\/www.europesays.com\/es\/wp-content\/uploads\/2026\/04\/x-twitter-art.png\" style=\"padding-top: 6px;\"\/>POSTEA<\/a><br \/>\n<a href=\"whatsapp:\/\/send?text=La SDL jugar\u00e1 el \u2018playout\u2019 ante el Castell\u00f3n B, el Estepona o el Real Madrid C https:\/\/nuevecuatrouno.com\/2026\/05\/03\/deportes-segunda-federacion-jugara-playout-castellonb-estepona-real-madridc\/\" rel=\"nofollow\"><\/p>\n<p>WHATSAPP<\/p>\n<p><\/a><br \/>\n<a href=\"http:\/\/nuevecuatrouno.com\/cdn-cgi\/l\/email-protection#350a4640575f50564108795415667179155f40525447f6941550591513160d0704030e4559544c5a404113160d0704020e15545b41501550591576544641505959f6865b1577191550591570464150455a5b54155a155059156750545915785451475c511576135458450e777a716c08f78a6440f69c15435c51540a157d5015435c46415a155046415015544741f6985640595a15505b155b4050435056405441475a405b5a1b565a58154c155647505a15444050154150154540505150155c5b415047504654470f155d414145460f1a1a5b4050435056405441475a405b5a1b565a581a070507031a05001a05061a5150455a4741504618465052405b515418535051504754565c5a5b185f4052544754184559544c5a404118565446415059595a5b571850464150455a5b54184750545918585451475c51561a\" rel=\"nofollow noopener\" target=\"_blank\"><\/p>\n<p>Email<\/p>\n<p><\/a><\/p>\n<p>La SD Logro\u00f1\u00e9s seguir\u00e1 luchando por mantener la Segunda Federaci\u00f3n. Pese a su derrota ante el Tudelano (0-1, gol de Lorenzo), la derrota del Ejea en el campo del Basconia (5-1) clasifica a los riojanos hacia el \u2018playout\u2019 (37 puntos), por los 35 con los que terminan los aragoneses, superados finalmente por un Beasain que ya hab\u00eda descendido (36). Ma\u00f1ana muy lluviosa en Las Gaunas, con la presencia de medio millar de aficionados en las gradas, casi todos resguardados de la lluvia.<\/p>\n<p>Tras este desenlace, la Sociedad se jugar\u00e1 su permanencia en una promoci\u00f3n a doble partido: el 9 y 10 de mayo se disputar\u00e1 la ida y el 16-17, la vuelta (el azar determinar\u00e1 qu\u00e9 encuentro se disputar\u00e1 en Las Gaunas). Los blanquirrojos participan en esta eliminatoria como uno de los cuatro peores decimoterceros y por tanto, se medir\u00e1n a uno de estos tres posibles rivales: el Castell\u00f3n B (Grupo III),\u00a0 el Atl\u00e9tico Estepona (M\u00e1laga, Grupo IV) y el Real Madrid C (Grupo V). Si los de Albert Aguil\u00e1 vencen, se quedar\u00e1n en la categor\u00eda y si la pierden, bajar\u00e1n a Tercera. Habr\u00e1 sorteo puro y en caso de empate tras la pr\u00f3rroga, el drama terminar\u00e1 a penaltis.<\/p>\n<p>As\u00ed, la puntuaci\u00f3n de los decimoterceros ha quedado de la siguiente forma. Por un lado, el Valladolid Promesas (45 puntos, Grupo I) se ha librado del \u2018playout\u2019 al ganar en puntuaci\u00f3n, mientras los cuatro peores en dicho puesto han sido: el Estepona (44 puntos, Grupo IV), el Castell\u00f3n B (42 puntos, Grupo III), el Real Madrid C (40 puntos, Grupo V) y la SD Logro\u00f1\u00e9s (37 puntos, Grupo II). Es la \u00faltima luz, la \u00faltima oportunidad para evitar la zozobra en un curso realmente complicado.<\/p>\n<p>Dos filiales y un desplazamiento largo<\/p>\n<p>De la terna de oponentes para los blanquirrojos, ninguno ser\u00e1 un rival c\u00f3modo. Por un lado, el filial \u2018orellut\u2019, con un desplazamiento de casi 500 kil\u00f3metros. Otro viaje posible es a Valdebebas, ante el segundo filial madridista, donde milita, por ejemplo, el ex blanquirrojo Manex Rezola. Y por \u00faltimo, la tercera opci\u00f3n es un viaje a M\u00e1laga, hasta el campo del Estepona, de m\u00e1s de 900 kil\u00f3metros.<\/p>\n<p>\u00a0<\/p>\n<p><img decoding=\"async\" src=\"https:\/\/www.europesays.com\/es\/wp-content\/uploads\/2026\/04\/cabecera-nuevecuatrouno-2026.png\"\/><\/p>\n","protected":false},"excerpt":{"rendered":"COMPARTE POSTEA WHATSAPP Email La SD Logro\u00f1\u00e9s seguir\u00e1 luchando por mantener la Segunda Federaci\u00f3n. Pese a su derrota&hellip;\n","protected":false},"author":2,"featured_media":531043,"comment_status":"","ping_status":"","sticky":false,"template":"","format":"standard","meta":{"footnotes":""},"categories":[268],"tags":[808,168,25,24,280,282,104352,16145,281,23,167],"class_list":["post-531042","post","type-post","status-publish","format-standard","has-post-thumbnail","category-futbol","tag-ahora","tag-deportes","tag-es","tag-espana","tag-football","tag-futbol","tag-sd-logrones","tag-segunda-federacion","tag-soccer","tag-spain","tag-sports"],"share_on_mastodon":{"url":"https:\/\/pubeurope.com\/@es\/116511054068585796","error":""},"_links":{"self":[{"href":"https:\/\/www.europesays.com\/es\/wp-json\/wp\/v2\/posts\/531042","targetHints":{"allow":["GET"]}}],"collection":[{"href":"https:\/\/www.europesays.com\/es\/wp-json\/wp\/v2\/posts"}],"about":[{"href":"https:\/\/www.europesays.com\/es\/wp-json\/wp\/v2\/types\/post"}],"author":[{"embeddable":true,"href":"https:\/\/www.europesays.com\/es\/wp-json\/wp\/v2\/users\/2"}],"replies":[{"embeddable":true,"href":"https:\/\/www.europesays.com\/es\/wp-json\/wp\/v2\/comments?post=531042"}],"version-history":[{"count":0,"href":"https:\/\/www.europesays.com\/es\/wp-json\/wp\/v2\/posts\/531042\/revisions"}],"wp:featuredmedia":[{"embeddable":true,"href":"https:\/\/www.europesays.com\/es\/wp-json\/wp\/v2\/media\/531043"}],"wp:attachment":[{"href":"https:\/\/www.europesays.com\/es\/wp-json\/wp\/v2\/media?parent=531042"}],"wp:term":[{"taxonomy":"category","embeddable":true,"href":"https:\/\/www.europesays.com\/es\/wp-json\/wp\/v2\/categories?post=531042"},{"taxonomy":"post_tag","embeddable":true,"href":"https:\/\/www.europesays.com\/es\/wp-json\/wp\/v2\/tags?post=531042"}],"curies":[{"name":"wp","href":"https:\/\/api.w.org\/{rel}","templated":true}]}}