{"id":531098,"date":"2026-05-03T14:47:12","date_gmt":"2026-05-03T14:47:12","guid":{"rendered":"https:\/\/www.europesays.com\/es\/531098\/"},"modified":"2026-05-03T14:47:12","modified_gmt":"2026-05-03T14:47:12","slug":"vuelos-desviados-y-retrasos-importantes-en-el-aeropuerto-de-palma-por-el-mal-tiempo","status":"publish","type":"post","link":"https:\/\/www.europesays.com\/es\/531098\/","title":{"rendered":"Vuelos desviados y retrasos \u00abimportantes\u00bb en el aeropuerto de Palma por el mal tiempo"},"content":{"rendered":"<p>La <a title=\"La tormenta ya descarga sobre Mallorca: toda la Isla en alerta\" href=\"https:\/\/www.ultimahora.es\/noticias\/local\/2026\/05\/03\/2621645\/tormenta-descarga-sobre-mallorca-toda-isla-alerta.html?utm_source=Related&amp;utm_medium=internal\" data-model=\"Noticia\" data-value=\"2621645\" rel=\"nofollow noopener\" target=\"_blank\">tormenta que ha descargado este domingo por la ma\u00f1ana sobre Mallorca<\/a> ha obligado a <strong>desviar 13 vuelos y ha ocasionado retrasos \u00abimportantes\u00bb en el <a href=\"https:\/\/www.ultimahora.es\/etiqueta\/Aeropuerto+de+Palma.html?utm_source=Inline-tag&amp;utm_medium=internal\" rel=\"nofollow noopener\" target=\"_blank\">aeropuerto de Palma<\/a><\/strong>, seg\u00fan han informado los controladores a\u00e9reos en su perfil de X. \u00abContin\u00faa el desfile de desv\u00edos a aeropuertos alternativos ante la imposibilidad de aterrizar\u00bb, expresaban a media ma\u00f1ana las citadas fuentes. Adem\u00e1s, justificado que estas medidas de regulaci\u00f3n del tr\u00e1fico a\u00e9reo se estaban tomando para garantizar la seguridad. El momento m\u00e1s cr\u00edtico ha tenido lugar entre las 10:00 y las 10:40 horas, cuando s\u00f3lo ha podido operar cuatro vuelos.<\/p>\n<p>Los controladores a\u00e9reos tambi\u00e9n han advertido que \u00ab<strong>muchas demoras se arrastrar\u00e1n ya durante buena parte del d\u00eda<\/strong>\u00bb. As\u00ed lo han confirmado desde <a href=\"https:\/\/www.ultimahora.es\/etiqueta\/AENA.html?utm_source=Inline-tag&amp;utm_medium=internal\" rel=\"nofollow noopener\" target=\"_blank\">Aena<\/a>; al tiempo que han resaltado que poco a poco se intenta recuperar la normalidad. Aunque a mediod\u00eda de este domingo ya se opera con normalidad, \u00abhay retrasos generalizados\u00bb.<\/p>\n<p>Adem\u00e1s, han resaltado que este 3 de mayo se prev\u00e9n <strong>902 vuelos<\/strong>, es decir, un volumen muy elevado, por lo que recuperar la normalidad requerir\u00e1 m\u00e1s tiempo. Cabe precisar que este 3 de mayo finaliza el Puede del D\u00eda de los Trabajadores; adem\u00e1s, ya ha comenzado la temporada alta. Todo ello, hace que la actividad sea m\u00e1s elevada.<\/p>\n<p>Toda Mallorca, en alerta<\/p>\n<p>Es importante tener en cuenta que toda la Isla ha estado en <strong>alerta amarilla<\/strong> este domingo, 3 de mayo, hasta las 14:00 horas. Pese a ser una \u00e9poca en la que lo habitual es que luzca el sol, esta ma\u00f1ana el cielo est\u00e1 cubierto de nubes muy oscuras, en las que aparecen algunos rayos; tambi\u00e9n hay truenos y a primera hora de esta ma\u00f1ana llueve con intensidad.<\/p>\n<p>Por su parte, Emerg\u00e8ncies 112 ha activado el <strong>Plan Meteobal per meteorolog\u00eda adversa<\/strong> en toda Mallorca; cabe precisar que tambi\u00e9n se encuentra en vigor en el resto de islas. Por ello, el citado organismo pide precauci\u00f3n a la poblaci\u00f3n y recuerda que aquellas personas que necesiten ayuda pueden llamar al 112.<\/p>\n<blockquote class=\"twitter-tweet\"><p>&#13;<\/p>\n<p>\u26a0\ufe0f Actualitzaci\u00f3 de les alertes del Pla <a href=\"https:\/\/twitter.com\/hashtag\/Meteobal?src=hash&amp;ref_src=twsrc%5Etfw\" rel=\"nofollow noopener\" target=\"_blank\">#Meteobal<\/a> per meteorologia adversa<\/p>\n<p>&#13;<\/p>\n<p>\ud83d\udfe1 Activada l\u2019alerta groga (IG-0) per pluges i tempestes \u2614\ufe0f\u26c8\ufe0f a totes les Illes Balears<\/p>\n<p>&#13;<\/p>\n<p>Us demanam precauci\u00f3 durant les pr\u00f2ximes hores, que seguiu els nostres consells i que telefoneu al 112 \ud83d\udcde en cas\u2026 <a href=\"https:\/\/t.co\/R1PazNdR60\" rel=\"nofollow\">pic.twitter.com\/R1PazNdR60<\/a><\/p>\n<p>&#13;<br \/>\n\u2014 Emerg\u00e8ncies 112 Illes Balears (@Emergencies_112) <a href=\"https:\/\/twitter.com\/Emergencies_112\/status\/2050612637428224208?ref_src=twsrc%5Etfw\" rel=\"nofollow noopener\" target=\"_blank\">May 2, 2026<\/a>\n<\/p><\/blockquote>\n<p>La predicci\u00f3n de la Aemet para este 3 de mayo tambi\u00e9n anuncia temperaturas con pocos cambios, por lo que las <strong>m\u00e1ximas oscilar\u00e1n entre los 20\u00ba y los 25\u00ba<\/strong>. Por tanto, en algunas zonas ser\u00e1n m\u00e1s elevadas de lo que corresponde en esta \u00e9poca del a\u00f1o, que son 21\u00ba. Adem\u00e1s, el viento soplar\u00e1 entre flojo y moderado de componente este girando a componente sur flojo con brisas costeras por la tarde.<\/p>\n<p>                        <script async src=\"https:\/\/platform.twitter.com\/widgets.js\" charset=\"utf-8\"><\/script><\/p>\n","protected":false},"excerpt":{"rendered":"La tormenta que ha descargado este domingo por la ma\u00f1ana sobre Mallorca ha obligado a desviar 13 vuelos&hellip;\n","protected":false},"author":2,"featured_media":531099,"comment_status":"","ping_status":"","sticky":false,"template":"","format":"standard","meta":{"footnotes":""},"categories":[8],"tags":[104354,1162,20035,17,18,35408,25,24,13,14,11,19,20,2552,35409,9,10,15,16,2553,2554,23,12,1529,21,22],"class_list":["post-531098","post","type-post","status-publish","format-standard","has-post-thumbnail","category-espana","tag-aemet-baleares","tag-aena","tag-aeropuerto-de-palma","tag-breaking-news","tag-breakingnews","tag-el-tiempo-en-mallorca","tag-es","tag-espana","tag-featured-news","tag-featurednews","tag-headlines","tag-latest-news","tag-latestnews","tag-local","tag-meteorologia-en-mallorca","tag-news","tag-noticias","tag-noticias-destacadas","tag-noticiasdestacadas","tag-palma","tag-palma-de-mallorca","tag-spain","tag-titulares","tag-ultima-hora","tag-ultimas-noticias","tag-ultimasnoticias"],"share_on_mastodon":{"url":"https:\/\/pubeurope.com\/@es\/116511194980908457","error":""},"_links":{"self":[{"href":"https:\/\/www.europesays.com\/es\/wp-json\/wp\/v2\/posts\/531098","targetHints":{"allow":["GET"]}}],"collection":[{"href":"https:\/\/www.europesays.com\/es\/wp-json\/wp\/v2\/posts"}],"about":[{"href":"https:\/\/www.europesays.com\/es\/wp-json\/wp\/v2\/types\/post"}],"author":[{"embeddable":true,"href":"https:\/\/www.europesays.com\/es\/wp-json\/wp\/v2\/users\/2"}],"replies":[{"embeddable":true,"href":"https:\/\/www.europesays.com\/es\/wp-json\/wp\/v2\/comments?post=531098"}],"version-history":[{"count":0,"href":"https:\/\/www.europesays.com\/es\/wp-json\/wp\/v2\/posts\/531098\/revisions"}],"wp:featuredmedia":[{"embeddable":true,"href":"https:\/\/www.europesays.com\/es\/wp-json\/wp\/v2\/media\/531099"}],"wp:attachment":[{"href":"https:\/\/www.europesays.com\/es\/wp-json\/wp\/v2\/media?parent=531098"}],"wp:term":[{"taxonomy":"category","embeddable":true,"href":"https:\/\/www.europesays.com\/es\/wp-json\/wp\/v2\/categories?post=531098"},{"taxonomy":"post_tag","embeddable":true,"href":"https:\/\/www.europesays.com\/es\/wp-json\/wp\/v2\/tags?post=531098"}],"curies":[{"name":"wp","href":"https:\/\/api.w.org\/{rel}","templated":true}]}}